{"id":142163,"date":"2026-04-18T13:25:00","date_gmt":"2026-04-18T13:25:00","guid":{"rendered":"https:\/\/joelaybar.com\/wp\/2026\/04\/18\/inundaciones-recientes-desatan-drama-humano-en-montellano-2\/"},"modified":"2026-04-18T13:25:00","modified_gmt":"2026-04-18T13:25:00","slug":"inundaciones-recientes-desatan-drama-humano-en-montellano-2","status":"publish","type":"post","link":"http:\/\/joelaybar.com\/wp\/2026\/04\/18\/inundaciones-recientes-desatan-drama-humano-en-montellano-2\/","title":{"rendered":"Inundaciones recientes desatan drama humano en Montellano"},"content":{"rendered":"<p>A una semana de las <strong>inundaciones<\/strong> provocadas por el desborde del <strong>r\u00edo Cam\u00fa<\/strong>, el drama humano contin\u00faa golpeando con fuerza a cientos de familias del <strong>municipio Montellano<\/strong>, provincia Puerto Plata, especialmente en el <strong>sector El Sam\u00e1n<\/strong>, donde el agua irrumpi\u00f3 en las viviendas y arras\u00f3 con ajuares, electrodom\u00e9sticos y medios de subsistencia.<\/p>\n<p>En este sector, las escenas siguen siendo desoladoras. <strong>Casas h\u00famedas<\/strong>, colchones inservibles, electrodom\u00e9sticos da\u00f1ados y familias duermen en el suelo reflejan la magnitud del impacto.\u00a0<\/p>\n<p>El <strong>lodo<\/strong> est\u00e1 por todos lados, los afectados aseguran que, pese a los <strong>operativos de asistencia<\/strong>, muchos <strong>no han recibido ayuda<\/strong>.<\/p>\n<div class=\"w-full pt-2 float-left inside-related\">    <span class=\"border-b border-black pb-3 mb-4 block\"><strong>RELACIONADAS<\/strong><\/span>                                \n<div class=\"xl:w-2\/12 w-4\/12\">                                                                        <a href=\"https:\/\/www.diariolibre.com\/planeta\/clima\/2026\/04\/11\/clima-en-rd-aguacero-provocan-inundaciones-urbanas-en-el-cibao\/3499197?utm_source=relacionadas&amp;utm_medium=nota&amp;utm_campaign=relacionadas\" title=\"                                                                                                                            \">                                                                                                                            <\/a>                                                            <\/div>\n<div class=\"xl:w-10\/12 w-8\/12 pl-3\">\n<div class=\"text-md mb-2 meta\">                        <a href=\"https:\/\/www.diariolibre.com\/planeta\/clima\" title=\"Clima\">Clima<\/a>                    <\/div>\n<h2><a href=\"https:\/\/www.diariolibre.com\/planeta\/clima\/2026\/04\/11\/clima-en-rd-aguacero-provocan-inundaciones-urbanas-en-el-cibao\/3499197?utm_source=relacionadas&amp;utm_medium=nota&amp;utm_campaign=relacionadas\" title=\"Aguaceros provocan crecidas de r\u00edos e inundaciones urbanas en varias provincias del Cibao\">Aguaceros provocan crecidas de r\u00edos e inundaciones urbanas en varias provincias del Cibao<\/a><\/h2>\n<\/div>\n<\/div>\n<p>\u201cAqu\u00ed la situaci\u00f3n es muy cr\u00edtica porque el <strong>r\u00edo se meti\u00f3<\/strong> con fuerza en todas las casas, pero lamentablemente la mayor\u00eda de la ayuda se la llevan para otros lugares. Creen que aqu\u00ed no nos afect\u00f3 tanto, pero no es as\u00ed\u201d, relat\u00f3 \u00a0<strong>Jordania Sena Batista,\u00a0<\/strong>una de las afectadas.<\/p>\n<p>La mujer explic\u00f3 que perdi\u00f3 pr\u00e1cticamente todos sus enseres del hogar. \u201cSe moj\u00f3 la cama, la nevera, la lavadora, el televisor\u2026 todo. Tengo una <strong>ni\u00f1a de 10 meses<\/strong> y tuve que salir con ella en brazos en medio del agua. Soy viuda, <strong>no tengo ingresos<\/strong> y ahora mismo no tengo ni estufa ni nevera\u201d, expres\u00f3.<\/p>\n<p>Otro afectado narr\u00f3 que el agua lo sorprendi\u00f3 sin tiempo para reaccionar. \u201c<strong>Tengo un peque\u00f1o colmadito que se me perdi\u00f3 completo<\/strong>. La nevera, la cama, todo se da\u00f1\u00f3. El agua me lleg\u00f3 a la mitad. Aqu\u00ed se han olvidado de esta comunidad porque dicen que viven haitianos, pero somos seres humanos y estamos durmiendo en el suelo\u201d, denunci\u00f3.<\/p>\n<p>La situaci\u00f3n tambi\u00e9n afecta a personas vulnerables, como <strong>Petronila<\/strong>, una mujer con <strong>discapacidad visual<\/strong> y problemas de salud. \u201cNo tengo cama, ni comedor, ni nevera, ni estufa, ni lavadora. Soy diab\u00e9tica, estoy ciega y necesito una pensi\u00f3n. Lo perd\u00ed todo y necesito ayuda\u201d, manifest\u00f3.<\/p>\n<h2><strong>M\u00e1s de 4 mil<\/strong> afectados por las lluvias en Montellano\u00a0<\/h2>\n<p>Adem\u00e1s de El Sam\u00e1n, otros sectores del <strong>municipio Montellano<\/strong> tambi\u00e9n resultaron afectados por las <strong>inundaciones<\/strong>, elevando la cifra a <strong>m\u00e1s de 4 mil<\/strong> <strong>familias damnificadas<\/strong>, seg\u00fan los levantamientos oficiales.<\/p>\n<p>El desastre tambi\u00e9n impact\u00f3 la <strong>infraestructura vial<\/strong>. Un tramo del puente que comunica Montellano con la provincia Santiago, en la carretera tur\u00edstica Gregorio Luper\u00f3n, colaps\u00f3 debido a la crecida del r\u00edo, afectando la movilidad en la zona. No obstante, se han habilitado pasos alternativos para garantizar el tr\u00e1nsito.<\/p>\n<div class=\"my-12 component gallery relative small-slider\">\n<div class=\"slider-container\">\n<div class=\"expand-img-placeholder\"><span class=\"rutaimagenoriginal-placeholder\">https:\/\/resources.diariolibre.com\/images\/2026\/04\/18\/whatsapp-image-2026-04-18-at-125406-pm-d2498e74.jpeg<\/span><\/div>\n<p><span>Calle anegada con agua sucia por las fuertes precipitaciones.<\/span><span> (<strong>DIARIO LIBRE\/C\u00c9SAR JIM\u00c9NEZ<\/strong>)<\/span><\/p>\n<div class=\"expand-img-placeholder\"><span class=\"rutaimagenoriginal-placeholder\">https:\/\/resources.diariolibre.com\/images\/2026\/04\/18\/whatsapp-image-2026-04-18-at-125407-pm-1-53441879.jpeg<\/span><\/div>\n<p><span>Ropa tendida en una casa impactada por las lluvias.<\/span><span> (<strong>DIARIO LIBRE\/C\u00c9SAR JIM\u00c9NEZ<\/strong>)<\/span>    <\/p><\/div>\n<div class=\"slider-arrows\">\n<div class=\"slider-arrow prev\">\u2039<\/div>\n<div class=\"slider-arrow next\">\u203a<\/div>\n<\/div>\n<\/div>\n<p>El pasado fin de semana, el Gobierno inform\u00f3 que ya cuenta con un <strong>contratista<\/strong> para la <strong>rehabilitaci\u00f3n del puente<\/strong>, mientras contin\u00faan las labores de asistencia a los afectados, incluyendo la <strong>entrega de electrodom\u00e9sticos<\/strong> y enseres del hogar.<\/p>\n<p>Para este s\u00e1bado se espera la <strong>visita<\/strong> del <strong>presidente de la Rep\u00fablica<\/strong>, quien ha estado recorriendo distintas comunidades impactadas por las lluvias en el pa\u00eds, con el objetivo de evaluar los da\u00f1os y reforzar las acciones de respuesta.<\/p>\n<p>En el <strong>sector El Sam\u00e1n<\/strong>, los afectados contin\u00faan demandando alimentos, electrodom\u00e9sticos, camas y <strong>asistencia directa<\/strong>.\u00a0<\/p>\n<p>A <strong>siete d\u00edas<\/strong> del desastre, residentes consultados reiteran que a\u00fan <strong>no han recibido ayuda<\/strong> suficiente y solicitan no ser excluidos de los <strong>operativos de apoyo<\/strong>.<\/p>\n<p><\/p>","protected":false},"excerpt":{"rendered":"<p>A una semana de las inundaciones provocadas por el desborde del r\u00edo Cam\u00fa, el drama humano contin\u00faa golpeando con fuerza a cientos de familias del municipio Montellano, provincia Puerto Plata, especialmente en el&#8230;<\/p>\n","protected":false},"author":0,"featured_media":142157,"comment_status":"open","ping_status":"open","sticky":false,"template":"","format":"standard","meta":{"footnotes":""},"categories":[1],"tags":[],"class_list":["post-142163","post","type-post","status-publish","format-standard","has-post-thumbnail","hentry","category-sin-categoria"],"_links":{"self":[{"href":"http:\/\/joelaybar.com\/wp\/wp-json\/wp\/v2\/posts\/142163","targetHints":{"allow":["GET"]}}],"collection":[{"href":"http:\/\/joelaybar.com\/wp\/wp-json\/wp\/v2\/posts"}],"about":[{"href":"http:\/\/joelaybar.com\/wp\/wp-json\/wp\/v2\/types\/post"}],"replies":[{"embeddable":true,"href":"http:\/\/joelaybar.com\/wp\/wp-json\/wp\/v2\/comments?post=142163"}],"version-history":[{"count":0,"href":"http:\/\/joelaybar.com\/wp\/wp-json\/wp\/v2\/posts\/142163\/revisions"}],"wp:featuredmedia":[{"embeddable":true,"href":"http:\/\/joelaybar.com\/wp\/wp-json\/wp\/v2\/media\/142157"}],"wp:attachment":[{"href":"http:\/\/joelaybar.com\/wp\/wp-json\/wp\/v2\/media?parent=142163"}],"wp:term":[{"taxonomy":"category","embeddable":true,"href":"http:\/\/joelaybar.com\/wp\/wp-json\/wp\/v2\/categories?post=142163"},{"taxonomy":"post_tag","embeddable":true,"href":"http:\/\/joelaybar.com\/wp\/wp-json\/wp\/v2\/tags?post=142163"}],"curies":[{"name":"wp","href":"https:\/\/api.w.org\/{rel}","templated":true}]}}