{"id":142196,"date":"2026-04-18T14:56:00","date_gmt":"2026-04-18T14:56:00","guid":{"rendered":"https:\/\/joelaybar.com\/wp\/2026\/04\/18\/anuncian-ayuda-zonas-afectadas-en-inundaciones-de-villa-montellano-4\/"},"modified":"2026-04-18T14:56:00","modified_gmt":"2026-04-18T14:56:00","slug":"anuncian-ayuda-zonas-afectadas-en-inundaciones-de-villa-montellano-4","status":"publish","type":"post","link":"http:\/\/joelaybar.com\/wp\/2026\/04\/18\/anuncian-ayuda-zonas-afectadas-en-inundaciones-de-villa-montellano-4\/","title":{"rendered":"Anuncian ayuda zonas afectadas en inundaciones de Villa Montellano"},"content":{"rendered":"<p>El presidente <strong>Luis Abinader\u00a0<\/strong>inform\u00f3 este s\u00e1bado que se ejecutar\u00e1n trabajos de reparaci\u00f3n en las principales carreteras y caminos de la parte oeste de\u00a0<strong>Puerto Plata<\/strong>, adem\u00e1s de la construcci\u00f3n y mejora de al menos\u00a0<strong>15 puentes<\/strong>\u00a0en la provincia, como parte de las acciones para fortalecer la\u00a0<strong>infraestructura<\/strong>\u00a0ante eventos clim\u00e1ticos.<\/p>\n<p>    El jefe de Estado advirti\u00f3 que, seg\u00fan los\u00a0<strong>reportes meteorol\u00f3gicos<\/strong>, las lluvias podr\u00edan continuar durante el fin de semana en algunas zonas, por lo que el proceso de respuesta sigue activo.<\/p>\n<p>\u201cHemos mandado proporcionalmente la ayuda a todos los lugares afectados a trav\u00e9s del\u00a0<strong>Gabinete Social<\/strong>\u00a0y lo importante es llevar la\u00a0<strong>normalidad<\/strong>\u00a0a todas estas comunidades lo antes posible\u201d, expres\u00f3 el presidente.<\/p>\n<p>El ministro de la Presidencia,\u00a0<strong>Jos\u00e9 Ignacio Paliza<\/strong>, ofreci\u00f3 un\u00a0<strong>balance detallado<\/strong>\u00a0de las acciones ejecutadas hasta el momento, destacando que las lluvias registradas han sido inusuales y acumulativas en las \u00faltimas semanas.<\/p>\n<div class=\"w-full pt-2 float-left inside-related\">    <span class=\"border-b border-black pb-3 mb-4 block\"><strong>RELACIONADAS<\/strong><\/span>                                \n<div class=\"xl:w-2\/12 w-4\/12\">                                                                        <a href=\"https:\/\/www.diariolibre.com\/politica\/gobierno\/2026\/04\/14\/abinader-dice-presiona-autoridades-en-puerto-plata-para-retirar-lodo\/3502452?utm_source=relacionadas&amp;utm_medium=nota&amp;utm_campaign=relacionadas\" title=\"                                                                                                                            \">                                                                                                                            <\/a>                                                            <\/div>\n<div class=\"xl:w-10\/12 w-8\/12 pl-3\">\n<div class=\"text-md mb-2 meta\">                        <a href=\"https:\/\/www.diariolibre.com\/politica\/gobierno\" title=\"Gobierno\">Gobierno<\/a>                    <\/div>\n<h2><a href=\"https:\/\/www.diariolibre.com\/politica\/gobierno\/2026\/04\/14\/abinader-dice-presiona-autoridades-en-puerto-plata-para-retirar-lodo\/3502452?utm_source=relacionadas&amp;utm_medium=nota&amp;utm_campaign=relacionadas\" title=\"Abinader dice que presiona a todo mundo en Puerto Plata para que retiren el lodo por inundaciones\">Abinader dice que \u00abpresiona a todo mundo\u00bb en Puerto Plata para que retiren el lodo por inundaciones<\/a><\/h2>\n<\/div>\n<\/div>\n<p>Paliza inform\u00f3 que el levantamiento preliminar contabiliza cerca de\u00a0<strong>4,800 viviendas<\/strong>\u00a0afectadas en la provincia, de las cuales unas 3,200 ya han recibido asistencia con enseres del hogar. Asimismo, indic\u00f3 que se ha garantizado alimentaci\u00f3n a las familias damnificadas durante toda la semana.<\/p>\n<p>Este s\u00e1bado el gobernante encabez\u00f3 una\u00a0<strong>reuni\u00f3n de supervisi\u00f3n<\/strong>\u00a0en el municipio\u00a0<strong>Villa Montellano<\/strong>, donde evalu\u00f3 la respuesta estatal ante los da\u00f1os provocados por las recientes lluvias y anunci\u00f3 nuevas medidas para la recuperaci\u00f3n de las zonas afectadas.<\/p>\n<p>El mandatario indic\u00f3 que\u00a0<strong>esta demarcaci\u00f3n<\/strong>\u00a0ha sido una de las demarcaciones m\u00e1s impactadas del pa\u00eds por las\u00a0<strong>inundaciones<\/strong>, por lo que el Gobierno ha desplegado una\u00a0<strong>respuesta integral<\/strong>\u00a0junto a autoridades locales y nacionales.<\/p>\n<h2>Ayuda econ\u00f3mica y proyectos a largo plazo<\/h2>\n<p>Por otro lado, Paliza precis\u00f3 que unas\u00a0<strong>2,190 familias<\/strong>\u00a0en <strong>Villa<\/strong>\u00a0<strong>Montellano<\/strong>\u00a0han recibido el\u00a0<strong>bono de emergencia<\/strong>\u00a0de 7,000 pesos a trav\u00e9s del programa\u00a0<strong>Sup\u00e9rate<\/strong>, como parte de la ayuda econ\u00f3mica dispuesta por el Gobierno.<\/p>\n<div class=\"w-full pt-2 float-left inside-related\">    <span class=\"border-b border-black pb-3 mb-4 block\"><strong>RELACIONADAS<\/strong><\/span>                                \n<div class=\"xl:w-2\/12 w-4\/12\">                                                                        <a href=\"https:\/\/www.diariolibre.com\/politica\/gobierno\/2026\/04\/14\/abinader-en-los-platanitos-viven-en-zozobra-con-inundaciones\/3502414?utm_source=relacionadas&amp;utm_medium=nota&amp;utm_campaign=relacionadas\" title=\"                                                                                                                            \">                                                                                                                            <\/a>                                                            <\/div>\n<div class=\"xl:w-10\/12 w-8\/12 pl-3\">\n<div class=\"text-md mb-2 meta\">                        <a href=\"https:\/\/www.diariolibre.com\/politica\/gobierno\" title=\"Gobierno\">Gobierno<\/a>                    <\/div>\n<h2><a href=\"https:\/\/www.diariolibre.com\/politica\/gobierno\/2026\/04\/14\/abinader-en-los-platanitos-viven-en-zozobra-con-inundaciones\/3502414?utm_source=relacionadas&amp;utm_medium=nota&amp;utm_campaign=relacionadas\" title=\"Abinader promete intervenci\u00f3n en Los Platanitos para poner fin a d\u00e9cadas de zozobra por inundaciones\">Abinader promete intervenci\u00f3n en Los Platanitos para poner fin a d\u00e9cadas de zozobra por inundaciones<\/a><\/h2>\n<\/div>\n<\/div>\n<p>Agreg\u00f3 que, hasta la fecha, se han destinado alrededor de 160 millones de pesos en la distribuci\u00f3n de\u00a0<strong>ayudas<\/strong>, incluyendo\u00a0<strong>electrodom\u00e9sticos<\/strong>\u00a0y otros art\u00edculos esenciales, conforme a los levantamientos realizados casa por casa.<\/p>\n<p>Como parte de las soluciones a largo plazo, el funcionario anunci\u00f3 la construcci\u00f3n de un\u00a0<strong>proyecto habitacional<\/strong>\u00a0de\u00a0<strong>112 apartamentos<\/strong>\u00a0en\u00a0<strong>Villa Montellano<\/strong>, con una inversi\u00f3n superior a los 300 millones de pesos, dirigido a reubicar familias afectadas por la crecida del r\u00edo Cam\u00fa, especialmente en zonas vulnerables como\u00a0<strong>Los Ciruelos<\/strong>.<\/p>\n<p>Indic\u00f3 adem\u00e1s que el\u00a0<strong>Ministerio de Obras P\u00fablicas<\/strong>\u00a0dar\u00e1 a conocer en los pr\u00f3ximos d\u00edas las\u00a0<strong>obras espec\u00edficas<\/strong>\u00a0que ser\u00e1n intervenidas en la provincia, como parte del\u00a0<strong>plan de reconstrucci\u00f3n<\/strong>.<\/p>\n<p>Las autoridades reiteraron que las acciones forman parte de una\u00a0<strong>intervenci\u00f3n multisectorial<\/strong>\u00a0para garantizar una\u00a0<strong>recuperaci\u00f3n r\u00e1pida<\/strong>\u00a0en las comunidades afectadas, en especial en sectores como\u00a0<strong>El Sam\u00e1n<\/strong>, donde persisten las necesidades tras las\u00a0<strong>inundaciones<\/strong>\u00a0registradas la semana pasada.<\/p>\n<div class=\"read-more mb-7\">    <span class=\"block mb-2\">Leer m\u00e1s<\/span>                            \n<h3><a href=\"https:\/\/www.diariolibre.com\/politica\/gobierno\/2026\/04\/13\/abinader-gobierno-dispone-fondos-para-atender-afectados-lluvias\/3501105?utm_source=relacionadas&amp;utm_medium=nota&amp;utm_campaign=relacionadas\" title=\"Abinader recorre sectores afectados por lluvias y afirma que el Gobierno tiene fondos para ayuda\">Abinader recorre sectores afectados por lluvias y afirma que el Gobierno tiene fondos para ayuda<\/a><\/h3>\n<\/div>\n<p><\/p>\n<h2><\/h2>","protected":false},"excerpt":{"rendered":"<p>El presidente Luis Abinader\u00a0inform\u00f3 este s\u00e1bado que se ejecutar\u00e1n trabajos de reparaci\u00f3n en las principales carreteras y caminos de la parte oeste de\u00a0Puerto Plata, adem\u00e1s de la construcci\u00f3n y mejora de al menos\u00a015&#8230;<\/p>\n","protected":false},"author":0,"featured_media":142172,"comment_status":"open","ping_status":"open","sticky":false,"template":"","format":"standard","meta":{"footnotes":""},"categories":[1],"tags":[],"class_list":["post-142196","post","type-post","status-publish","format-standard","has-post-thumbnail","hentry","category-sin-categoria"],"_links":{"self":[{"href":"http:\/\/joelaybar.com\/wp\/wp-json\/wp\/v2\/posts\/142196","targetHints":{"allow":["GET"]}}],"collection":[{"href":"http:\/\/joelaybar.com\/wp\/wp-json\/wp\/v2\/posts"}],"about":[{"href":"http:\/\/joelaybar.com\/wp\/wp-json\/wp\/v2\/types\/post"}],"replies":[{"embeddable":true,"href":"http:\/\/joelaybar.com\/wp\/wp-json\/wp\/v2\/comments?post=142196"}],"version-history":[{"count":0,"href":"http:\/\/joelaybar.com\/wp\/wp-json\/wp\/v2\/posts\/142196\/revisions"}],"wp:featuredmedia":[{"embeddable":true,"href":"http:\/\/joelaybar.com\/wp\/wp-json\/wp\/v2\/media\/142172"}],"wp:attachment":[{"href":"http:\/\/joelaybar.com\/wp\/wp-json\/wp\/v2\/media?parent=142196"}],"wp:term":[{"taxonomy":"category","embeddable":true,"href":"http:\/\/joelaybar.com\/wp\/wp-json\/wp\/v2\/categories?post=142196"},{"taxonomy":"post_tag","embeddable":true,"href":"http:\/\/joelaybar.com\/wp\/wp-json\/wp\/v2\/tags?post=142196"}],"curies":[{"name":"wp","href":"https:\/\/api.w.org\/{rel}","templated":true}]}}