{"id":142228,"date":"2026-04-18T22:18:00","date_gmt":"2026-04-18T22:18:00","guid":{"rendered":"http:\/\/joelaybar.com\/wp\/2026\/04\/18\/someterse-a-procedimientos-en-una-cirugia-estetica-esta-permitido-6\/"},"modified":"2026-04-18T22:18:00","modified_gmt":"2026-04-18T22:18:00","slug":"someterse-a-procedimientos-en-una-cirugia-estetica-esta-permitido-6","status":"publish","type":"post","link":"http:\/\/joelaybar.com\/wp\/2026\/04\/18\/someterse-a-procedimientos-en-una-cirugia-estetica-esta-permitido-6\/","title":{"rendered":"Someterse a procedimientos en una cirug\u00eda est\u00e9tica est\u00e1 permitido"},"content":{"rendered":"<p>La posibilidad de someterse a varios <strong>procedimientos est\u00e9ticos<\/strong> en una misma intervenci\u00f3n quir\u00fargica es una pr\u00e1ctica cada vez m\u00e1s com\u00fan, pero no est\u00e1 exenta de <strong>riesgos<\/strong> y debe <strong>evaluarse cuidadosamente<\/strong> caso por caso, advierten especialistas.<\/p>\n<p>De acuerdo con el <strong>doctor Aniceto Rodr\u00edguez<\/strong>, presidente de la <strong>Sociedad Dominicana de Cirug\u00eda Pl\u00e1stica<\/strong>, Reconstructiva y Est\u00e9tica (Sodocipre), seg\u00fan la <strong>soluci\u00f3n 009<\/strong> del a\u00f1o 2019, el Ministerio de Salud P\u00fablica permite dos <strong>procedimientos mayores<\/strong> y un procedimiento complementario en una misma intervenci\u00f3n.<\/p>\n<p>Entre los <strong>procedimientos mayores<\/strong> se incluye:<\/p>\n<p>    <strong>Abdominoplastia<\/strong>    <strong>Reducci\u00f3n mamaria<\/strong>    <strong>Aumento mamario<\/strong>    <strong>Lifting Facial (Ritidectom\u00eda)<\/strong>    <strong>Liposucci\u00f3n \/ Lipoescultura<\/strong>    <strong>Rinoplastia<\/strong>    <strong>Aumento de Gl\u00fateos (Gluteoplastia)<\/strong><\/p>\n<p>En tanto, los <strong>procedimientos complementarios<\/strong> son intervenciones, a menudo <strong>menos invasivas<\/strong> o de menor duraci\u00f3n, que se realizan para perfeccionar el resultado de un procedimiento mayor, ya sea en la misma sesi\u00f3n o posteriormente.<\/p>\n<p>Entre las m\u00e1s conocidas resaltan:<\/p>\n<p>    <strong>Relleno de \u00e1reas<\/strong> (cara, gl\u00fateos) con <strong>grasa<\/strong> propia del paciente    <strong>Tratamientos dermocosm\u00e9ticos<\/strong> (Peeling qu\u00edmico o dermoabrasi\u00f3n)    <strong>Aplicaci\u00f3n de Botox<\/strong> o rellenos faciales<\/p>\n<h2>M\u00e1s que las \u00e1reas, es el volumen de <strong>grasa<\/strong><\/h2>\n<p>El\u00a0<strong>doctor Rodr\u00edguez<\/strong>\u00a0explic\u00f3 que, a la hora de evaluar\u00a0<strong>riesgos<\/strong>\u00a0en una <strong>cirug\u00eda est\u00e9tica<\/strong>, m\u00e1s que el n\u00famero de procedimientos, lo importante es medir la\u00a0<strong>cantidad de grasa<\/strong>\u00a0a extraer.<\/p>\n<p>\u201cM\u00e1s que las \u00e1reas, lo que hay que valorar es el\u00a0<strong>volumen extra\u00eddo<\/strong>\u00a0de\u00a0<strong>grasa<\/strong>\u00a0en sentido general\u201d, dijo.<\/p>\n<p>El especialista indic\u00f3 que \u201cmenos del 7 % de su superficie corporal, o en procedimientos combinados menos de\u00a0<strong>3,500 CC<\/strong>\u00a0y en procedimientos \u00fanicos\u00a0<strong>5,000 CC<\/strong>\u201d, son cifras consideradas como aceptables.<\/p>\n<div class=\"expand-img-placeholder\"><span class=\"rutaimagenoriginal-placeholder\">https:\/\/resources.diariolibre.com\/images\/2026\/04\/18\/aniceto-rodriguez-copy-3e2150f0.jpg<\/span><\/div>\n<p><span>El doctor Aniceto Rodr\u00edguez.<\/span><span> (<strong>FUENTE EXTERNA<\/strong>)<\/span>\u00a0<\/p>\n<p>\u201cCuando lo numeran en \u00e1reas dicen, le hizo del brazo derecho, del brazo izquierdo, debajo del ombligo, debajo del gl\u00fateo del lado derecho, debajo del gl\u00fateo del lado izquierdo y te suman <strong>muchas \u00e1reas<\/strong>, pero en total, eso no representa una gran cantidad porque de todas las \u00e1reas, lo que te estoy sacando es una <strong>cantidad m\u00ednima<\/strong>\u201d, <strong>ejemplific\u00f3<\/strong>.<\/p>\n<p>\u201cYo puedo hacer cirug\u00eda en <strong>m\u00faltiples \u00e1reas<\/strong> y no quiere decir que me estoy saliendo del <strong>protocolo<\/strong>, porque cuando se dice una <strong>liposucci\u00f3n<\/strong> mayor, es una <strong>liposucci\u00f3n<\/strong> mayor que puede incluir <strong>m\u00faltiples \u00e1reas<\/strong>, siempre y cuando no rebase el <strong>l\u00edmite total<\/strong> de extracci\u00f3n de <strong>grasa<\/strong> que est\u00e1 contemplado que se puede hacer\u201d, a\u00f1adi\u00f3 el doctor.<\/p>\n<div class=\"w-full pt-2 float-left inside-related\">    <span class=\"border-b border-black pb-3 mb-4 block\"><strong>RELACIONADAS<\/strong><\/span>                                \n<div class=\"xl:w-2\/12 w-4\/12\">                                                                        <a href=\"https:\/\/www.diariolibre.com\/actualidad\/salud\/2026\/04\/18\/medico-que-opero-a-anyeli-no-es-miembro-de-la-sociedad-de-cirugia\/3506859?utm_source=relacionadas&amp;utm_medium=nota&amp;utm_campaign=relacionadas\" title=\"                                                                                                                            \">                                                                                                                            <\/a>                                                            <\/div>\n<div class=\"xl:w-10\/12 w-8\/12 pl-3\">\n<div class=\"text-md mb-2 meta\">                        <a href=\"https:\/\/www.diariolibre.com\/actualidad\/salud\" title=\"Salud\">Salud<\/a>                    <\/div>\n<h2><a href=\"https:\/\/www.diariolibre.com\/actualidad\/salud\/2026\/04\/18\/medico-que-opero-a-anyeli-no-es-miembro-de-la-sociedad-de-cirugia\/3506859?utm_source=relacionadas&amp;utm_medium=nota&amp;utm_campaign=relacionadas\" title=\"M\u00e9dico vinculado a muerte de joven fue suspendido hace varios a\u00f1os de gremio que agrupa a cirujanos\">M\u00e9dico vinculado a muerte de joven fue suspendido hace varios a\u00f1os de gremio que agrupa a cirujanos<\/a><\/h2>\n<\/div>\n<div class=\"xl:w-2\/12 w-4\/12\">                                                                        <a href=\"https:\/\/www.diariolibre.com\/actualidad\/sucesos\/2026\/04\/18\/joven-de-27-anos-pierde-la-vida-tras-someterse-a-una-cirugia-estetica\/3506600?utm_source=relacionadas&amp;utm_medium=nota&amp;utm_campaign=relacionadas\" title=\"                                                                                                                            \">                                                                                                                            <\/a>                                                            <\/div>\n<div class=\"xl:w-10\/12 w-8\/12 pl-3\">\n<div class=\"text-md mb-2 meta\">                        <a href=\"https:\/\/www.diariolibre.com\/actualidad\/sucesos\" title=\"Sucesos\">Sucesos<\/a>                    <\/div>\n<h2><a href=\"https:\/\/www.diariolibre.com\/actualidad\/sucesos\/2026\/04\/18\/joven-de-27-anos-pierde-la-vida-tras-someterse-a-una-cirugia-estetica\/3506600?utm_source=relacionadas&amp;utm_medium=nota&amp;utm_campaign=relacionadas\" title=\"Una joven de 27 a\u00f1os pierde la vida tras someterse a una cirug\u00eda est\u00e9tica en Santo Domingo\">Una joven de 27 a\u00f1os pierde la vida tras someterse a una cirug\u00eda est\u00e9tica en Santo Domingo<\/a><\/h2>\n<\/div>\n<div class=\"xl:w-2\/12 w-4\/12\">                                                                        <a href=\"https:\/\/www.diariolibre.com\/actualidad\/sucesos\/2026\/04\/18\/joven-que-fallecio-en-cirugia-estetica-se-hizo-varios-procedimientos\/3506710?utm_source=relacionadas&amp;utm_medium=nota&amp;utm_campaign=relacionadas\" title=\"                                                                                                                            \">                                                                                                                            <\/a>                                                            <\/div>\n<div class=\"xl:w-10\/12 w-8\/12 pl-3\">\n<div class=\"text-md mb-2 meta\">                        <a href=\"https:\/\/www.diariolibre.com\/actualidad\/sucesos\" title=\"Sucesos\">Sucesos<\/a>                    <\/div>\n<h2><a href=\"https:\/\/www.diariolibre.com\/actualidad\/sucesos\/2026\/04\/18\/joven-que-fallecio-en-cirugia-estetica-se-hizo-varios-procedimientos\/3506710?utm_source=relacionadas&amp;utm_medium=nota&amp;utm_campaign=relacionadas\" title=\"Denuncian que joven fallecida tras cirug\u00eda est\u00e9tica fue sometida a varios procedimientos a la vez\">Denuncian que joven fallecida tras cirug\u00eda est\u00e9tica fue sometida a varios procedimientos a la vez<\/a><\/h2>\n<\/div>\n<\/div>\n<h2>Caso de <strong>Anyeli Meliza<\/strong><\/h2>\n<p>Al ser consultado por el caso de <strong>Anyeli Meliza<\/strong> S\u00e1nchez, una joven de 27 a\u00f1os quien perdi\u00f3 la vida el pasado 15 de abril tras someterse a m\u00faltiples <strong>procedimientos est\u00e9ticos<\/strong> con el <strong>doctor Jos\u00e9 Desena<\/strong> (quien ya no figura como miembro de Sodocipre), Rodr\u00edguez reconoci\u00f3 no poseer m\u00e1s detalles fuera de las publicaciones hechas al respecto en medios de comunicaci\u00f3n.<\/p>\n<p>A pesar de esto, dijo que hay que indagar las causas de muerte y conocer a fondo el <strong>historial cl\u00ednico<\/strong> de la <strong>paciente<\/strong>.<\/p>\n<p>A Anyeli se le practic\u00f3 una reconstrucci\u00f3n de la pared abdominal, una <strong>abdominoplast\u00eda<\/strong>, <strong>liposucci\u00f3n<\/strong> en los brazos, <strong>liposucci\u00f3n<\/strong> en la entrepierna, <strong>liposucci\u00f3n<\/strong> en la espalda y transferencia de <strong>grasa<\/strong> a los gl\u00fateos.\u00a0<\/p>\n<p>\u201cNo necesariamente que sean <strong>muchas \u00e1reas<\/strong> (intervenidas), es una <strong>causa de muerte<\/strong>\u201d, <strong>aclar\u00f3 Rodr\u00edguez<\/strong>.<\/p>\n<p>\u201cHabr\u00eda que ver la cantidad de total (de <strong>grasa<\/strong>) que se le sac\u00f3, la <strong>p\u00e9rdida de l\u00edquido<\/strong>. \u00bfCu\u00e1les eran los <strong>niveles de sangre<\/strong> que ten\u00eda la <strong>paciente<\/strong> previo a la cirug\u00eda? Si estaba en condiciones. Habr\u00eda que ver si no hubo una, no estoy diciendo que fue el caso, si hubo alguna lesi\u00f3n de un \u00f3rgano noble, si hubo alguna situaci\u00f3n anest\u00e9sica en el procedimiento. \u00bfEn qu\u00e9 centro se oper\u00f3? \u00bfEra un centro con las condiciones si estaba habilitado o no estaba habilitado?\u201d, enlist\u00f3 como las preguntas a\u00fan pendientes por responder para esclarecer las causas y circunstancias de la muerte de Anyeli.<\/p>\n<p>La joven <strong>Anyeli Meliza<\/strong> deja en la <strong>orfandad<\/strong> a un <strong>ni\u00f1o de cuatro a\u00f1os<\/strong> de edad.<\/p>\n<p><\/p>\n<p><\/p>","protected":false},"excerpt":{"rendered":"<p>La posibilidad de someterse a varios procedimientos est\u00e9ticos en una misma intervenci\u00f3n quir\u00fargica es una pr\u00e1ctica cada vez m\u00e1s com\u00fan, pero no est\u00e1 exenta de riesgos y debe evaluarse cuidadosamente caso por caso,&#8230;<\/p>\n","protected":false},"author":0,"featured_media":142199,"comment_status":"open","ping_status":"open","sticky":false,"template":"","format":"standard","meta":{"footnotes":""},"categories":[1],"tags":[],"class_list":["post-142228","post","type-post","status-publish","format-standard","has-post-thumbnail","hentry","category-sin-categoria"],"_links":{"self":[{"href":"http:\/\/joelaybar.com\/wp\/wp-json\/wp\/v2\/posts\/142228","targetHints":{"allow":["GET"]}}],"collection":[{"href":"http:\/\/joelaybar.com\/wp\/wp-json\/wp\/v2\/posts"}],"about":[{"href":"http:\/\/joelaybar.com\/wp\/wp-json\/wp\/v2\/types\/post"}],"replies":[{"embeddable":true,"href":"http:\/\/joelaybar.com\/wp\/wp-json\/wp\/v2\/comments?post=142228"}],"version-history":[{"count":0,"href":"http:\/\/joelaybar.com\/wp\/wp-json\/wp\/v2\/posts\/142228\/revisions"}],"wp:featuredmedia":[{"embeddable":true,"href":"http:\/\/joelaybar.com\/wp\/wp-json\/wp\/v2\/media\/142199"}],"wp:attachment":[{"href":"http:\/\/joelaybar.com\/wp\/wp-json\/wp\/v2\/media?parent=142228"}],"wp:term":[{"taxonomy":"category","embeddable":true,"href":"http:\/\/joelaybar.com\/wp\/wp-json\/wp\/v2\/categories?post=142228"},{"taxonomy":"post_tag","embeddable":true,"href":"http:\/\/joelaybar.com\/wp\/wp-json\/wp\/v2\/tags?post=142228"}],"curies":[{"name":"wp","href":"https:\/\/api.w.org\/{rel}","templated":true}]}}