{"id":142259,"date":"2026-04-19T09:34:00","date_gmt":"2026-04-19T09:34:00","guid":{"rendered":"http:\/\/joelaybar.com\/wp\/2026\/04\/19\/valdez-albizu-destaca-indicadores-de-rd-en-reuniones-con-fmi-y-bm\/"},"modified":"2026-04-19T09:34:00","modified_gmt":"2026-04-19T09:34:00","slug":"valdez-albizu-destaca-indicadores-de-rd-en-reuniones-con-fmi-y-bm","status":"publish","type":"post","link":"http:\/\/joelaybar.com\/wp\/2026\/04\/19\/valdez-albizu-destaca-indicadores-de-rd-en-reuniones-con-fmi-y-bm\/","title":{"rendered":"Valdez Albizu destaca indicadores de RD en reuniones con FMI y BM"},"content":{"rendered":"<p>El gobernador del Banco Central de la Rep\u00fablica Dominicana (BCRD), <strong>H\u00e9ctor Valdez Albizu<\/strong>, <strong>destac\u00f3<\/strong> la solidez de los principales indicadores econ\u00f3micos del pa\u00eds durante su participaci\u00f3n en las <strong>reuniones<\/strong> de primavera del Fondo Monetario Internacional (FMI) y del Grupo <strong>Banco Mundial<\/strong>.<\/p>\n<p>Durante su intervenci\u00f3n en la reuni\u00f3n de gobernadores, indic\u00f3 que la <strong>inflaci\u00f3n interanual<\/strong> se situ\u00f3 en 4.63 % en marzo de 2026, permaneciendo dentro del rango meta de 4.0 % \u00b1 1.0 % desde inicios del 2023. <\/p>\n<p>A\u00f1adi\u00f3 que la actividad econ\u00f3mica ha mostrado una recuperaci\u00f3n gradual, con <strong>expansiones interanuales de 3.5 % en enero y 3.9 % en febrero<\/strong>, y una proyecci\u00f3n de crecimiento entre 3.5 y 4.0 % para el cierre del a\u00f1o.<\/p>\n<p>En cuanto a la <strong>inversi\u00f3n extranjera directa<\/strong> (IED), <strong>destac\u00f3<\/strong> que alcanz\u00f3 5,032.8 millones de d\u00f3lares al cierre de 2025, reflejando la resiliencia del pa\u00eds en la captaci\u00f3n de capitales. <\/p>\n<p>De igual forma, se\u00f1al\u00f3 que los ingresos de divisas por concepto de <strong>inversi\u00f3n extranjera directa<\/strong>, remesas, turismo, exportaciones de bienes y otros servicios totalizaron 47,291.5 millones en 2025, contribuyendo a la estabilidad relativa del tipo de cambio.<\/p>\n<p>    <strong>Valdez Albizu<\/strong> <strong>particip\u00f3<\/strong> recientemente en estos <strong>encuentros internacionales<\/strong>, donde el FMI present\u00f3 su informe \u201cPerspectivas para la econom\u00eda mundial\u201d, en el que se proyecta un crecimiento de 2.3 % para Am\u00e9rica Latina y el Caribe.    En el marco de las <strong>reuniones<\/strong>, sostuvo encuentros con el director del Departamento del Hemisferio Occidental del FMI, <strong>Nigel Chalk<\/strong>, y la directora adjunta, Dora Iakova, con quienes abord\u00f3 el <strong>contexto macroecon\u00f3mico<\/strong> dominicano y sus perspectivas en un entorno internacional marcado por la incertidumbre.<\/p>\n<div class=\"w-full pt-2 float-left inside-related\">    <span class=\"border-b border-black pb-3 mb-4 block\"><strong>RELACIONADAS<\/strong><\/span>                                \n<div class=\"xl:w-2\/12 w-4\/12\">                                                                        <a href=\"https:\/\/www.diariolibre.com\/economia\/energia\/2026\/04\/10\/advierten-tensiones-en-ormuz-podrian-impactar-economia-de-rd\/3497849?utm_source=relacionadas&amp;utm_medium=nota&amp;utm_campaign=relacionadas\" title=\"                                                                                                                            \">                                                                                                                            <\/a>                                                            <\/div>\n<div class=\"xl:w-10\/12 w-8\/12 pl-3\">\n<div class=\"text-md mb-2 meta\">                        <a href=\"https:\/\/www.diariolibre.com\/economia\/energia\" title=\"Energ\u00eda\">Energ\u00eda<\/a>                    <\/div>\n<h2><a href=\"https:\/\/www.diariolibre.com\/economia\/energia\/2026\/04\/10\/advierten-tensiones-en-ormuz-podrian-impactar-economia-de-rd\/3497849?utm_source=relacionadas&amp;utm_medium=nota&amp;utm_campaign=relacionadas\" title=\"Economistas advierten que tensiones en Ormuz podr\u00edan impactar la econom\u00eda dominicana\">Economistas advierten que tensiones en Ormuz podr\u00edan impactar la econom\u00eda dominicana<\/a><\/h2>\n<\/div>\n<div class=\"xl:w-2\/12 w-4\/12\">                                                                        <a href=\"https:\/\/www.diariolibre.com\/economia\/macroeconomia\/2026\/04\/01\/economia-dominicana-crece-un-39--en-febrero\/3488844?utm_source=relacionadas&amp;utm_medium=nota&amp;utm_campaign=relacionadas\" title=\"                                                                                                                            \">                                                                                                                            <\/a>                                                            <\/div>\n<div class=\"xl:w-10\/12 w-8\/12 pl-3\">\n<div class=\"text-md mb-2 meta\">                        <a href=\"https:\/\/www.diariolibre.com\/economia\/macroeconomia\" title=\"Macroeconom\u00eda\">Macroeconom\u00eda<\/a>                    <\/div>\n<h2><a href=\"https:\/\/www.diariolibre.com\/economia\/macroeconomia\/2026\/04\/01\/economia-dominicana-crece-un-39--en-febrero\/3488844?utm_source=relacionadas&amp;utm_medium=nota&amp;utm_campaign=relacionadas\" title=\"La econom\u00eda dominicana crece 3.9 % en febrero y marca su mejor ritmo en casi un a\u00f1o\">La econom\u00eda dominicana crece 3.9 % en febrero y marca su mejor ritmo en casi un a\u00f1o<\/a><\/h2>\n<\/div>\n<\/div>\n<h2>Tendencias de la <strong>econom\u00eda global<\/strong><\/h2>\n<p>Como parte de la agenda, el gobernador <strong>particip\u00f3<\/strong> junto al ministro de Hacienda y Econom\u00eda, <strong>Mag\u00edn D\u00edaz<\/strong>, en un encuentro encabezado por la directora gerente del FMI, Kristalina Georgieva, con autoridades econ\u00f3micas de Am\u00e9rica Latina, Canad\u00e1 y Estados Unidos, donde se analizaron las tendencias de la <strong>econom\u00eda global<\/strong> y sus implicaciones para la regi\u00f3n.<\/p>\n<p>Adicionalmente, <strong>Valdez Albizu<\/strong> sostuvo un <strong>encuentro bilateral<\/strong> con <strong>Andr\u00e9 Roncaglia<\/strong>, director ejecutivo del FMI por Brasil, en el que se discutieron los riesgos asociados a las tensiones geopol\u00edticas y su impacto en las econom\u00edas.<\/p>\n<div class=\"expand-img-placeholder\"><span class=\"rutaimagenoriginal-placeholder\">https:\/\/resources.diariolibre.com\/images\/2026\/04\/19\/kristalina-gueorguieva-y-hector-valdez-albizu-b603a27d.jpeg<\/span><\/div>\n<p><span>La directora gerente del FMI, Kristalina Georgieva, y el gobernador del BCRD, H\u00e9ctor Valdez Albizu.<\/span><span> (<strong>FUENTE EXTERNA<\/strong>)<\/span><\/p>\n<p>En el marco de las <strong>reuniones<\/strong>, la delegaci\u00f3n del BCRD tambi\u00e9n <strong>particip\u00f3<\/strong> en intercambios t\u00e9cnicos con el <strong>Banco Mundial<\/strong>, a trav\u00e9s del Programa de Asesor\u00eda y Gesti\u00f3n de Reservas (RAMP, por sus siglas en ingl\u00e9s), y en un foro del Banco Interamericano de Desarrollo (BID) sobre pol\u00edticas macroecon\u00f3micas y estabilidad financiera en Am\u00e9rica Latina y el Caribe.<\/p>\n<p>Asimismo, se realizaron <strong>reuniones<\/strong> con representantes de entidades financieras internacionales e inversionistas, entre ellos <strong><em>Bank of America<\/em><\/strong>, BNP Paribas y Citi, abordando oportunidades de inversi\u00f3n y el fortalecimiento de las capacidades de financiamiento del pa\u00eds en un entorno de volatilidad global.<\/p>\n<p>    El gobernador estuvo acompa\u00f1ado por el subgerente de Pol\u00edticas Monetaria, Cambiaria y Financiera, Joel Tejeda Compr\u00e9s; el asesor econ\u00f3mico de la Gobernaci\u00f3n, <strong>Julio And\u00fajar Scheker<\/strong>; el subgerente de Programaci\u00f3n Monetaria y Estudios Econ\u00f3micos, Joel Gonz\u00e1lez Pantale\u00f3n; y el representante de Rep\u00fablica Dominicana ante el FMI, <strong>Frank Fuentes<\/strong>.<\/p>\n<div class=\"read-more mb-7\">    <span class=\"block mb-2\">Leer m\u00e1s<\/span>                            \n<h3><a href=\"https:\/\/www.diariolibre.com\/economia\/macroeconomia\/2026\/02\/04\/valdez-albizu-se-reune-con-embajador-de-la-union-europea\/3426520?utm_source=relacionadas&amp;utm_medium=nota&amp;utm_campaign=relacionadas\" title=\"Valdez Albizu expone a embajador de la Uni\u00f3n Europea comportamiento econ\u00f3mico del pa\u00eds\">Valdez Albizu expone a embajador de la Uni\u00f3n Europea comportamiento econ\u00f3mico del pa\u00eds<\/a><\/h3>\n<\/div>\n<p><\/p>\n<p><\/p>\n<p><\/p>","protected":false},"excerpt":{"rendered":"<p>El gobernador del Banco Central de la Rep\u00fablica Dominicana (BCRD), H\u00e9ctor Valdez Albizu, destac\u00f3 la solidez de los principales indicadores econ\u00f3micos del pa\u00eds durante su participaci\u00f3n en las reuniones de primavera del Fondo&#8230;<\/p>\n","protected":false},"author":0,"featured_media":142260,"comment_status":"open","ping_status":"open","sticky":false,"template":"","format":"standard","meta":{"footnotes":""},"categories":[1],"tags":[],"class_list":["post-142259","post","type-post","status-publish","format-standard","has-post-thumbnail","hentry","category-sin-categoria"],"_links":{"self":[{"href":"http:\/\/joelaybar.com\/wp\/wp-json\/wp\/v2\/posts\/142259","targetHints":{"allow":["GET"]}}],"collection":[{"href":"http:\/\/joelaybar.com\/wp\/wp-json\/wp\/v2\/posts"}],"about":[{"href":"http:\/\/joelaybar.com\/wp\/wp-json\/wp\/v2\/types\/post"}],"replies":[{"embeddable":true,"href":"http:\/\/joelaybar.com\/wp\/wp-json\/wp\/v2\/comments?post=142259"}],"version-history":[{"count":0,"href":"http:\/\/joelaybar.com\/wp\/wp-json\/wp\/v2\/posts\/142259\/revisions"}],"wp:featuredmedia":[{"embeddable":true,"href":"http:\/\/joelaybar.com\/wp\/wp-json\/wp\/v2\/media\/142260"}],"wp:attachment":[{"href":"http:\/\/joelaybar.com\/wp\/wp-json\/wp\/v2\/media?parent=142259"}],"wp:term":[{"taxonomy":"category","embeddable":true,"href":"http:\/\/joelaybar.com\/wp\/wp-json\/wp\/v2\/categories?post=142259"},{"taxonomy":"post_tag","embeddable":true,"href":"http:\/\/joelaybar.com\/wp\/wp-json\/wp\/v2\/tags?post=142259"}],"curies":[{"name":"wp","href":"https:\/\/api.w.org\/{rel}","templated":true}]}}