{"id":142288,"date":"2026-04-19T09:39:00","date_gmt":"2026-04-19T09:39:00","guid":{"rendered":"http:\/\/joelaybar.com\/wp\/2026\/04\/19\/persecuciones-de-motoristas-tras-incidentes-de-transito-se-repiten-6\/"},"modified":"2026-04-19T09:39:00","modified_gmt":"2026-04-19T09:39:00","slug":"persecuciones-de-motoristas-tras-incidentes-de-transito-se-repiten-6","status":"publish","type":"post","link":"http:\/\/joelaybar.com\/wp\/2026\/04\/19\/persecuciones-de-motoristas-tras-incidentes-de-transito-se-repiten-6\/","title":{"rendered":"Persecuciones de motoristas tras incidentes de tr\u00e1nsito se repiten"},"content":{"rendered":"<p>La muerte de un conductor en <strong>Santiago<\/strong> el pasado viernes, tras ser perseguido y atacado por una <strong>turba<\/strong> de motoristas luego de un <strong>incidente<\/strong> de <strong>tr\u00e1nsito<\/strong>, volvi\u00f3 a colocar bajo escrutinio un fen\u00f3meno que se ha repetido en diferentes puntos del pa\u00eds: <strong>persecuciones<\/strong> colectivas de motoristas contra conductores, algunas grabadas y difundidas en redes sociales, con consecuencias que van desde <strong>da\u00f1os<\/strong> materiales hasta desenlaces fatales.<\/p>\n<h2>Persecuci\u00f3n en la Circunvalaci\u00f3n que termin\u00f3 en muerte<\/h2>\n<p>El hecho m\u00e1s reciente ocurri\u00f3 en la <strong>avenida<\/strong> Circunvalaci\u00f3n Norte de <strong>Santiago<\/strong>, cuando el conductor de un cami\u00f3n recolector de basura, <strong>David Carlos Abreu Quesada<\/strong>, de 40 a\u00f1os, fue perseguido tras un roce con una motocicleta y habr\u00eda abandonado el lugar del hecho. <\/p>\n<p>La persecuci\u00f3n culmin\u00f3 en el <strong>Palacio de Justicia<\/strong> de <strong>Santiago<\/strong>, donde el chofer intent\u00f3 refugiarse. Fue herido con un <strong>arma<\/strong> blanca y posteriormente falleci\u00f3 en el hospital Presidente Estrella Ure\u00f1a. <\/p>\n<p>Por el caso, la <strong>Polic\u00eda Nacional<\/strong> inform\u00f3 del arresto de ocho motoconchistas, quienes fueron puestos a disposici\u00f3n del <strong>Ministerio P\u00fablico<\/strong>.<\/p>\n<div class=\"w-full pt-2 float-left inside-related\">    <span class=\"border-b border-black pb-3 mb-4 block\"><strong>RELACIONADAS<\/strong><\/span>                                \n<div class=\"xl:w-2\/12 w-4\/12\">                                                                        <a href=\"https:\/\/www.diariolibre.com\/actualidad\/sucesos\/2026\/04\/18\/detienen-a-ocho-motoconchistas-por-muerte-de-conductor\/3506979?utm_source=relacionadas&amp;utm_medium=nota&amp;utm_campaign=relacionadas\" title=\"                                                                                                                            \">                                                                                                                            <\/a>                                                            <\/div>\n<div class=\"xl:w-10\/12 w-8\/12 pl-3\">\n<div class=\"text-md mb-2 meta\">                        <a href=\"https:\/\/www.diariolibre.com\/actualidad\/sucesos\" title=\"Sucesos\">Sucesos<\/a>                    <\/div>\n<h2><a href=\"https:\/\/www.diariolibre.com\/actualidad\/sucesos\/2026\/04\/18\/detienen-a-ocho-motoconchistas-por-muerte-de-conductor\/3506979?utm_source=relacionadas&amp;utm_medium=nota&amp;utm_campaign=relacionadas\" title=\"Detienen a ocho motoconchistas por muerte de conductor en Santiago\">Detienen a ocho motoconchistas por muerte de conductor en Santiago<\/a><\/h2>\n<\/div>\n<div class=\"xl:w-2\/12 w-4\/12\">                                                                        <a href=\"https:\/\/www.diariolibre.com\/actualidad\/sucesos\/2026\/04\/18\/muere-conductor-que-fue-atacado-por-turba-de-motoristas-tras-incidente\/3506836?utm_source=relacionadas&amp;utm_medium=nota&amp;utm_campaign=relacionadas\" title=\"                                                                                                                            \">                                                                                                                            <\/a>                                                            <\/div>\n<div class=\"xl:w-10\/12 w-8\/12 pl-3\">\n<div class=\"text-md mb-2 meta\">                        <a href=\"https:\/\/www.diariolibre.com\/actualidad\/sucesos\" title=\"Sucesos\">Sucesos<\/a>                    <\/div>\n<h2><a href=\"https:\/\/www.diariolibre.com\/actualidad\/sucesos\/2026\/04\/18\/muere-conductor-que-fue-atacado-por-turba-de-motoristas-tras-incidente\/3506836?utm_source=relacionadas&amp;utm_medium=nota&amp;utm_campaign=relacionadas\" title=\"Muere conductor que fue apu\u00f1alado por turba de motoristas tras incidente de tr\u00e1nsito en Santiago\">Muere conductor que fue apu\u00f1alado por turba de motoristas tras incidente de tr\u00e1nsito en Santiago<\/a><\/h2>\n<\/div>\n<\/div>\n<h2>Otros episodios en el Gran Santo Domingo<\/h2>\n<p>En el <strong>Distrito Nacional<\/strong>, hechos similares se han producido sin desenlace mortal. Uno de ellos ocurri\u00f3 en julio del 2025, cuando un conductor fue rodeado y perseguido por motoristas luego de un <strong>conflicto vial<\/strong> en la <strong>avenida John F. Kennedy<\/strong>. <\/p>\n<p>En videos difundidos se observa c\u00f3mo los <strong>motoconchistas lanzan piedras<\/strong> y cascos protectores contra el veh\u00edculo en marcha, rompiendo todos sus <strong>cristales<\/strong>. La Polic\u00eda <a href=\"https:\/\/www.diariolibre.com\/actualidad\/sucesos\/2025\/07\/04\/detienen-a-seis-motociclistas-por-danos-a-vehiculo-en-plena-kennedy\/3172286\" title=\"detuvo a seis personas\">detuvo a seis personas<\/a> por este hecho.<\/p>\n<p>    <span class=\"block mb-2\"><strong>Te puede interesar<\/strong><\/span>                <\/p>\n<h2><a href=\"https:\/\/www.diariolibre.com\/actualidad\/sucesos\/2025\/07\/04\/detienen-a-seis-motociclistas-por-danos-a-vehiculo-en-plena-kennedy\/3172286?utm_source=relacionadas&amp;utm_medium=nota&amp;utm_campaign=relacionadas\" title=\"Detienen seis motociclistas tras ataque viral a veh\u00edculo en movimiento en plena Kennedy\">Detienen seis motociclistas tras ataque viral a veh\u00edculo en movimiento en plena Kennedy<\/a><\/h2>\n<p>Un caso ocurrido en mayo del 2024 documenta una <strong>persecuci\u00f3n directa<\/strong> de un motorista contra un conductor tras un roce vial. <\/p>\n<p>Seg\u00fan el testimonio de la v\u00edctima, el motociclista lo sigui\u00f3 en plena v\u00eda, le lanz\u00f3 un casco contra el veh\u00edculo y luego lo intercept\u00f3 en medio del <strong>tr\u00e1nsito<\/strong>, golpeando el cristal e intentando obligarlo a bajarse. El incidente culmin\u00f3 con una <strong>pedrada<\/strong> contra el autom\u00f3vil.<\/p>\n<p>El problema viene desde antes. Un grupo de motoristas <a href=\"https:\/\/www.diariolibre.com\/actualidad\/video-motoristas-persiguen-guagua-publica-y-golpean-al-chofer-FI19338580\" title=\"persigui\u00f3 y agredi\u00f3 al chofer\">persigui\u00f3 y agredi\u00f3 al chofer<\/a> de una guagua p\u00fablica en<strong>\u00a0junio de 2020<\/strong> en el sector <strong>Manoguayabo<\/strong>, en <strong>Santo Domingo Oeste<\/strong>. La persecuci\u00f3n se produjo luego de un incidente en el tr\u00e1nsito, mientras el veh\u00edculo se desplazaba a alta velocidad. <\/p>\n<p>Cuando la guagua qued\u00f3 detenida en un taponamiento, los motoristas lanzaron <strong>piedras y botellas<\/strong> y uno de ellos golpe\u00f3 al conductor en la cabeza, provoc\u00e1ndole la p\u00e9rdida del conocimiento. El chofer fue ingresado en un centro de salud, mientras versiones no confirmadas en redes se\u00f1alaban una supuesta vinculaci\u00f3n previa con un robo.<\/p>\n<h2>Voces oficiales que han advertido sobre el fen\u00f3meno<\/h2>\n<p>Tras estos y otros hechos, autoridades y actores institucionales han advertido p\u00fablicamente sobre los <strong>riesgos<\/strong> de la <strong>violencia colectiva<\/strong> en el <strong>tr\u00e1nsito<\/strong>. <\/p>\n<p>El director ejecutivo del <strong>Instituto Nacional de Tr\u00e1nsito y Transporte Terrestre<\/strong> (Intrant), <strong>Milton Morrison<\/strong>, ha insistido en diversos escenarios en la necesidad de reforzar la regulaci\u00f3n de las motocicletas y de combatir la cultura de confrontaci\u00f3n en las v\u00edas p\u00fablicas. <\/p>\n<p>Desde la <strong>Polic\u00eda Nacional<\/strong> se ha reiterado que las agresiones cometidas en grupo constituyen <strong>delitos penalmente perseguibles<\/strong>, independientemente de que se originen en <strong>incidentes<\/strong> de <strong>tr\u00e1nsito<\/strong>.<\/p>\n<p> Asimismo, desde el \u00e1mbito judicial, la procuradora general de la Rep\u00fablica, <strong>Yeni Berenice Reynoso<\/strong>, ha sostenido que el 58.9 % de los homicidios registrados en el pa\u00eds tiene su origen en <strong>conflictos<\/strong> sociales. Esto implica que cerca de seis de cada 10 casos tienen su origen en disputas interpersonales.<\/p>\n<div class=\"read-more mb-7\">    <span class=\"block mb-2\">Leer m\u00e1s<\/span>                            \n<h3><a href=\"https:\/\/www.diariolibre.com\/actualidad\/justicia\/2026\/03\/18\/mayoria-de-homicidios-en-rd-son-por-conflictos-sociales\/3473108?utm_source=relacionadas&amp;utm_medium=nota&amp;utm_campaign=relacionadas\" title=\"Los conflictos sociales generan el 58 % de los homicidios en Rep\u00fablica Dominicana\">Los conflictos sociales generan el 58 % de los homicidios en Rep\u00fablica Dominicana<\/a><\/h3>\n<\/div>","protected":false},"excerpt":{"rendered":"<p>La muerte de un conductor en Santiago el pasado viernes, tras ser perseguido y atacado por una turba de motoristas luego de un incidente de tr\u00e1nsito, volvi\u00f3 a colocar bajo escrutinio un fen\u00f3meno&#8230;<\/p>\n","protected":false},"author":0,"featured_media":142251,"comment_status":"open","ping_status":"open","sticky":false,"template":"","format":"standard","meta":{"footnotes":""},"categories":[1],"tags":[],"class_list":["post-142288","post","type-post","status-publish","format-standard","has-post-thumbnail","hentry","category-sin-categoria"],"_links":{"self":[{"href":"http:\/\/joelaybar.com\/wp\/wp-json\/wp\/v2\/posts\/142288","targetHints":{"allow":["GET"]}}],"collection":[{"href":"http:\/\/joelaybar.com\/wp\/wp-json\/wp\/v2\/posts"}],"about":[{"href":"http:\/\/joelaybar.com\/wp\/wp-json\/wp\/v2\/types\/post"}],"replies":[{"embeddable":true,"href":"http:\/\/joelaybar.com\/wp\/wp-json\/wp\/v2\/comments?post=142288"}],"version-history":[{"count":0,"href":"http:\/\/joelaybar.com\/wp\/wp-json\/wp\/v2\/posts\/142288\/revisions"}],"wp:featuredmedia":[{"embeddable":true,"href":"http:\/\/joelaybar.com\/wp\/wp-json\/wp\/v2\/media\/142251"}],"wp:attachment":[{"href":"http:\/\/joelaybar.com\/wp\/wp-json\/wp\/v2\/media?parent=142288"}],"wp:term":[{"taxonomy":"category","embeddable":true,"href":"http:\/\/joelaybar.com\/wp\/wp-json\/wp\/v2\/categories?post=142288"},{"taxonomy":"post_tag","embeddable":true,"href":"http:\/\/joelaybar.com\/wp\/wp-json\/wp\/v2\/tags?post=142288"}],"curies":[{"name":"wp","href":"https:\/\/api.w.org\/{rel}","templated":true}]}}