{"id":142291,"date":"2026-04-19T14:13:00","date_gmt":"2026-04-19T14:13:00","guid":{"rendered":"http:\/\/joelaybar.com\/wp\/2026\/04\/19\/razon-por-la-que-elizabeth-silverio-fue-condenada-a-cinco-anos-2\/"},"modified":"2026-04-19T14:13:00","modified_gmt":"2026-04-19T14:13:00","slug":"razon-por-la-que-elizabeth-silverio-fue-condenada-a-cinco-anos-2","status":"publish","type":"post","link":"http:\/\/joelaybar.com\/wp\/2026\/04\/19\/razon-por-la-que-elizabeth-silverio-fue-condenada-a-cinco-anos-2\/","title":{"rendered":"Raz\u00f3n por la que Elizabeth Silverio fue condenada a cinco a\u00f1os"},"content":{"rendered":"<p>La condena de cinco a\u00f1os de prisi\u00f3n impuesta a <strong>Elizabeth Silverio Silien<\/strong> por dar falsas calidades de m\u00e9dico, en lugar de los <strong>siete a\u00f1os<\/strong> dictados en un <strong>primer juicio<\/strong> de fondo en el 2024, se debe a un <strong>principio legal<\/strong> que impide agravar la pena cuando es solo la parte imputada que apela la sentencia.<\/p>\n<p>El <strong>Ministerio P\u00fablico<\/strong> y los representantes de los <strong>11 querellantes<\/strong> y actores civiles que acusaron a <strong>Silvestre Silien<\/strong> de hacerse pasar como neurocient\u00edfica y psicoterapeuta para ofrecer terapias a ni\u00f1os autistas sin poseer los t\u00edtulos universitarios que la facultara, no recurrieron la sentencia del <strong>primer juicio<\/strong> de fondo, que fue declarado nulo.<\/p>\n<p>El primer proceso fue dejado sin efecto por la <strong>Tercera Sala<\/strong> de la C\u00e1mara Penal de la <strong>Corte de Apelaci\u00f3n<\/strong> en octubre del 2025, que acogi\u00f3 la impugnaci\u00f3n\u00a0 de la defensa de la imputada. <\/p>\n<p>Esos magistrados,\u00a0Pedro Antonio S\u00e1nchez Rivera, (presidente), Nancy Mar\u00eda Joaquina Guzm\u00e1n y July Elizabeth Tamar\u00edz N\u00fa\u00f1ez, concluyeron que hubo \u201cfalta de valoraci\u00f3n de pruebas aportadas por la parte recurrente\u201d y que el <strong>fallo que la conden\u00f3 en un principio a siete a\u00f1os carec\u00eda<\/strong> de \u201cmotivaci\u00f3n\u201d.\u00a0\u00a0En ese sentido, ordenaron un nuevo proceso contra la <strong>\u00abfalsa\u00bb m\u00e9dico<\/strong>.<\/p>\n<div class=\"expand-img-placeholder\"><span class=\"rutaimagenoriginal-placeholder\">https:\/\/resources.diariolibre.com\/images\/2026\/04\/19\/elizabeth-silverio-01-8ff676a9.jpg<\/span><\/div>\n<p><span>Elizabeth Silverio Silien sostiene un segundo libro que ha publicado y que promueve en sus redes sociales, titulado Biolog\u00eda Celeste.<\/span><span> (<strong>FUENTE EXTERNA<\/strong>)<\/span><\/p>\n<h2>Motivaci\u00f3n de jueza del <strong>segundo juicio<\/strong><\/h2>\n<p>Al pronunciar su condena de cinco a\u00f1os contra Silverio Silien, la pasada semana, la <strong>jueza Milagros Ram\u00edrez<\/strong> Cabrera, de la Novena Sala Penal del Distrito Nacional, cit\u00f3 el <strong>art\u00edculo 420<\/strong> del <strong>C\u00f3digo Procesal Penal<\/strong> que, dijo, plantea que cuando una sentencia es impugnada solo por el acusado o su defensor \u201cno puede ser modificada en su perjuicio ni puede imponerse de una <strong>pena m\u00e1s grave<\/strong>\u201d.<\/p>\n<p>    \u201cSe acogi\u00f3 la apelaci\u00f3n de la hoy imputada y, en ese contexto, el <strong>art\u00edculo 420<\/strong> del <strong>C\u00f3digo Procesal Penal<\/strong> plantea: (&#8230;) cuando la decisi\u00f3n solo es impugnada por el imputado o su defensor, no puede ser modificada en su perjuicio, ni puede imponerse de una <strong>pena m\u00e1s grave<\/strong>\u201d, argument\u00f3.<\/p>\n<p>La decisi\u00f3n \u00edntegra del fallo de Ram\u00edrez Cabrera ser\u00e1 le\u00edda el pr\u00f3ximo\u00a0<strong>10 de junio<\/strong>, a las <strong>11:00 de la ma\u00f1ana<\/strong>.<\/p>\n<p>El <strong>Ministerio P\u00fablico<\/strong> y las <strong>v\u00edctimas<\/strong> solicitaban en este <strong>segundo juicio<\/strong> que se condenara a la imputada a los <strong>siete a\u00f1os<\/strong> que decidi\u00f3 el Tercer Tribunal Colegiado del Distrito Nacional en octubre del 2024.<\/p>\n<p>El nuevo fallo determin\u00f3 que <strong>Silverio Silien<\/strong>, de 31 a\u00f1os de edad, us\u00f3 la \u201c<strong>falsa calidad<\/strong>\u201d de psicoterapeuta y neurocient\u00edfica para evaluar y dar terapias a ni\u00f1os desde los 18 meses, y a j\u00f3venes de 25 a\u00f1os de edad con TEA. <\/p>\n<p>Las alegadas estafas a los padres de los pacientes se hac\u00edan a trav\u00e9s del <strong>Centro de Terapias<\/strong> Neurocognitivas y Psicopedag\u00f3gicas <strong>Knowledge Land<\/strong> (<strong>Kogland<\/strong>), ubicado en Gascue, Distrito Nacional.<\/p>\n<p><strong>Kogland<\/strong> tambi\u00e9n tiene como socio al <strong>esposo<\/strong> de Silverio Silien, <strong>David B\u00e1ez Zorrilla<\/strong>. <\/p>\n<p>La imputada alegaba tener t\u00edtulos de universidades extranjeras, incluidas la de\u00a0<strong>Cambridge<\/strong>, en Inglaterra, as\u00ed como un exequ\u00e1tur que el <strong>Ministerio P\u00fablico<\/strong> pudo comprobar que no exist\u00eda.<\/p>\n<p><!-- ctrlPlaceHolderQuote Inicio --><\/p>\n<div class=\"mb-5 component cita\">    \u00abNo se demuestra que la hoy imputada tenga alg\u00fan tipo de estudio de grado o superior que la acredite para hacer alg\u00fan tipo de evaluaci\u00f3n a ni\u00f1os, ni\u00f1as, j\u00f3venes con condiciones dentro del trastorno del espectro autista\u00bb        <span class=\"author\"><strong>Milagros Ram\u00edrez<\/strong><\/span>        <span class=\"status\">Jueza de la Novena Sala Penal del DN<\/span>        <span class=\"cita-icon\">\u201c<\/span><\/div>\n<p><!-- ctrlPlaceHolderQuote Final --><\/p>\n<h2><strong>290 mil pesos<\/strong> para ingresar a su hijo <\/h2>\n<p>Una de las <strong>v\u00edctimas<\/strong> narr\u00f3 durante los procesos contra la hoy condenada que pag\u00f3 <strong>290,000 pesos<\/strong> para ingresar a su hijo en el <strong>Kogland<\/strong> y 25,000 pesos mensuales, cuyos diagn\u00f3sticos eran firmados por la acusada \u201ccomo PhD y con su exequ\u00e1tur, doctora Elizabeth Silverio PhD\u201d.<\/p>\n<div class=\"read-more mb-7\">    <span class=\"block mb-2\">Leer m\u00e1s<\/span>                            \n<h3><a href=\"https:\/\/www.diariolibre.com\/actualidad\/justicia\/2026\/04\/14\/por-que-elizabeth-silverio-no-ira-a-prision-de-inmediato-tras-condena\/3502500?utm_source=relacionadas&amp;utm_medium=nota&amp;utm_campaign=relacionadas\" title=\"\u00bfPor qu\u00e9 Elizabeth Silverio no ir\u00e1 a prisi\u00f3n de inmediato pese a una condena de cinco a\u00f1os?\">\u00bfPor qu\u00e9 Elizabeth Silverio no ir\u00e1 a prisi\u00f3n de inmediato pese a una condena de cinco a\u00f1os?<\/a><\/h3>\n<h3><a href=\"https:\/\/www.diariolibre.com\/actualidad\/justicia\/2026\/04\/14\/elizabeth-silverio-conmigo-se-quiere-tapar-lo-que-pasa-en-este-pais\/3502371?utm_source=relacionadas&amp;utm_medium=nota&amp;utm_campaign=relacionadas\" title=\"Elizabeth Silverio: conmigo se quiere tapar lo que verdaderamente pasa en este pa\u00eds\">Elizabeth Silverio: conmigo se quiere tapar lo que verdaderamente pasa en este pa\u00eds<\/a><\/h3>\n<\/div>\n<p><\/p>","protected":false},"excerpt":{"rendered":"<p>La condena de cinco a\u00f1os de prisi\u00f3n impuesta a Elizabeth Silverio Silien por dar falsas calidades de m\u00e9dico, en lugar de los siete a\u00f1os dictados en un primer juicio de fondo en el&#8230;<\/p>\n","protected":false},"author":0,"featured_media":142286,"comment_status":"open","ping_status":"open","sticky":false,"template":"","format":"standard","meta":{"footnotes":""},"categories":[1],"tags":[],"class_list":["post-142291","post","type-post","status-publish","format-standard","has-post-thumbnail","hentry","category-sin-categoria"],"_links":{"self":[{"href":"http:\/\/joelaybar.com\/wp\/wp-json\/wp\/v2\/posts\/142291","targetHints":{"allow":["GET"]}}],"collection":[{"href":"http:\/\/joelaybar.com\/wp\/wp-json\/wp\/v2\/posts"}],"about":[{"href":"http:\/\/joelaybar.com\/wp\/wp-json\/wp\/v2\/types\/post"}],"replies":[{"embeddable":true,"href":"http:\/\/joelaybar.com\/wp\/wp-json\/wp\/v2\/comments?post=142291"}],"version-history":[{"count":0,"href":"http:\/\/joelaybar.com\/wp\/wp-json\/wp\/v2\/posts\/142291\/revisions"}],"wp:featuredmedia":[{"embeddable":true,"href":"http:\/\/joelaybar.com\/wp\/wp-json\/wp\/v2\/media\/142286"}],"wp:attachment":[{"href":"http:\/\/joelaybar.com\/wp\/wp-json\/wp\/v2\/media?parent=142291"}],"wp:term":[{"taxonomy":"category","embeddable":true,"href":"http:\/\/joelaybar.com\/wp\/wp-json\/wp\/v2\/categories?post=142291"},{"taxonomy":"post_tag","embeddable":true,"href":"http:\/\/joelaybar.com\/wp\/wp-json\/wp\/v2\/tags?post=142291"}],"curies":[{"name":"wp","href":"https:\/\/api.w.org\/{rel}","templated":true}]}}