{"id":142306,"date":"2026-04-19T16:32:00","date_gmt":"2026-04-19T16:32:00","guid":{"rendered":"http:\/\/joelaybar.com\/wp\/2026\/04\/19\/rd-exhibira-crecimiento-de-3-7-en-2026-y-llegara-a-4-4-en-2027\/"},"modified":"2026-04-19T16:32:00","modified_gmt":"2026-04-19T16:32:00","slug":"rd-exhibira-crecimiento-de-3-7-en-2026-y-llegara-a-4-4-en-2027","status":"publish","type":"post","link":"http:\/\/joelaybar.com\/wp\/2026\/04\/19\/rd-exhibira-crecimiento-de-3-7-en-2026-y-llegara-a-4-4-en-2027\/","title":{"rendered":"RD exhibir\u00e1 crecimiento de 3.7 &#037; en 2026 y llegar\u00e1 a 4.4 &#037; en 2027"},"content":{"rendered":"<p>Tomando en cuenta las <strong>repercusiones<\/strong> que tendr\u00e1 la guerra contra Ir\u00e1n en la econom\u00eda de las Am\u00e9ricas, el <strong>Fondo Monetario Internacional<\/strong> (<strong>FMI<\/strong>) estima que la <strong>Rep\u00fablica Dominicana<\/strong> alcanzar\u00e1 un crecimiento de 3.7 % al cierre del 2026, siendo la cuarta naci\u00f3n de mayor crecimiento en la <strong>regi\u00f3n<\/strong> de Centroam\u00e9rica.<\/p>\n<p>Para el <strong>2027<\/strong>, la <strong>econom\u00eda dominicana<\/strong> exhibir\u00eda una mejora de siete puntos porcentuales, registrando un crecimiento del producto interno bruto (PIB) real de <strong>4.4 %<\/strong>, lo que lo har\u00eda el segundo pa\u00eds de mayor expansi\u00f3n el a\u00f1o pr\u00f3ximo, solo por detr\u00e1s de Panam\u00e1 (4.5 %).<\/p>\n<p>En su m\u00e1s reciente an\u00e1lisis de perspectivas econ\u00f3micas para la <strong>regi\u00f3n<\/strong>, el organismo multilateral espera que la inflaci\u00f3n en el pa\u00eds alcance un 4.5 % al concluir el presente a\u00f1o y una reducci\u00f3n de cinco puntos porcentuales en el <strong>2027<\/strong>, para una tasa de 4.0 %.<\/p>\n<p>Estas proyecciones se encuentran en l\u00ednea con las expectativas del <strong>Banco Central<\/strong> de la <strong>Rep\u00fablica Dominicana<\/strong> (BCRD). Al participar en varias reuniones del <strong>FMI<\/strong> y del Banco Mundial la semana pasada, el gobernador <strong>H\u00e9ctor Valdez Albizu<\/strong> estim\u00f3 que el crecimiento oscilar\u00e1 entre 3.5 % y 4.0 % al cierre del a\u00f1o.<\/p>\n<p>Hasta ahora, la <strong>actividad econ\u00f3mica<\/strong> ha mostrado una <strong>recuperaci\u00f3n gradual<\/strong>, con alzas de 3.5 % en enero y 3.9 % en febrero. En tanto, la inflaci\u00f3n interanual se ubic\u00f3 en 4.63 % en marzo, dentro del rango meta\u00a0 4.0 % \u00b1 1.0 %.<\/p>\n<p>\u00a0<\/p>\n<p>                        Crecimiento econ\u00f3mico de Centroam\u00e9rica, Panam\u00e1 y Rep\u00fablica Dominicana\u00a0                            <strong>Pa\u00edses<\/strong>            <strong>\u00a02026<\/strong>            <strong>\u00a02027<\/strong>                            Costa Rica            3.6            3.6                            Rep\u00fablica Dominicana            3.7            4.4\u00a0                            El Salvador            3.3            3.0\u00a0                            Guatemala            3.9\u00a0            4.0\u00a0                            Honduras            3.3\u00a0            3.7\u00a0                            Nicaragua            3.8\u00a0            3.8\u00a0                            Panam\u00e1            \u00a03.8            4.5                            \u00a0<strong>Fuente:\u00a0<\/strong><em>Fondo Monetario Internacional (<strong>FMI<\/strong>)<\/em>            <\/p>\n<p>\u00a0<\/p>\n<div class=\"w-full pt-2 float-left inside-related\">    <span class=\"border-b border-black pb-3 mb-4 block\"><strong>RELACIONADAS<\/strong><\/span>                                \n<div class=\"xl:w-2\/12 w-4\/12\">                                                                        <a href=\"https:\/\/www.diariolibre.com\/economia\/finanzas\/2026\/04\/19\/valdez-albizu-destaca-indicadores-de-rd-en-reuniones-con-fmi-y-bm\/3507266?utm_source=relacionadas&amp;utm_medium=nota&amp;utm_campaign=relacionadas\" title=\"                                                                                                                            \">                                                                                                                            <\/a>                                                            <\/div>\n<div class=\"xl:w-10\/12 w-8\/12 pl-3\">\n<div class=\"text-md mb-2 meta\">                        <a href=\"https:\/\/www.diariolibre.com\/economia\/finanzas\" title=\"Finanzas\">Finanzas<\/a>                    <\/div>\n<h2><a href=\"https:\/\/www.diariolibre.com\/economia\/finanzas\/2026\/04\/19\/valdez-albizu-destaca-indicadores-de-rd-en-reuniones-con-fmi-y-bm\/3507266?utm_source=relacionadas&amp;utm_medium=nota&amp;utm_campaign=relacionadas\" title=\"Valdez Albizu destaca indicadores econ\u00f3micos de RD en reuniones con el FMI y el Banco Mundial\">Valdez Albizu destaca indicadores econ\u00f3micos de RD en reuniones con el FMI y el Banco Mundial<\/a><\/h2>\n<\/div>\n<\/div>\n<p>\u00a0<\/p>\n<h2>Una capacidad limitada de respuesta<\/h2>\n<p>En su an\u00e1lisis, el <strong>FMI<\/strong> reconoci\u00f3 que el 2026 en las Am\u00e9ricas hab\u00eda iniciado en una posici\u00f3n s\u00f3lida, con un ritmo de crecimiento pr\u00f3ximo a su nivel potencial, con una inflaci\u00f3n que converg\u00eda en su rango meta en la mayor\u00eda de los pa\u00edses y unas <strong>brechas de producci\u00f3n<\/strong> mayormente cerradas.<\/p>\n<p>Sin embargo, la <strong>guerra del Golfo P\u00e9rsico<\/strong> cambi\u00f3 el panorama, teniendo <strong>repercusiones<\/strong> en la <strong>regi\u00f3n<\/strong> que se reflejar\u00e1n de manera desigual en los distintos pa\u00edses.<\/p>\n<p>\u201cLos grandes <strong>productores de petr\u00f3leo<\/strong> se est\u00e1n beneficiando de los elevados <strong>precios de la energ\u00eda<\/strong>, mientras que los importadores de materias primas energ\u00e9ticas y alimentos \u2013especialmente aquellos con una elevada deuda p\u00fablica, escasas reservas internacionales o dependencia del financiamiento externo\u2013 se enfrentan a efectos econ\u00f3micos claramente negativos\u201d, subraya el <strong>FMI<\/strong>.<\/p>\n<p>Para la entidad financiera internacional, las medidas adoptadas en el pasado para reforzar los marcos de <strong>pol\u00edtica monetaria<\/strong> deber\u00edan contribuir a contener las <strong>presiones inflacionarias<\/strong> aunque, en la mayor\u00eda de los casos, el <strong>margen de maniobra<\/strong> de la <strong>pol\u00edtica fiscal<\/strong> para responder al shock es limitado.<\/p>\n<p>Esto pondr\u00e1 en los pa\u00edses en la encrucijada de si r<strong>educir el gasto en otros \u00e1mbitos<\/strong> o <strong>aumentar los ingresos <\/strong>precedentes de quienes puedan permit\u00edrselo.<\/p>\n<p>El <strong>FMI<\/strong> observ\u00f3 que este escenario hace imperativo resistir las <strong>presiones pol\u00edticas<\/strong> para contener el aumento de los precios de los combustibles y los alimentos, distribuyendo de forma estrat\u00e9gica la ayuda destinada a los colectivos vulnerables.<\/p>\n<div class=\"read-more mb-7\">    <span class=\"block mb-2\">Leer m\u00e1s<\/span>                            \n<h3><a href=\"https:\/\/www.diariolibre.com\/economia\/energia\/2026\/04\/10\/advierten-tensiones-en-ormuz-podrian-impactar-economia-de-rd\/3497849?utm_source=relacionadas&amp;utm_medium=nota&amp;utm_campaign=relacionadas\" title=\"Economistas advierten que tensiones en Ormuz podr\u00edan impactar la econom\u00eda dominicana\">Economistas advierten que tensiones en Ormuz podr\u00edan impactar la econom\u00eda dominicana<\/a><\/h3>\n<h3><a href=\"https:\/\/www.diariolibre.com\/economia\/macroeconomia\/2026\/04\/01\/economia-dominicana-crece-un-39--en-febrero\/3488844?utm_source=relacionadas&amp;utm_medium=nota&amp;utm_campaign=relacionadas\" title=\"La econom\u00eda dominicana crece 3.9 % en febrero y marca su mejor ritmo en casi un a\u00f1o\">La econom\u00eda dominicana crece 3.9 % en febrero y marca su mejor ritmo en casi un a\u00f1o<\/a><\/h3>\n<\/div>\n<p>\u00a0<\/p>\n<p>\u00a0<\/p>","protected":false},"excerpt":{"rendered":"<p>Tomando en cuenta las repercusiones que tendr\u00e1 la guerra contra Ir\u00e1n en la econom\u00eda de las Am\u00e9ricas, el Fondo Monetario Internacional (FMI) estima que la Rep\u00fablica Dominicana alcanzar\u00e1 un crecimiento de 3.7 %&#8230;<\/p>\n","protected":false},"author":0,"featured_media":142307,"comment_status":"open","ping_status":"open","sticky":false,"template":"","format":"standard","meta":{"footnotes":""},"categories":[1],"tags":[],"class_list":["post-142306","post","type-post","status-publish","format-standard","has-post-thumbnail","hentry","category-sin-categoria"],"_links":{"self":[{"href":"http:\/\/joelaybar.com\/wp\/wp-json\/wp\/v2\/posts\/142306","targetHints":{"allow":["GET"]}}],"collection":[{"href":"http:\/\/joelaybar.com\/wp\/wp-json\/wp\/v2\/posts"}],"about":[{"href":"http:\/\/joelaybar.com\/wp\/wp-json\/wp\/v2\/types\/post"}],"replies":[{"embeddable":true,"href":"http:\/\/joelaybar.com\/wp\/wp-json\/wp\/v2\/comments?post=142306"}],"version-history":[{"count":0,"href":"http:\/\/joelaybar.com\/wp\/wp-json\/wp\/v2\/posts\/142306\/revisions"}],"wp:featuredmedia":[{"embeddable":true,"href":"http:\/\/joelaybar.com\/wp\/wp-json\/wp\/v2\/media\/142307"}],"wp:attachment":[{"href":"http:\/\/joelaybar.com\/wp\/wp-json\/wp\/v2\/media?parent=142306"}],"wp:term":[{"taxonomy":"category","embeddable":true,"href":"http:\/\/joelaybar.com\/wp\/wp-json\/wp\/v2\/categories?post=142306"},{"taxonomy":"post_tag","embeddable":true,"href":"http:\/\/joelaybar.com\/wp\/wp-json\/wp\/v2\/tags?post=142306"}],"curies":[{"name":"wp","href":"https:\/\/api.w.org\/{rel}","templated":true}]}}