{"id":142350,"date":"2026-04-19T23:00:00","date_gmt":"2026-04-19T23:00:00","guid":{"rendered":"https:\/\/joelaybar.com\/wp\/2026\/04\/19\/abraham-f-lowenthal-analiza-el-multilateralismo-en-la-era-de-trump-2\/"},"modified":"2026-04-19T23:00:00","modified_gmt":"2026-04-19T23:00:00","slug":"abraham-f-lowenthal-analiza-el-multilateralismo-en-la-era-de-trump-2","status":"publish","type":"post","link":"http:\/\/joelaybar.com\/wp\/2026\/04\/19\/abraham-f-lowenthal-analiza-el-multilateralismo-en-la-era-de-trump-2\/","title":{"rendered":"Abraham F. Lowenthal analiza el multilateralismo en la era de Trump"},"content":{"rendered":"<p>El <strong>intelectual<\/strong>, polit\u00f3logo y acad\u00e9mico estadounidense <strong>Abraham F. Lowenthal<\/strong>, volvi\u00f3 a pisar suelo dominicano, ya medio encorvado por los efectos de la gravedad en su cuerpo, de pasos cortos, pero con <strong>memoria prodigiosa<\/strong>. A sus 85 a\u00f1os rememora la primera vez que estuvo en Quisqueya.<\/p>\n<p>Cuenta que corr\u00eda el a\u00f1o <strong>1964<\/strong>, con apenas 23 a\u00f1os de edad, cuando conoci\u00f3 el primer Santiago de Am\u00e9rica. En aquel entonces trabaj\u00f3 con la <strong>Asociaci\u00f3n para el Desarrollo de Santiago<\/strong>, una fundaci\u00f3n filantr\u00f3pica que presid\u00eda el ingeniero <strong>Tom\u00e1s Pastoriza<\/strong> (Jimmy).\u00a0<\/p>\n<p>En la hidalga de los 30 caballeros conoci\u00f3 al sacerdote <strong>Agripino N\u00fa\u00f1ez Collado<\/strong>, \u00e9l lo invit\u00f3 a impartir un <strong>curso de Ciencias Pol\u00edticas<\/strong> en la Pontificia Universidad Cat\u00f3lica Madre y Maestra (<strong>PUCMM<\/strong>), casa de estudio que el pasado viernes lo invisti\u00f3 con un doctorado Honoris Causa.\u00a0<\/p>\n<p>En su visita al pa\u00eds, <strong>Lowenthal<\/strong> convers\u00f3 con <em>Diario Libre<\/em> sobre\u00a0<strong>Latinoam\u00e9rica<\/strong>, los nuevos paradigmas socioecon\u00f3micos y el conflicto b\u00e9lico en el Golfo P\u00e9rsico, entre otros t\u00f3picos.\u00a0<\/p>\n<p><strong>\u2014\u00bfTiene futuro el multilateralismo a la luz de la pol\u00edtica exterior estadounidense?\u00a0<\/strong><\/p>\n<p>Yo creo que va a ser incre\u00edblemente importante volver y reforzar el <strong>multilateralismo<\/strong> y organizaciones internacionales como las <strong>Naciones Unidas<\/strong>, etc. Si no existieran estas organizaciones, que todav\u00eda existen, pero debilitadas; uno tendr\u00eda que inventarlas porque obviamente es muy dif\u00edcil manejar muchos temas importantes para los seres humanos, para el medio ambiente, el futuro de los oc\u00e9anos, el clima, no es simplemente el qui\u00e9n es due\u00f1o del petr\u00f3leo, tambi\u00e9n hay t\u00f3picos de \u00edndole m\u00e9dica, de cooperaci\u00f3n. El <strong>multilateralismo<\/strong> es muy necesario en la <strong>era Trump<\/strong>.<\/p>\n<p><strong>\u2014La guerra EE. UU. vs. Ir\u00e1n est\u00e1 en una fase de tregua, estos pa\u00edses est\u00e1n dialogando: \u00bfcree usted que est\u00e1 cerca el fin del conflicto que tiene en vilo a gran parte de la humanidad?\u00a0<\/strong><\/p>\n<p>Lo primero es establecer que esta guerra nunca debi\u00f3 comenzar, ni Ir\u00e1n ni <strong>Estados Unidos<\/strong> o Israel ganan mucho con un <strong>conflicto prolongado<\/strong>; hay mucha gente de estas naciones, l\u00edderes, tratando de ver c\u00f3mo acaba esto en t\u00e9rminos que sean positivos para los intereses de los pa\u00edses envueltos en la <strong>escalada militar<\/strong>. No tiene l\u00f3gica mantener una l\u00ednea ofensiva que ya ha cobrado tantas vidas y dejado tantas p\u00e9rdidas materiales.\u00a0<\/p>\n<p><strong>\u2014Aparentemente hay desconfianza entre los actores que est\u00e1n negociando el fin de la guerra, sobre todo porque el presidente Trump parece ser un poco ambivalente en cuanto a sus objetivos, \u00bfqu\u00e9 opini\u00f3n le merece?\u00a0<\/strong><\/p>\n<p>Hay <strong>desconfianza<\/strong> como es normal en estos casos, pero <strong>Trump<\/strong> s\u00ed es bastante irregular. \u00c9l no tiene ning\u00fan problema en decir una cosa hoy, otra el martes u otra el mi\u00e9rcoles, eso s\u00ed es muy irregular y da lugar a que el arribo a un acuerdo no sea una tarea muy f\u00e1cil.\u00a0<\/p>\n<p><strong>\u2014Trump ha anunciado el regreso de la Doctrina Monroe \u00bftiene esto sentido en pleno siglo XXI?\u00a0<\/strong><\/p>\n<p>Tener una pol\u00edtica de esta \u00edndole es cosa del <strong>siglo XIX<\/strong>. Hay muy pocos profesionales en la pol\u00edtica estadounidense y militares que la respalden, porque es cuesti\u00f3n del pasado, el mundo cambi\u00f3. Muchos amigos trabajaron en la comisi\u00f3n que permiti\u00f3 devolver a <strong>Panam\u00e1<\/strong> la soberan\u00eda sobre su canal, respetando as\u00ed los l\u00edmites territoriales y mar\u00edtimo, como establece el derecho internacional. Ese tipo de acuerdos es que debe primar en la actualidad.\u00a0<\/p>\n<p><strong>\u2014El presidente Trump como el t\u00edpico pol\u00edtico outsider se impone al resto de los poderes del Estado, \u00bfeso no es peligroso para la democracia?\u00a0<\/strong><\/p>\n<p>En el sistema que tenemos en <strong>Estados Unidos<\/strong> el Congreso es quien controla al <strong>Poder Ejecutivo<\/strong>, ha sido as\u00ed desde el siglo XVIII y ha funcionado bastante bien, este es el m\u00e1s peligroso que hemos tenido, un Gobierno en que el Ejecutivo no est\u00e1 controlado por el Congreso, porque ellos tambi\u00e9n tienen el control del Congreso, eso ha pasado antes, pero nunca con alguien como <strong>Trump<\/strong>. El Poder\u00a0 Judicial realmente ha estado controlando al Ejecutivo, no en todo, claro est\u00e1, pero en las decisiones importantes s\u00ed ha actuado contra las posiciones del Gobierno. En un caso hipot\u00e9tico de que tres de los jueces de la Corte Suprema se enfermen mortalmente mientras <strong>Trump<\/strong> sea presidente, ah\u00ed el oficialismo decide a quien poner y ser\u00eda otra columna para el l\u00edder republicano\u2026 eso s\u00ed ser\u00eda peligroso para la <strong>democracia<\/strong>.\u00a0<\/p>\n<p><strong>\u2014Habr\u00e1 elecciones legislativas en noviembre, \u00bfpodr\u00e1n los republicanos mantener su mayor\u00eda en el Congreso?<\/strong><\/p>\n<p>Los <strong>republicanos<\/strong> tienen el control del Congreso por cinco o seis votos, pero no creo que eso vaya a durar m\u00e1s all\u00e1 de las elecciones de noviembre. No tengo una bola de cristal, pero si uno estudia las tendencias o consulta a los electores, es muy obvio que los <strong>dem\u00f3cratas<\/strong> lo superar\u00e1n en la pr\u00f3xima contienda de medio t\u00e9rmino.\u00a0<\/p>\n<p><strong>\u2014\u00bfC\u00f3mo eval\u00faa usted la pol\u00edtica de seguridad de Donald Trump con relaci\u00f3n a Am\u00e9rica Latina?\u00a0<\/strong><\/p>\n<p>Yo quisiera entender cu\u00e1l es la <strong>pol\u00edtica de seguridad<\/strong> de <strong>Trump<\/strong> respeto a Am\u00e9rica Latina, porque una cosa es lo que \u00e9l dice y otra la que hace y estas no son precisamente pol\u00edticas. No la tuvo en su anterior gesti\u00f3n (2017-2021) y ahora tampoco parece tener una pol\u00edtica. En <strong>Venezuela<\/strong> secuestraron al presidente Maduro y a su esposa y ahora est\u00e1n en un juicio en Nueva York; bajo los marcos del derecho internacional, eso es ilegal.<\/p>\n<p>No estoy defendiendo a Maduro, estoy categorizando lo que ha pasado, y en el contexto del derecho, no creo que ese juicio dure mucho tiempo, porque en <strong>Estados Unidos<\/strong> las leyes no las dirige el presidente. Otra cosa es querer decidir qu\u00e9 har\u00e1 <strong>Venezuela<\/strong> con su petr\u00f3leo, a quien venderle sus recursos, no creo que eso vaya a durar mucho tampoco.\u00a0<\/p>\n<p><strong>\u2014\u00bfY qu\u00e9 hay de Cuba, es apropiada la forma en la que ha manejado la relaci\u00f3n con la isla caribe\u00f1a?<\/strong><\/p>\n<p>Desde el a\u00f1o 1961, <strong>Estados Unidos<\/strong> ha mantenido una pol\u00edtica rara con <strong>Cuba<\/strong>, yo la llamo rara porque <strong>Cuba<\/strong> no representa una amenaza para <strong>Estados Unidos<\/strong>, sin embargo, le mantiene un <strong>bloqueo<\/strong> innecesario. No hay un argumento racional que valide ese <strong>bloqueo<\/strong>; cuando no hay cohetes de la Uni\u00f3n Sovi\u00e9tica, cuando esa naci\u00f3n no est\u00e1 enviando esp\u00edas a <strong>Estados Unidos<\/strong> ni planeando una invasi\u00f3n. No estoy diciendo que el Gobierno cubano sea un gobierno perfecto, pero qui\u00e9n es <strong>Estados Unidos<\/strong> para esperar gobiernos perfectos.<\/p>\n<div class=\"my-12 component web-insert relative border bg-component\">    <span class=\"text-xl block my-3 component-title glosa\"><strong>Lazos con Rep\u00fablica Dominicana <\/strong><\/span>    \n<p class=\"insert-subtitle\">\n<\/p><p>Lowenthal trabaj\u00f3 dos a\u00f1os en el pa\u00eds, entre 1964 y 1965, con la Asociaci\u00f3n para el Desarrollo de Santiago, tambi\u00e9n imparti\u00f3 un curso de Ciencias Pol\u00edticas en la Pontificia Universidad Cat\u00f3lica Madre y Maestra (PUCMM), invitado por el fenecido sacerdote Agripino N\u00fa\u00f1ez Collado.\u00a0<\/p>\n<p>Entre sus publicaciones m\u00e1s importantes destaca el libro \u201cEl desatino americano\u201d  en el que analiza la Revoluci\u00f3n de Abril de 1965, la intervenci\u00f3n norteamericana, el surgimiento del conflicto y sus consecuencias.\u00a0<\/p>\n<p>Al ser preguntado sobre cu\u00e1les cambios nota en Dominicana a lo largo del tiempo que tiene conoci\u00e9ndola, expresa: \u201cMi primera impresi\u00f3n es con los numerosos edificios tan altos, antes Santo Domingo no era as\u00ed, ahora es una gran urbe\u201d.<\/p>\n<\/div>\n<div class=\"read-more mb-7\">    <span class=\"block mb-2\">Leer m\u00e1s<\/span>                            \n<h3><a href=\"https:\/\/www.diariolibre.com\/mundo\/estados-unidos\/2026\/04\/19\/trump-anuncia-segunda-ronda-de-dialogo-con-iran-y-reitera-amenazas\/3507249?utm_source=relacionadas&amp;utm_medium=nota&amp;utm_campaign=relacionadas\" title=\"Trump anuncia segunda ronda de di\u00e1logo con Ir\u00e1n en Islamabad y reitera amenazas\">Trump anuncia segunda ronda de di\u00e1logo con Ir\u00e1n en Islamabad y reitera amenazas<\/a><\/h3>\n<h3><a href=\"https:\/\/www.diariolibre.com\/mundo\/estados-unidos\/2026\/02\/19\/trump-recibe-a-40-paises-en-primera-reunion-de-junta-de-paz\/3442240?utm_source=relacionadas&amp;utm_medium=nota&amp;utm_campaign=relacionadas\" title=\"Trump recibe a representantes de m\u00e1s de 40 pa\u00edses en primera reuni\u00f3n de su Junta de Paz\">Trump recibe a representantes de m\u00e1s de 40 pa\u00edses en primera reuni\u00f3n de su Junta de Paz<\/a><\/h3>\n<\/div>\n<p><\/p>","protected":false},"excerpt":{"rendered":"<p>El intelectual, polit\u00f3logo y acad\u00e9mico estadounidense Abraham F. Lowenthal, volvi\u00f3 a pisar suelo dominicano, ya medio encorvado por los efectos de la gravedad en su cuerpo, de pasos cortos, pero con memoria prodigiosa&#8230;.<\/p>\n","protected":false},"author":0,"featured_media":142344,"comment_status":"open","ping_status":"open","sticky":false,"template":"","format":"standard","meta":{"footnotes":""},"categories":[1],"tags":[],"class_list":["post-142350","post","type-post","status-publish","format-standard","has-post-thumbnail","hentry","category-sin-categoria"],"_links":{"self":[{"href":"http:\/\/joelaybar.com\/wp\/wp-json\/wp\/v2\/posts\/142350","targetHints":{"allow":["GET"]}}],"collection":[{"href":"http:\/\/joelaybar.com\/wp\/wp-json\/wp\/v2\/posts"}],"about":[{"href":"http:\/\/joelaybar.com\/wp\/wp-json\/wp\/v2\/types\/post"}],"replies":[{"embeddable":true,"href":"http:\/\/joelaybar.com\/wp\/wp-json\/wp\/v2\/comments?post=142350"}],"version-history":[{"count":0,"href":"http:\/\/joelaybar.com\/wp\/wp-json\/wp\/v2\/posts\/142350\/revisions"}],"wp:featuredmedia":[{"embeddable":true,"href":"http:\/\/joelaybar.com\/wp\/wp-json\/wp\/v2\/media\/142344"}],"wp:attachment":[{"href":"http:\/\/joelaybar.com\/wp\/wp-json\/wp\/v2\/media?parent=142350"}],"wp:term":[{"taxonomy":"category","embeddable":true,"href":"http:\/\/joelaybar.com\/wp\/wp-json\/wp\/v2\/categories?post=142350"},{"taxonomy":"post_tag","embeddable":true,"href":"http:\/\/joelaybar.com\/wp\/wp-json\/wp\/v2\/tags?post=142350"}],"curies":[{"name":"wp","href":"https:\/\/api.w.org\/{rel}","templated":true}]}}