{"id":142358,"date":"2026-04-20T00:01:00","date_gmt":"2026-04-20T00:01:00","guid":{"rendered":"http:\/\/joelaybar.com\/wp\/2026\/04\/20\/ligia-amada-melo-hay-division-entre-la-escuela-y-el-minerd-4\/"},"modified":"2026-04-20T00:01:00","modified_gmt":"2026-04-20T00:01:00","slug":"ligia-amada-melo-hay-division-entre-la-escuela-y-el-minerd-4","status":"publish","type":"post","link":"http:\/\/joelaybar.com\/wp\/2026\/04\/20\/ligia-amada-melo-hay-division-entre-la-escuela-y-el-minerd-4\/","title":{"rendered":"Ligia Amada Melo: hay divisi\u00f3n entre la escuela y el Minerd"},"content":{"rendered":"<p>En <strong>Ligia Amada Melo<\/strong> se acumulan <strong>90 a\u00f1os de vida<\/strong> y <strong>69 de experiencia<\/strong> en el <strong>sistema educativo<\/strong> dominicano.\u00a0<\/p>\n<p>En el <strong>1957 comenz\u00f3 a ser maestra<\/strong>, todav\u00eda en la Era de Trujillo, y luego le toc\u00f3 dirigir la transici\u00f3n de la escuela dominicana al siglo XXI desde su posici\u00f3n de <strong>secretaria de Educaci\u00f3n<\/strong>, Bellas Artes y Cultos (1996-2000). Despu\u00e9s fue <strong>ministra de Educaci\u00f3n Superior<\/strong>, Ciencia y Tecnolog\u00eda (<strong>Mescyt<\/strong>) por 12 a\u00f1os (2004-2016).<\/p>\n<p>La exfuncionaria es autora de iniciativas como el <strong>programa de ingl\u00e9s por inmersi\u00f3n<\/strong>, el <strong>sistema de becas<\/strong> nacionales e internacionales, el fondo de investigaci\u00f3n cient\u00edfica, programas de formaci\u00f3n tecnol\u00f3gica, la evaluaci\u00f3n quinquenal de <strong>universidades<\/strong> y la semana cient\u00edfica. Adem\u00e1s, fue la primera en introducir computadoras en las escuelas p\u00fablicas en 1998.<\/p>\n<p>El <strong>sistema de ense\u00f1anza<\/strong> que vivi\u00f3 en el <strong>siglo pasado<\/strong> y que describe en detalle es <strong>muy diferente<\/strong> al de hoy.<\/p>\n<p>Alrededor de 500 mil ni\u00f1os estaban fuera de la escuela, el analfabetismo rozaba el 18 % a nivel nacional \u2014y superaba el 30 % en zonas del sur\u2014 y los centros educativos operaban en hasta <strong>tres tandas<\/strong>, lo que reduc\u00eda las horas efectivas de docencia.\u00a0<\/p>\n<p>A esto se sumaban la casi inexistencia del preescolar p\u00fablico, una <strong>formaci\u00f3n docente limitada<\/strong>, debilidad en la <strong>educaci\u00f3n<\/strong> t\u00e9cnica, ausencia de atenci\u00f3n a estudiantes con necesidades especiales y <strong>altos niveles de deserci\u00f3n<\/strong>, repitencia y sobreedad.<\/p>\n<p>Tres d\u00e9cadas despu\u00e9s de <strong>planes, reformas y pol\u00edticas<\/strong> aplicadas por sus sucesores la <strong>profesora tiene claro<\/strong> cu\u00e1les son las debilidades que impiden avanzar.\u00a0<\/p>\n<p>Cita la desconexi\u00f3n entre las autoridades, que dise\u00f1an <strong>estrategias interesantes<\/strong>, y los profesores, que deben aplicarla.\u00a0<\/p>\n<p>\u201c<strong>Hay una divisi\u00f3n muy grande entre la escuela y el Ministerio<\/strong> (de <strong>Educaci\u00f3n<\/strong>). El ministerio te planifica muchos <strong>planes bonitos<\/strong>, pero eso no llega a la escuela. Los profesores no lo aplican. Se dise\u00f1a un nuevo curr\u00edculo; los profesores no lo conocen. Nadie le da seguimiento, los profesores hacen lo que ellos consideran\u201d, plantea.<\/p>\n<p><strong>\u2014\u00bfCu\u00e1les factores impiden el avance de la educaci\u00f3n dominicana?<\/strong><\/p>\n<p>Primero, los <strong>ni\u00f1os no aprenden<\/strong> a leer, no aprenden a comprender lo que leen. Llegan al tercer curso sin saber leer y contin\u00faan con una lectura vac\u00eda; incluso llegan a la universidad con esa misma deficiencia.<\/p>\n<p>Uno de los lastres ha sido que los programas educativos en la Rep\u00fablica Dominicana no se aplican ni se eval\u00faan; se modifican y se sustituyen por otros sin evaluarlos.<\/p>\n<p>Otro problema fundamental es que hay una desconexi\u00f3n muy grande entre los ministerios; no hay coherencia en las pol\u00edticas.<\/p>\n<p>Tambi\u00e9n hay un d\u00e9ficit grande en el manejo de las tecnolog\u00edas a todos los niveles, no solo en tener los equipos, sino en saber aplicarlos en la ense\u00f1anza.<\/p>\n<p>    <span class=\"block mb-2\"><strong>Te puede interesar<\/strong><\/span>                <\/p>\n<h2><a href=\"https:\/\/www.diariolibre.com\/actualidad\/nacional\/2026\/04\/16\/ces-apuesta-por-consenso-nacional-para-transformar-la-educacion\/3504825?utm_source=relacionadas&amp;utm_medium=nota&amp;utm_campaign=relacionadas\" title=\"El CES comienza el di\u00e1logo para la reforma educativa\">El CES comienza el di\u00e1logo para la reforma educativa<\/a><\/h2>\n<p>Otro <strong>problema <\/strong>es que el sector empresarial participa poco en la soluci\u00f3n de los problemas educativos; se\u00f1ala las deficiencias, pero <strong>no se involucra<\/strong> en resolverlas ni aporta apoyo t\u00e9cnico o econ\u00f3mico. Incluso podr\u00eda, por ejemplo, contratar t\u00e9cnicos internacionales calificados y ponerlos a disposici\u00f3n de las <strong>universidades<\/strong> para fortalecer la formaci\u00f3n y la calidad acad\u00e9mica, pero no lo hace.<\/p>\n<p>La <strong>educaci\u00f3n<\/strong> superior tampoco est\u00e1 respondiendo: las <strong>universidades<\/strong> no actualizan sus carreras, mantienen <strong>programas obsoletos<\/strong> y no forman profesionales acordes a las necesidades actuales.<\/p>\n<p>La<strong> calidad de la docencia<\/strong> ha bajado; muchos profesores no tienen la formaci\u00f3n adecuada ni las herramientas para ense\u00f1ar en el contexto actual.<\/p>\n<p><strong>\u2014\u00bfLos programas de Ingl\u00e9s por Inmersi\u00f3n y de becas se han desnaturalizado?<\/strong><\/p>\n<p>S\u00ed, algunos programas se han mantenido, pero no con la misma intensidad ni calidad.<\/p>\n<p>En el caso del Ingl\u00e9s por Inmersi\u00f3n, se redujeron las horas de clase, se eliminaron los supervisores regionales, se dej\u00f3 de usar el componente tecnol\u00f3gico y se perdi\u00f3 la pr\u00e1ctica de enviar a los estudiantes a Estados Unidos para reforzar el idioma.<\/p>\n<p>    <span class=\"block mb-2\"><strong>Te puede interesar<\/strong><\/span>                <\/p>\n<h2><a href=\"https:\/\/www.diariolibre.com\/actualidad\/educacion\/2026\/04\/08\/mescyt-lanza-programa-de-ingles-para-el-sector-hotelero\/3495513?utm_source=relacionadas&amp;utm_medium=nota&amp;utm_campaign=relacionadas\" title=\"Mescyt lanza programa de ingl\u00e9s para empleados del sector hotelero\">Mescyt lanza programa de ingl\u00e9s para empleados del sector hotelero<\/a><\/h2>\n<h2><a href=\"https:\/\/www.diariolibre.com\/actualidad\/educacion\/2026\/03\/21\/estudiantes-aprenden-ingles-a-traves-de-plataformas-digitales\/3476510?utm_source=relacionadas&amp;utm_medium=nota&amp;utm_campaign=relacionadas\" title=\"Estudiantes de escuelas p\u00fablicas dejan de depender de centros privados para aprender ingl\u00e9s\">Estudiantes de escuelas p\u00fablicas dejan de depender de centros privados para aprender ingl\u00e9s<\/a><\/h2>\n<p>En cuanto a las becas, se han eliminado acuerdos con <strong>universidades<\/strong> de alto nivel y se han sustituido por otras de <strong>menor calidad<\/strong>, lo que afecta la formaci\u00f3n de los estudiantes.<\/p>\n<p><strong>\u2014\u00bfCree que el Mescyt deber\u00eda regular la cantidad de maestros por hora y a tiempo completo en las universidades?<\/strong><\/p>\n<p>El <strong>Mescyt<\/strong> tiene un rol regulador, pero no puede meterse en la <strong>propiedad privada<\/strong> de las <strong>universidades<\/strong> para definir c\u00f3mo contratan o pagan a sus profesores. En la pr\u00e1ctica, la mayor\u00eda de los <strong>docentes<\/strong> son contratados por hora y reciben <strong>salarios bajos<\/strong>, en muchos casos \u201cirrisorios\u201d, lo que los obliga a trabajar en dos y tres <strong>universidades<\/strong> y les impide dedicarse plenamente a la docencia y la investigaci\u00f3n. En la UASD hay mayor margen de intervenci\u00f3n estatal, pero en el sector privado esa capacidad es limitada, lo que termina afectando la calidad educativa.<\/p>\n<p><strong>\u2014\u00bfDeber\u00eda existir tantas universidades?<\/strong><\/p>\n<p>No, eso es un atraso. Nunca he estado de acuerdo con tantas <strong>universidades<\/strong> privadas.<\/p>\n<p>Eso es un enga\u00f1o a la juventud. Esos muchachos van con el deseo de tener oportunidades y salen sin formaci\u00f3n; cuando las empresas los eval\u00faan, <strong>no consiguen trabajo<\/strong>.<\/p>\n<p>Se est\u00e1n creando <strong>centros sin profesores<\/strong>, <strong>sin laboratorios<\/strong> y sin hacer estudios de qu\u00e9 carreras necesita cada regi\u00f3n. As\u00ed no se impulsa la <strong>educaci\u00f3n<\/strong> superior.<\/p>\n<div class=\"my-12 component web-insert relative border bg-component\">    <span class=\"text-xl block my-3 component-title glosa\"><strong>Fusionar los ministerios ser\u00eda un retroceso<\/strong><\/span>    \n<p class=\"insert-subtitle\">\n<\/p><p>No estoy de acuerdo con la fusi\u00f3n de los ministerios. Considero que eliminar el Ministerio de Educaci\u00f3n Superior ser\u00eda un retroceso para el pa\u00eds.<\/p>\n<p>Estoy de acuerdo en que se necesita una transformaci\u00f3n total del sistema educativo, pero eso no requiere fusionar instituciones. Lo que se necesita es una ley coherente, pol\u00edticas claras y trabajo coordinado entre el nivel preuniversitario, el superior y el Infotep.<\/p>\n<p>Fusionar los ministerios no resolver\u00eda los problemas; por el contrario, podr\u00eda agravarlos, y en cinco a\u00f1os ver\u00edamos un retroceso mayor que el que tenemos hoy, porque ambos niveles tienen d\u00e9ficits distintos que requieren atenci\u00f3n espec\u00edfica.<\/p>\n<\/div>\n<p><\/p>\n<p><strong>\u2014\u00bfDeber\u00edan eliminarse las Pruebas Nacionales?<\/strong><\/p>\n<p><strong>Hay  que quitarlas<\/strong>. Lo que se debe hacer son <strong>pruebas diagn\u00f3sticas<\/strong> en cada  ciclo, por ejemplo en tercer grado y en sexto, para ver las deficiencias  y capacitar a los profesores para corregirlas. La prueba  nacional es una formalidad y cuesta much\u00edsimo dinero. El 70 % de la nota  es acumulada por los profesores y la prueba vale 30; as\u00ed cualquiera  pasa. Adem\u00e1s, tiene varias convocatorias seguidas y no se corrigen las  deficiencias. Es mejor evaluar por ciclos y trabajar sobre los  problemas detectados que mantener una prueba que no est\u00e1 aportando a  mejorar la calidad del aprendizaje.<\/p>","protected":false},"excerpt":{"rendered":"<p>En Ligia Amada Melo se acumulan 90 a\u00f1os de vida y 69 de experiencia en el sistema educativo dominicano.\u00a0 En el 1957 comenz\u00f3 a ser maestra, todav\u00eda en la Era de Trujillo, y&#8230;<\/p>\n","protected":false},"author":0,"featured_media":142340,"comment_status":"open","ping_status":"open","sticky":false,"template":"","format":"standard","meta":{"footnotes":""},"categories":[1],"tags":[],"class_list":["post-142358","post","type-post","status-publish","format-standard","has-post-thumbnail","hentry","category-sin-categoria"],"_links":{"self":[{"href":"http:\/\/joelaybar.com\/wp\/wp-json\/wp\/v2\/posts\/142358","targetHints":{"allow":["GET"]}}],"collection":[{"href":"http:\/\/joelaybar.com\/wp\/wp-json\/wp\/v2\/posts"}],"about":[{"href":"http:\/\/joelaybar.com\/wp\/wp-json\/wp\/v2\/types\/post"}],"replies":[{"embeddable":true,"href":"http:\/\/joelaybar.com\/wp\/wp-json\/wp\/v2\/comments?post=142358"}],"version-history":[{"count":0,"href":"http:\/\/joelaybar.com\/wp\/wp-json\/wp\/v2\/posts\/142358\/revisions"}],"wp:featuredmedia":[{"embeddable":true,"href":"http:\/\/joelaybar.com\/wp\/wp-json\/wp\/v2\/media\/142340"}],"wp:attachment":[{"href":"http:\/\/joelaybar.com\/wp\/wp-json\/wp\/v2\/media?parent=142358"}],"wp:term":[{"taxonomy":"category","embeddable":true,"href":"http:\/\/joelaybar.com\/wp\/wp-json\/wp\/v2\/categories?post=142358"},{"taxonomy":"post_tag","embeddable":true,"href":"http:\/\/joelaybar.com\/wp\/wp-json\/wp\/v2\/tags?post=142358"}],"curies":[{"name":"wp","href":"https:\/\/api.w.org\/{rel}","templated":true}]}}