{"id":142424,"date":"2026-04-20T13:04:00","date_gmt":"2026-04-20T13:04:00","guid":{"rendered":"http:\/\/joelaybar.com\/wp\/2026\/04\/20\/coe-mantiene-una-provincia-en-alerta-amarilla-y-ocho-en-verde-3\/"},"modified":"2026-04-20T13:04:00","modified_gmt":"2026-04-20T13:04:00","slug":"coe-mantiene-una-provincia-en-alerta-amarilla-y-ocho-en-verde-3","status":"publish","type":"post","link":"http:\/\/joelaybar.com\/wp\/2026\/04\/20\/coe-mantiene-una-provincia-en-alerta-amarilla-y-ocho-en-verde-3\/","title":{"rendered":"COE mantiene una provincia en alerta amarilla y ocho en verde"},"content":{"rendered":"<p>El Centro de Operaciones de Emergencias (<strong>COE<\/strong>) inform\u00f3 en su bolet\u00edn de las 11:45 de la ma\u00f1ana de este lunes que mantiene una <strong>provincia<\/strong> en <strong>alerta<\/strong> <strong>amarilla<\/strong> y otras ocho en alerta <strong>verde<\/strong> ante el riesgo de inundaciones repentinas, crecidas de r\u00edos, arroyos y ca\u00f1adas, as\u00ed como posibles deslizamientos de tierra.<\/p>\n<p>    En alerta amarilla se encuentra <strong>Puerto Plata<\/strong>, mientras que en verde figuran Monse\u00f1or Nouel, San Juan, Monte Plata, El\u00edas Pi\u00f1a, Duarte (especialmente el Bajo Yuna), La Vega, Dajab\u00f3n y <strong>San Jos\u00e9 de Ocoa.<\/strong><\/p>\n<div class=\"expand-img-placeholder\"><span class=\"rutaimagenoriginal-placeholder\">https:\/\/resources.diariolibre.com\/images\/2026\/04\/20\/whatsapp-image-2026-04-20-at-125111-pm-0067d0b7.jpeg<\/span><\/div>\n<h2><strong>Lluvias<\/strong> para la tarde<\/h2>\n<p>De acuerdo con el informe del Instituto Dominicano de Meteorolog\u00eda (<strong>Indomet<\/strong>), aunque predominar\u00e1 un clima mayormente soleado en gran parte del pa\u00eds por la<strong> reducci\u00f3n de humedad<\/strong>, se prev\u00e9n aguaceros locales con tronadas y r\u00e1fagas de viento en zonas de la Cordillera Central y la regi\u00f3n fronteriza durante la tarde, debido a la incidencia de una <strong>vaguada<\/strong> en niveles bajos de la troposfera.<\/p>\n<p>Tambi\u00e9n en provincias como <strong>La Vega<\/strong>, Monse\u00f1or Nouel, San Jos\u00e9 de Ocoa, <strong>Santiago,<\/strong> Santiago Rodr\u00edguez, Dajab\u00f3n, El\u00edas Pi\u00f1a y  San Juan, pueden presentar <strong>lluvias<\/strong>.<\/p>\n<p>El <strong>COE<\/strong> indic\u00f3 que estas condiciones, sumadas a la saturaci\u00f3n de los suelos por las <strong>lluvias<\/strong> de los \u00faltimos d\u00edas, mantienen el riesgo de eventos hidrol\u00f3gicos, por lo que exhort\u00f3 a la poblaci\u00f3n a <strong>no cruzar r\u00edos, arroyos y ca\u00f1adas<\/strong> con alto volumen de agua, as\u00ed como evitar el uso de balnearios en las provincias bajo alerta.<\/p>\n<div class=\"w-full pt-2 float-left inside-related\">    <span class=\"border-b border-black pb-3 mb-4 block\"><strong>RELACIONADAS<\/strong><\/span>                                \n<div class=\"xl:w-2\/12 w-4\/12\">                                                                        <a href=\"https:\/\/www.diariolibre.com\/planeta\/clima\/2026\/04\/20\/clima-en-rd-se-espera-una-manana-soleada-y-lluvias-en-la-tarde\/3508062?utm_source=relacionadas&amp;utm_medium=nota&amp;utm_campaign=relacionadas\" title=\"                                                                                                                            \">                                                                                                                            <\/a>                                                            <\/div>\n<div class=\"xl:w-10\/12 w-8\/12 pl-3\">\n<div class=\"text-md mb-2 meta\">                        <a href=\"https:\/\/www.diariolibre.com\/planeta\/clima\" title=\"Clima\">Clima<\/a>                    <\/div>\n<h2><a href=\"https:\/\/www.diariolibre.com\/planeta\/clima\/2026\/04\/20\/clima-en-rd-se-espera-una-manana-soleada-y-lluvias-en-la-tarde\/3508062?utm_source=relacionadas&amp;utm_medium=nota&amp;utm_campaign=relacionadas\" title=\"Temperaturas calurosas y lluvias en la tarde dominan el clima de este lunes\">Temperaturas calurosas y lluvias en la tarde dominan el clima de este lunes<\/a><\/h2>\n<\/div>\n<div class=\"xl:w-2\/12 w-4\/12\">                                                                        <a href=\"https:\/\/www.diariolibre.com\/planeta\/clima\/2026\/04\/20\/conoce-los-nombres-de-los-huracanes-de-la-temporada-2026\/3507813?utm_source=relacionadas&amp;utm_medium=nota&amp;utm_campaign=relacionadas\" title=\"                                                                                                                            \">                                                                                                                            <\/a>                                                            <\/div>\n<div class=\"xl:w-10\/12 w-8\/12 pl-3\">\n<div class=\"text-md mb-2 meta\">                        <a href=\"https:\/\/www.diariolibre.com\/planeta\/clima\" title=\"Clima\">Clima<\/a>                    <\/div>\n<h2><a href=\"https:\/\/www.diariolibre.com\/planeta\/clima\/2026\/04\/20\/conoce-los-nombres-de-los-huracanes-de-la-temporada-2026\/3507813?utm_source=relacionadas&amp;utm_medium=nota&amp;utm_campaign=relacionadas\" title=\"Estos son los nombres de los huracanes de la temporada 2026\">Estos son los nombres de los huracanes de la temporada 2026<\/a><\/h2>\n<\/div>\n<\/div>\n<h2>Regulaci\u00f3n de la presa Valdesia<\/h2>\n<p>Asimismo, reiter\u00f3 la <strong>prohibici\u00f3n a los ba\u00f1istas el acceso al r\u00edo Nizao<\/strong>, en la cuenca de la presa de Valdesia, debido a la regulaci\u00f3n de la represa por parte del Comit\u00e9 de Operaci\u00f3n de Presas y Embalses.<\/p>\n<p>En cuanto a los da\u00f1os, el Instituto Nacional de Aguas Potables y Alcantarillados (Inapa) report\u00f3 <strong>30 acueductos fuera de servicio<\/strong>, afectando a 277,362 usuarios.<\/p>\n<p>El organismo tambi\u00e9n inform\u00f3 que ya no hay comunidades incomunicadas, aunque se mantienen <strong>monitoreos<\/strong> en <strong>zonas<\/strong> <strong>vulnerables<\/strong> y operativos preventivos por parte de la Defensa Civil y otros organismos de respuesta.<\/p>\n<p>Las autoridades llamaron a los conductores a extremar <strong>precauciones<\/strong> por la <strong>reducci\u00f3n<\/strong> de <strong>visibilidad<\/strong> y a la poblaci\u00f3n a seguir atentos a las orientaciones de los organismos de protecci\u00f3n civil.<\/p>\n<p><\/p>","protected":false},"excerpt":{"rendered":"<p>El Centro de Operaciones de Emergencias (COE) inform\u00f3 en su bolet\u00edn de las 11:45 de la ma\u00f1ana de este lunes que mantiene una provincia en alerta amarilla y otras ocho en alerta verde&#8230;<\/p>\n","protected":false},"author":0,"featured_media":142410,"comment_status":"open","ping_status":"open","sticky":false,"template":"","format":"standard","meta":{"footnotes":""},"categories":[1],"tags":[],"class_list":["post-142424","post","type-post","status-publish","format-standard","has-post-thumbnail","hentry","category-sin-categoria"],"_links":{"self":[{"href":"http:\/\/joelaybar.com\/wp\/wp-json\/wp\/v2\/posts\/142424","targetHints":{"allow":["GET"]}}],"collection":[{"href":"http:\/\/joelaybar.com\/wp\/wp-json\/wp\/v2\/posts"}],"about":[{"href":"http:\/\/joelaybar.com\/wp\/wp-json\/wp\/v2\/types\/post"}],"replies":[{"embeddable":true,"href":"http:\/\/joelaybar.com\/wp\/wp-json\/wp\/v2\/comments?post=142424"}],"version-history":[{"count":0,"href":"http:\/\/joelaybar.com\/wp\/wp-json\/wp\/v2\/posts\/142424\/revisions"}],"wp:featuredmedia":[{"embeddable":true,"href":"http:\/\/joelaybar.com\/wp\/wp-json\/wp\/v2\/media\/142410"}],"wp:attachment":[{"href":"http:\/\/joelaybar.com\/wp\/wp-json\/wp\/v2\/media?parent=142424"}],"wp:term":[{"taxonomy":"category","embeddable":true,"href":"http:\/\/joelaybar.com\/wp\/wp-json\/wp\/v2\/categories?post=142424"},{"taxonomy":"post_tag","embeddable":true,"href":"http:\/\/joelaybar.com\/wp\/wp-json\/wp\/v2\/tags?post=142424"}],"curies":[{"name":"wp","href":"https:\/\/api.w.org\/{rel}","templated":true}]}}