{"id":142637,"date":"2026-04-22T20:15:00","date_gmt":"2026-04-22T20:15:00","guid":{"rendered":"http:\/\/joelaybar.com\/wp\/2026\/04\/22\/minerd-suspende-docencia-en-puerto-plata-y-espaillat-por-alerta-roja\/"},"modified":"2026-04-22T20:15:00","modified_gmt":"2026-04-22T20:15:00","slug":"minerd-suspende-docencia-en-puerto-plata-y-espaillat-por-alerta-roja","status":"publish","type":"post","link":"http:\/\/joelaybar.com\/wp\/2026\/04\/22\/minerd-suspende-docencia-en-puerto-plata-y-espaillat-por-alerta-roja\/","title":{"rendered":"Minerd suspende docencia en Puerto Plata y Espaillat por alerta roja"},"content":{"rendered":"<p>El <strong>Ministerio de Educaci\u00f3n<\/strong> (<strong>Minerd<\/strong>) dispuso la <strong>suspensi\u00f3n de la docencia<\/strong> para este jueves en las provincias de <strong>Puerto Plata<\/strong> y <strong>Espaillat<\/strong>, luego de que ambas demarcaciones fueran colocadas en <strong>alerta roja<\/strong> por el Centro de Operaciones de Emergencias (<strong>COE<\/strong>), ante las condiciones meteorol\u00f3gicas que afectan al pa\u00eds.<\/p>\n<p>La instituci\u00f3n tambi\u00e9n instruy\u00f3 a las <strong>direcciones regionales<\/strong>, distritales y a los centros educativos ubicados en provincias bajo <strong>alerta amarilla<\/strong> a tomar <strong>medidas preventivas<\/strong>, especialmente en zonas vulnerables, conforme evolucione la situaci\u00f3n clim\u00e1tica.<\/p>\n<p>Entre las disposiciones se incluye la <strong>evaluaci\u00f3n constante<\/strong> de riesgos y la facultad de <strong>suspender las clases<\/strong> en aquellas localidades donde las <strong>condiciones del tiempo<\/strong> representen peligro para estudiantes y personal educativo.<\/p>\n<div class=\"w-full pt-2 float-left inside-related\">    <span class=\"border-b border-black pb-3 mb-4 block\"><strong>RELACIONADAS<\/strong><\/span>                                \n<div class=\"xl:w-2\/12 w-4\/12\">                                                                        <a href=\"https:\/\/www.diariolibre.com\/planeta\/clima\/2026\/04\/22\/coe-pone-a-puerto-plata-y-espaillat-en-alerta-roja-por-vaguada\/3511142?utm_source=relacionadas&amp;utm_medium=nota&amp;utm_campaign=relacionadas\" title=\"                                                                                                                            \">                                                                                                                            <\/a>                                                            <\/div>\n<div class=\"xl:w-10\/12 w-8\/12 pl-3\">\n<div class=\"text-md mb-2 meta\">                        <a href=\"https:\/\/www.diariolibre.com\/planeta\/clima\" title=\"Clima\">Clima<\/a>                    <\/div>\n<h2><a href=\"https:\/\/www.diariolibre.com\/planeta\/clima\/2026\/04\/22\/coe-pone-a-puerto-plata-y-espaillat-en-alerta-roja-por-vaguada\/3511142?utm_source=relacionadas&amp;utm_medium=nota&amp;utm_campaign=relacionadas\" title=\"COE coloca a Puerto Plata y Espaillat en alerta roja por vaguada\">COE coloca a Puerto Plata y Espaillat en alerta roja por vaguada<\/a><\/h2>\n<\/div>\n<\/div>\n<p>El <strong>Minerd<\/strong> <strong>exhort\u00f3 a la poblaci\u00f3n<\/strong> a mantenerse atenta a los <strong>boletines oficiales<\/strong> y a seguir las orientaciones de los organismos de protecci\u00f3n civil.<\/p>\n<p>    De acuerdo con el <strong>COE<\/strong>, la <strong>alerta roja<\/strong> implica un alto riesgo para la poblaci\u00f3n ante la inminencia o el impacto de fen\u00f3menos adversos, lo que requiere la aplicaci\u00f3n inmediata de <strong>medidas de protecci\u00f3n<\/strong>.<\/p>\n<p>En tanto, la <strong>alerta amarilla<\/strong> indica un <strong>nivel de riesgo<\/strong> moderado que podr\u00eda aumentar, por lo que se recomienda precauci\u00f3n, mientras que la <strong>alerta verde<\/strong> se emite ante la posibilidad de un evento, sin que represente peligro inmediato.<\/p>\n<h2><strong>Provincias en alerta<\/strong><\/h2>\n<p>En\u00a0<strong>alerta amarilla<\/strong>\u00a0se encuentran\u00a0<strong>Montecristi<\/strong>, <strong>Mar\u00eda Trinidad S\u00e1nchez<\/strong>, Hermanas Mirabal, La Vega, Monse\u00f1or Nouel,\u00a0Santiago\u00a0y San Jos\u00e9 de Ocoa.<\/p>\n<p>Mientras que en\u00a0<strong>alerta verde<\/strong>\u00a0figuran <strong>San Juan<\/strong>, El\u00edas Pi\u00f1a, Duarte (en especial el Bajo Yuna), Saman\u00e1, Santo Domingo, Valverde,\u00a0Santiago\u00a0Rodr\u00edguez, Dajab\u00f3n, San Crist\u00f3bal, Monte Plata, Peravia, el\u00a0<strong>Distrito Nacional<\/strong>\u00a0y\u00a0S\u00e1nchez Ram\u00edrez.<\/p>\n<div class=\"w-full pt-2 float-left inside-related\">    <span class=\"border-b border-black pb-3 mb-4 block\"><strong>RELACIONADAS<\/strong><\/span>                                \n<div class=\"xl:w-2\/12 w-4\/12\">                                                                        <a href=\"https:\/\/www.diariolibre.com\/planeta\/clima\/2026\/04\/22\/clima-en-rd-ocho-provincias-en-alerta-amarilla-por-aguaceros\/3510949?utm_source=relacionadas&amp;utm_medium=nota&amp;utm_campaign=relacionadas\" title=\"                                                                                                                            \">                                                                                                                            <\/a>                                                            <\/div>\n<div class=\"xl:w-10\/12 w-8\/12 pl-3\">\n<div class=\"text-md mb-2 meta\">                        <a href=\"https:\/\/www.diariolibre.com\/planeta\/clima\" title=\"Clima\">Clima<\/a>                    <\/div>\n<h2><a href=\"https:\/\/www.diariolibre.com\/planeta\/clima\/2026\/04\/22\/clima-en-rd-ocho-provincias-en-alerta-amarilla-por-aguaceros\/3510949?utm_source=relacionadas&amp;utm_medium=nota&amp;utm_campaign=relacionadas\" title=\"El COE eleva a ocho las provincias en alerta amarilla por efectos de vaguada\">El COE eleva a ocho las provincias en alerta amarilla por efectos de vaguada<\/a><\/h2>\n<\/div>\n<\/div>\n<p><\/p>\n<p><\/p>","protected":false},"excerpt":{"rendered":"<p>El Ministerio de Educaci\u00f3n (Minerd) dispuso la suspensi\u00f3n de la docencia para este jueves en las provincias de Puerto Plata y Espaillat, luego de que ambas demarcaciones fueran colocadas en alerta roja por&#8230;<\/p>\n","protected":false},"author":0,"featured_media":0,"comment_status":"open","ping_status":"open","sticky":false,"template":"","format":"standard","meta":{"footnotes":""},"categories":[1],"tags":[],"class_list":["post-142637","post","type-post","status-publish","format-standard","hentry","category-sin-categoria"],"_links":{"self":[{"href":"http:\/\/joelaybar.com\/wp\/wp-json\/wp\/v2\/posts\/142637","targetHints":{"allow":["GET"]}}],"collection":[{"href":"http:\/\/joelaybar.com\/wp\/wp-json\/wp\/v2\/posts"}],"about":[{"href":"http:\/\/joelaybar.com\/wp\/wp-json\/wp\/v2\/types\/post"}],"replies":[{"embeddable":true,"href":"http:\/\/joelaybar.com\/wp\/wp-json\/wp\/v2\/comments?post=142637"}],"version-history":[{"count":0,"href":"http:\/\/joelaybar.com\/wp\/wp-json\/wp\/v2\/posts\/142637\/revisions"}],"wp:attachment":[{"href":"http:\/\/joelaybar.com\/wp\/wp-json\/wp\/v2\/media?parent=142637"}],"wp:term":[{"taxonomy":"category","embeddable":true,"href":"http:\/\/joelaybar.com\/wp\/wp-json\/wp\/v2\/categories?post=142637"},{"taxonomy":"post_tag","embeddable":true,"href":"http:\/\/joelaybar.com\/wp\/wp-json\/wp\/v2\/tags?post=142637"}],"curies":[{"name":"wp","href":"https:\/\/api.w.org\/{rel}","templated":true}]}}