{"id":142657,"date":"2026-04-22T20:30:00","date_gmt":"2026-04-22T20:30:00","guid":{"rendered":"http:\/\/joelaybar.com\/wp\/2026\/04\/22\/profugo-macho-imputado-de-dar-muerte-a-chofer-en-santiago-2\/"},"modified":"2026-04-22T20:30:00","modified_gmt":"2026-04-22T20:30:00","slug":"profugo-macho-imputado-de-dar-muerte-a-chofer-en-santiago-2","status":"publish","type":"post","link":"http:\/\/joelaybar.com\/wp\/2026\/04\/22\/profugo-macho-imputado-de-dar-muerte-a-chofer-en-santiago-2\/","title":{"rendered":"Pr\u00f3fugo \u00abMacho\u00bb, imputado de dar muerte a chofer en Santiago"},"content":{"rendered":"<p><strong>Jhovanny de Jes\u00fas Mets Cruz (Macho) <\/strong>permanece <strong>pr\u00f3fugo<\/strong> desde hace varios d\u00edas. Est\u00e1 imputado, junto a otros siete hombres, por la muerte del chofer Deivy <strong>Carlos Abreu Quezada<\/strong>, hecho que ha conmocionado al pa\u00eds por la forma en que ocurri\u00f3<\/p>\n<p>El hombre muri\u00f3 a causa de una herida de arma blanca en el muslo derecho que recibi\u00f3 la tarde del viernes <strong>17 de abril<\/strong> de este a\u00f1o en el parqueo del <strong>Palacio de Justicia<\/strong> de Santiago, donde se refugi\u00f3 al ser perseguido por una turba de motoristas. Su deceso ocurri\u00f3 el s\u00e1bado 18 en el <strong>Hospital Presidente Estrella<\/strong> Ure\u00f1a mientras recib\u00eda atenciones m\u00e9dicas. Fue llevado a ese centro por una unidad del 9-1-1.<\/p>\n<p>Conforme a la Polic\u00eda,\u00a0<strong>alias Macho<\/strong> (28 a\u00f1os), fue la persona que <strong>apu\u00f1al\u00f3<\/strong> a Abreu Quezada cuando se desmont\u00f3 del <strong>cami\u00f3n recolector<\/strong> de basura, el cual prestaba servicio al cabildo de esa provincia a trav\u00e9s de la Compa\u00f1\u00eda de Limpieza Urbana (Comlursa SRL).<\/p>\n<div class=\"w-full pt-2 float-left inside-related\">    <span class=\"border-b border-black pb-3 mb-4 block\"><strong>RELACIONADAS<\/strong><\/span>                                \n<div class=\"xl:w-2\/12 w-4\/12\">                                                                        <a href=\"https:\/\/www.diariolibre.com\/actualidad\/nacional\/2026\/04\/20\/policia-identifica-presunto-autor-matador-chofer-en-santiago\/3508927?utm_source=relacionadas&amp;utm_medium=nota&amp;utm_campaign=relacionadas\" title=\"                                                                                                                            \">                                                                                                                            <\/a>                                                            <\/div>\n<div class=\"xl:w-10\/12 w-8\/12 pl-3\">\n<div class=\"text-md mb-2 meta\">                        <a href=\"https:\/\/www.diariolibre.com\/actualidad\/nacional\" title=\"Nacional\">Nacional<\/a>                    <\/div>\n<h2><a href=\"https:\/\/www.diariolibre.com\/actualidad\/nacional\/2026\/04\/20\/policia-identifica-presunto-autor-matador-chofer-en-santiago\/3508927?utm_source=relacionadas&amp;utm_medium=nota&amp;utm_campaign=relacionadas\" title=\"Polic\u00eda identifica al presunto autor de muerte de chofer en Santiago; dice es altamente peligroso\">Polic\u00eda identifica al presunto autor de muerte de chofer en Santiago; dice es \u00abaltamente peligroso\u00bb<\/a><\/h2>\n<\/div>\n<div class=\"xl:w-2\/12 w-4\/12\">                                                                        <a href=\"https:\/\/www.diariolibre.com\/actualidad\/justicia\/2026\/04\/22\/deivy-abreu-murio-tras-23-minutos-de-persecucion-de-motoristas\/3511108?utm_source=relacionadas&amp;utm_medium=nota&amp;utm_campaign=relacionadas\" title=\"                                                                                                                            \">                                                                                                                            <\/a>                                                            <\/div>\n<div class=\"xl:w-10\/12 w-8\/12 pl-3\">\n<div class=\"text-md mb-2 meta\">                        <a href=\"https:\/\/www.diariolibre.com\/actualidad\/justicia\" title=\"Justicia\">Justicia<\/a>                    <\/div>\n<h2><a href=\"https:\/\/www.diariolibre.com\/actualidad\/justicia\/2026\/04\/22\/deivy-abreu-murio-tras-23-minutos-de-persecucion-de-motoristas\/3511108?utm_source=relacionadas&amp;utm_medium=nota&amp;utm_campaign=relacionadas\" title=\"Deivy Abreu huy\u00f3, perseguido por motoristas, durante 23 minutos antes de recibir la estocada mortal\">Deivy Abreu huy\u00f3, perseguido por motoristas, durante 23 minutos antes de recibir la estocada mortal<\/a><\/h2>\n<\/div>\n<\/div>\n<p>El hombre es buscado mediante la <strong>orden de arresto<\/strong> n\u00famero 2026-AJ0030957-8. Su hermano\u00a0<strong>Kevin Francisco Mets Cruz<\/strong> est\u00e1 <strong>apresado<\/strong> bajo acusaci\u00f3n de haber participado en la muerte de Abreu Quezada.<\/p>\n<h2>Acciones de la autoridad y estado procesal<\/h2>\n<p><strong>Videos<\/strong> del hecho que circulan en las redes sociales muestran c\u00f3mo el chofer fue <strong>perseguido y atacado<\/strong> a cuchilladas y pedradas tan pronto logr\u00f3 desmontarse del cami\u00f3n en el parqueo del <strong>Palacio de Justicia<\/strong>, donde logr\u00f3 penetrar huyendo a la turba de motoristas que lo persegu\u00eda. Luego de la agresi\u00f3n, corri\u00f3 y se sent\u00f3 en una acera y ped\u00eda que no lo dejaran morir.<\/p>\n<p>La uniformada dio a conocer que Mets Cruz estaba <strong>pr\u00f3fugo<\/strong> por el hecho y la \u201cparticipaci\u00f3n\u201d que tuvo el lunes 20. En el afiche dijo que el hombre es \u201c<strong>altamente peligroso<\/strong>\u201d y lo inst\u00f3 a <strong>entregarse<\/strong> \u201cpor las v\u00edas que considerara pertinente\u201d, lo cual no ha ocurrido.<\/p>\n<p>Por el caso fueron apresados <strong>Adony Antonio Ure\u00f1a<\/strong> Ventura,\u00a0Andr\u00e9s\u00a0Moncl\u00fa<strong><\/strong>\u00a0Gonz\u00e1lez, Carlos Andr\u00e9s Roa Mor\u00e1n, Miguel Garc\u00eda Balbuena,\u00a0Joanfry\u00a0Joel N\u00fa\u00f1ez, Juan Carlos Soto Ortiz y\u00a0Kevin\u00a0Francisco Metz Cruz. La <strong>medida de coerci\u00f3n<\/strong> contra ellos ha sido aplazada en dos ocasiones. La de este mi\u00e9rcoles fue reenviada para el lunes <strong>27 de abril<\/strong> a las 9:00 de la ma\u00f1ana.<\/p>\n<p>De acuerdo con el\u00a0expediente acusatorio, los imputados se habr\u00edan asociado para perseguir, interceptar y dar muerte a Abreu Quezada. El <strong>Ministerio P\u00fablico<\/strong> los acusa provisionalmente de violaci\u00f3n de los art\u00edculos 265, 266, 296, 297 y 302 del <strong>C\u00f3digo Penal Dominicano<\/strong>, que tipifica la asociaci\u00f3n de malhechores, <strong>asesinato <\/strong>y sus agravantes.<\/p>","protected":false},"excerpt":{"rendered":"<p>Jhovanny de Jes\u00fas Mets Cruz (Macho) permanece pr\u00f3fugo desde hace varios d\u00edas. Est\u00e1 imputado, junto a otros siete hombres, por la muerte del chofer Deivy Carlos Abreu Quezada, hecho que ha conmocionado al&#8230;<\/p>\n","protected":false},"author":0,"featured_media":142649,"comment_status":"open","ping_status":"open","sticky":false,"template":"","format":"standard","meta":{"footnotes":""},"categories":[1],"tags":[],"class_list":["post-142657","post","type-post","status-publish","format-standard","has-post-thumbnail","hentry","category-sin-categoria"],"_links":{"self":[{"href":"http:\/\/joelaybar.com\/wp\/wp-json\/wp\/v2\/posts\/142657","targetHints":{"allow":["GET"]}}],"collection":[{"href":"http:\/\/joelaybar.com\/wp\/wp-json\/wp\/v2\/posts"}],"about":[{"href":"http:\/\/joelaybar.com\/wp\/wp-json\/wp\/v2\/types\/post"}],"replies":[{"embeddable":true,"href":"http:\/\/joelaybar.com\/wp\/wp-json\/wp\/v2\/comments?post=142657"}],"version-history":[{"count":0,"href":"http:\/\/joelaybar.com\/wp\/wp-json\/wp\/v2\/posts\/142657\/revisions"}],"wp:featuredmedia":[{"embeddable":true,"href":"http:\/\/joelaybar.com\/wp\/wp-json\/wp\/v2\/media\/142649"}],"wp:attachment":[{"href":"http:\/\/joelaybar.com\/wp\/wp-json\/wp\/v2\/media?parent=142657"}],"wp:term":[{"taxonomy":"category","embeddable":true,"href":"http:\/\/joelaybar.com\/wp\/wp-json\/wp\/v2\/categories?post=142657"},{"taxonomy":"post_tag","embeddable":true,"href":"http:\/\/joelaybar.com\/wp\/wp-json\/wp\/v2\/tags?post=142657"}],"curies":[{"name":"wp","href":"https:\/\/api.w.org\/{rel}","templated":true}]}}