{"id":142694,"date":"2026-04-22T23:00:00","date_gmt":"2026-04-22T23:00:00","guid":{"rendered":"http:\/\/joelaybar.com\/wp\/2026\/04\/22\/inauguran-el-centro-de-innovacion-marino-en-punta-cana-6\/"},"modified":"2026-04-22T23:00:00","modified_gmt":"2026-04-22T23:00:00","slug":"inauguran-el-centro-de-innovacion-marino-en-punta-cana-6","status":"publish","type":"post","link":"http:\/\/joelaybar.com\/wp\/2026\/04\/22\/inauguran-el-centro-de-innovacion-marino-en-punta-cana-6\/","title":{"rendered":"Inauguran el Centro de Innovaci\u00f3n Marino en Punta Cana"},"content":{"rendered":"<p>La <strong>Rep\u00fablica Dominicana<\/strong> ya cuenta con un <strong>centro dedicado<\/strong> exclusivamente al estudio, restauraci\u00f3n, conservaci\u00f3n y concienciacion sobre los <strong>arrecifes de coral<\/strong> a gran escala.<\/p>\n<p>Se trata del <strong>Centro de Innovaci\u00f3n Marino<\/strong> (CIM), una instalaci\u00f3n inaugurada ayer por la <strong>Fundaci\u00f3n Puntacana<\/strong> que busca facilitar la restauraci\u00f3n y la reproducci\u00f3n de especies coralinas de la <strong>Rep\u00fablica Dominicana<\/strong> y el <strong>Caribe<\/strong>, a la vez que busca generar soluciones para mitigar los problemas medioambientales que los amenazan.<\/p>\n<p>Habilitado con laboratorios destinados a la investigaci\u00f3n marina y equipado con \u00e1reas para <strong>reproducir y rehabilitar a los corales<\/strong>, se trata de la primera infraestructura de su tipo que abarca el ciclo de vida de estas especies y parte de su ecosistema (incluyendo peces y algas).<\/p>\n<p>Su prop\u00f3sito es elevar la supervivencia de los <strong>arrecifes de coral<\/strong> en el pa\u00eds y reforzar la protecci\u00f3n que ofrecen en los casi <strong>1,300 kil\u00f3metros<\/strong> de l\u00ednea costera en la que habitan esta y otras especies marinas.<\/p>\n<h2>\u00bfC\u00f3mo funciona?<\/h2>\n<p>M\u00e1s que un espacio dedicado a la ciencia, el <strong>Centro de Innovaci\u00f3n Marino<\/strong> aspira a ser un \u201c<strong>museo vivo<\/strong>\u201d de las principales especies de corales y peces que se encuentran en las aguas dominicanas para que estudiantes, comunitarios, turistas y p\u00fablico en general puedan conocer el rol de este ecosistema en el medioambiente.<\/p>\n<p>El centro cuenta con <strong>32 tanques<\/strong>\u2013 con capacidad de duplicarse\u2013 donde se apoya la <strong>restauraci\u00f3n de corales<\/strong>, a la vez que se reproducen y se monitorean especies clave de arrecife. <\/p>\n<p>De igual manera, est\u00e1 equipado con <strong>siete tanques<\/strong> bajo <strong>ambiente controlado<\/strong>, que permiten seguir su reproducci\u00f3n a\u00fan m\u00e1s de cerca y aclimatar a las especies que lo requieran antes de ser transplantados en el fondo marino.<\/p>\n<p>El CIM cuenta con m\u00e1s de <strong>24,000 fragmentos<\/strong> de coral bajo estudio de hasta <strong>94 genotipos<\/strong> resistentes a los efectos clim\u00e1ticos adversos, con la expectativa de ampliar la <strong>reproducci\u00f3n sexual<\/strong> de los corales en cautiverio, un m\u00e9todo que garantiza obtener corales de manera m\u00e1s r\u00e1pida y eficiente que el m\u00e9todo asexual, m\u00e1s com\u00fan pero m\u00e1s lento. <\/p>\n<p>Este tipo de reproducci\u00f3n busca <strong>acelerar su restauraci\u00f3n<\/strong>.<\/p>\n<p>Tambi\u00e9n cuenta con laboratorios para la reproducci\u00f3n de <strong>peces marinos<\/strong> nativos del <strong>Caribe<\/strong> asociados a los arrecifes, como el bocayate, el pez loro y el pez payaso, as\u00ed como especies del g\u00e9nero <em>Gramma<\/em>, entre ellas <em>Gramma melacara<\/em> y <em>Gramma loreto<\/em>.<\/p>\n<div class=\"w-full pt-2 float-left inside-related\">    <span class=\"border-b border-black pb-3 mb-4 block\"><strong>RELACIONADAS<\/strong><\/span>                                \n<div class=\"xl:w-2\/12 w-4\/12\">                                                                        <a href=\"https:\/\/www.diariolibre.com\/planeta\/medioambiente\/2026\/04\/07\/conservacion-de-arrecifes-en-hotel-submarino-de-republica-dominicana\/3494428?utm_source=relacionadas&amp;utm_medium=nota&amp;utm_campaign=relacionadas\" title=\"                                                                                                                            \">                                                                                                                            <\/a>                                                            <\/div>\n<div class=\"xl:w-10\/12 w-8\/12 pl-3\">\n<div class=\"text-md mb-2 meta\">                        <a href=\"https:\/\/www.diariolibre.com\/planeta\/medioambiente\" title=\"Medio Ambiente\">Medio Ambiente<\/a>                    <\/div>\n<h2><a href=\"https:\/\/www.diariolibre.com\/planeta\/medioambiente\/2026\/04\/07\/conservacion-de-arrecifes-en-hotel-submarino-de-republica-dominicana\/3494428?utm_source=relacionadas&amp;utm_medium=nota&amp;utm_campaign=relacionadas\" title=\"Un \u201chotel\u201d para los corales: la apuesta de econom\u00eda azul que busca financiar su recuperaci\u00f3n en RD\">Un \u201chotel\u201d para los corales: la apuesta de econom\u00eda azul que busca financiar su recuperaci\u00f3n en RD<\/a><\/h2>\n<\/div>\n<div class=\"xl:w-2\/12 w-4\/12\">                                                                        <a href=\"https:\/\/www.diariolibre.com\/planeta\/medioambiente\/2026\/02\/10\/estudio-mitad-de-los-arrecifes-de-corales-se-ha-perdido-en-el-mundo\/3433112?utm_source=relacionadas&amp;utm_medium=nota&amp;utm_campaign=relacionadas\" title=\"                                                                                                                            \">                                                                                                                            <\/a>                                                            <\/div>\n<div class=\"xl:w-10\/12 w-8\/12 pl-3\">\n<div class=\"text-md mb-2 meta\">                        <a href=\"https:\/\/www.diariolibre.com\/planeta\/medioambiente\" title=\"Medio Ambiente\">Medio Ambiente<\/a>                    <\/div>\n<h2><a href=\"https:\/\/www.diariolibre.com\/planeta\/medioambiente\/2026\/02\/10\/estudio-mitad-de-los-arrecifes-de-corales-se-ha-perdido-en-el-mundo\/3433112?utm_source=relacionadas&amp;utm_medium=nota&amp;utm_campaign=relacionadas\" title=\"Estudio revela la Tierra ha perdido el 50% de sus corales en los \u00faltimos 30 a\u00f1os\">Estudio revela la Tierra ha perdido el 50% de sus corales en los \u00faltimos 30 a\u00f1os<\/a><\/h2>\n<\/div>\n<\/div>\n<h2>Hub de innovaci\u00f3n<\/h2>\n<p>El CIM tambi\u00e9n ser\u00e1 la instituci\u00f3n ancla del <strong>Hub de Innovaci\u00f3n Marino<\/strong> de la <strong>Rep\u00fablica Dominicana<\/strong>; una plataforma nacional que integra a la <strong>Fundaci\u00f3n Puntacana<\/strong>, la Fundaci\u00f3n Dominicana de Estudios Mar\u00edtimos (Fundemar) y la organizaci\u00f3n <strong>The Nature Conservancy<\/strong>, enfocados en <strong>investigaci\u00f3n aplicada<\/strong> y restauraci\u00f3n de arrecifes a gran escala.<\/p>\n<p>La gerente del programa de Conservaci\u00f3n de Corales en el <strong>Caribe<\/strong> para <strong>The Nature Conservancy<\/strong>, <strong>Elizabeth Shaver<\/strong>, valor\u00f3 la visi\u00f3n de largo plazo del proyecto, que busca crear soluciones a las amenazas que enfrentan los corales por el calentamiento de las aguas marinas, las enfermedades producto de la contaminaci\u00f3n y la sobreproducci\u00f3n de peces.<\/p>\n<p>Destac\u00f3 que el trabajo del centro se convertir\u00e1 \u201cen una <strong>gu\u00eda de conservaci\u00f3n<\/strong> para todo el <strong>Caribe<\/strong>\u201d.<\/p>\n<p>En esto coincide <strong>Oceankind<\/strong>, organizaci\u00f3n que <strong>invirti\u00f3 para la creaci\u00f3n del centro<\/strong>. El director tecnol\u00f3gico de la entidad, Jason Thompson, manifest\u00f3 sentirse entusiasmado por el proyecto, que ser\u00e1 un referente para la regi\u00f3n.<\/p>\n<h2><strong>De los corales depende el turismo<\/strong><\/h2>\n<p>Como presidente de la <strong>Fundaci\u00f3n Puntacana<\/strong>, <strong>Frank Rainieri<\/strong>, enfatiz\u00f3 que la protecci\u00f3n de los <strong>arrecifes de coral<\/strong> en el pa\u00eds trasciende el \u00e1mbito tur\u00edstico y est\u00e1 intr\u00ednsecamente atado a la sostenibilidad del turismo de la <strong>Rep\u00fablica Dominicana<\/strong> como principal motor de la actividad econ\u00f3mica. <\/p>\n<p>\u201cLos <strong>arrecifes de coral<\/strong> sostienen cerca del 85 % del turismo dominicano, una industria que genera miles de millones de d\u00f3lares anualmente y emplea a cientos de miles de personas\u201d, expres\u00f3. <\/p>\n<p>Actualmente, los corales tambi\u00e9n son responsables de proteger las costas de las marejadas y huracanes, sosteniendo a las especies de peces de las que depende el <strong>sector acu\u00edcola<\/strong> y agropecuario para su sustento y para suplir la demanda nacional.<\/p>\n<p>\u201cCuando el <strong>arrecife muere<\/strong>, <strong>todo muere<\/strong> con \u00e9l\u201d, zanj\u00f3.<\/p>\n<p>Rainieri exhort\u00f3, tanto al <strong>Gobierno<\/strong> como a los principales actores del <strong>sector hotelero<\/strong>, articular esfuerzos orientados a tres acciones que garanticen la <strong>protecci\u00f3n arrecifal<\/strong> en la <strong>Rep\u00fablica Dominicana<\/strong>:<\/p>\n<p>    Coordinar y <strong>financiar<\/strong> la protecci\u00f3n de los arrecifes a <strong>escala nacional<\/strong>    Vincular la inversi\u00f3n en <strong>infraestructura h\u00eddrica<\/strong> (sobre todo de plantas de tratamientos residuales) a los resultados de la <strong>protecci\u00f3n arrecifal<\/strong>    Posicionar a la <strong>Rep\u00fablica Dominicana<\/strong> como <strong>centro mundial<\/strong> de innovaci\u00f3n en <strong>restauraci\u00f3n arrecifal<\/strong>.<\/p>\n<div class=\"read-more mb-7\">    <span class=\"block mb-2\">Leer m\u00e1s<\/span>                            \n<h3><a href=\"https:\/\/www.diariolibre.com\/planeta\/medioambiente\/2026\/02\/09\/jake-kheel-habla-del-rescate-de-corales-desde-fundacion-puntacana\/3431798?utm_source=relacionadas&amp;utm_medium=nota&amp;utm_campaign=relacionadas\" title=\"Jake Kheel: \u201cLa IA ayudar\u00e1 pero no reemplazar\u00e1 a la capacidad de mantener un animal vivo\u201d\">Jake Kheel: \u201cLa IA ayudar\u00e1 pero no reemplazar\u00e1 a la capacidad de mantener un animal vivo\u201d<\/a><\/h3>\n<h3><a href=\"https:\/\/www.diariolibre.com\/actualidad\/contenido-patrocinado\/2024\/06\/05\/centro-de-innovacion-marino-ofrece-esperanzas-de-recuperar-arrecifes\/2740382?utm_source=relacionadas&amp;utm_medium=nota&amp;utm_campaign=relacionadas\" title=\"Centro de Innovaci\u00f3n Marino ofrece esperanzas de recuperar arrecifes en el Caribe\">Centro de Innovaci\u00f3n Marino ofrece esperanzas de recuperar arrecifes en el Caribe<\/a><\/h3>\n<\/div>","protected":false},"excerpt":{"rendered":"<p>La Rep\u00fablica Dominicana ya cuenta con un centro dedicado exclusivamente al estudio, restauraci\u00f3n, conservaci\u00f3n y concienciacion sobre los arrecifes de coral a gran escala. Se trata del Centro de Innovaci\u00f3n Marino (CIM), una&#8230;<\/p>\n","protected":false},"author":0,"featured_media":142667,"comment_status":"open","ping_status":"open","sticky":false,"template":"","format":"standard","meta":{"footnotes":""},"categories":[1],"tags":[],"class_list":["post-142694","post","type-post","status-publish","format-standard","has-post-thumbnail","hentry","category-sin-categoria"],"_links":{"self":[{"href":"http:\/\/joelaybar.com\/wp\/wp-json\/wp\/v2\/posts\/142694","targetHints":{"allow":["GET"]}}],"collection":[{"href":"http:\/\/joelaybar.com\/wp\/wp-json\/wp\/v2\/posts"}],"about":[{"href":"http:\/\/joelaybar.com\/wp\/wp-json\/wp\/v2\/types\/post"}],"replies":[{"embeddable":true,"href":"http:\/\/joelaybar.com\/wp\/wp-json\/wp\/v2\/comments?post=142694"}],"version-history":[{"count":0,"href":"http:\/\/joelaybar.com\/wp\/wp-json\/wp\/v2\/posts\/142694\/revisions"}],"wp:featuredmedia":[{"embeddable":true,"href":"http:\/\/joelaybar.com\/wp\/wp-json\/wp\/v2\/media\/142667"}],"wp:attachment":[{"href":"http:\/\/joelaybar.com\/wp\/wp-json\/wp\/v2\/media?parent=142694"}],"wp:term":[{"taxonomy":"category","embeddable":true,"href":"http:\/\/joelaybar.com\/wp\/wp-json\/wp\/v2\/categories?post=142694"},{"taxonomy":"post_tag","embeddable":true,"href":"http:\/\/joelaybar.com\/wp\/wp-json\/wp\/v2\/tags?post=142694"}],"curies":[{"name":"wp","href":"https:\/\/api.w.org\/{rel}","templated":true}]}}