{"id":142710,"date":"2026-04-22T23:01:00","date_gmt":"2026-04-22T23:01:00","guid":{"rendered":"https:\/\/joelaybar.com\/wp\/2026\/04\/22\/busqueda-de-carli-franchesca-guzman-roche-termino-donde-empezo-9\/"},"modified":"2026-04-22T23:01:00","modified_gmt":"2026-04-22T23:01:00","slug":"busqueda-de-carli-franchesca-guzman-roche-termino-donde-empezo-9","status":"publish","type":"post","link":"http:\/\/joelaybar.com\/wp\/2026\/04\/22\/busqueda-de-carli-franchesca-guzman-roche-termino-donde-empezo-9\/","title":{"rendered":"B\u00fasqueda de Carli Franchesca Guzm\u00e1n Roche termin\u00f3 donde empez\u00f3"},"content":{"rendered":"<p>Tras casi cinco a\u00f1os de incertidumbre y una <strong>b\u00fasqueda<\/strong> que nunca se detuvo, fueron <strong>localizados<\/strong> los <strong>restos de Carli Franchesca Guzm\u00e1n Roche<\/strong>, una joven reportada <strong>desaparecida en 2021<\/strong>.<\/p>\n<p>El <strong>2 de septiembre<\/strong> de ese a\u00f1o, Carli Franchesca <strong>sali\u00f3 de su residencia<\/strong> en Ban\u00ed, provincia Peravia, con fines de recreaci\u00f3n a una <strong>villa de Sos\u00faa<\/strong>, <strong>Puerto Plata<\/strong>, siendo esta la \u00faltima vez que su <strong>familia<\/strong> la vio con vida.\u00a0<\/p>\n<p><strong>Tres d\u00edas despu\u00e9s<\/strong>, el <strong>contacto se perdi\u00f3<\/strong>, no se supo m\u00e1s de ella. El eco de su voz se apag\u00f3 en el celular, convirti\u00e9ndose en la primera se\u00f1al de alarma que llevar\u00eda a un silencio que se prolong\u00f3 por <strong>1,600 d\u00edas<\/strong>.<\/p>\n<p>El <strong>13 de septiembre<\/strong>, la <strong>denuncia<\/strong> qued\u00f3 asentada en los archivos de la <strong>Direcci\u00f3n Central de Investigaciones Criminales<\/strong> (<strong>Dicrim<\/strong>). Pero mientras la burocracia estatal apenas desperezaba sus protocolos, la <strong>familia Guzm\u00e1n Roche<\/strong> ya hab\u00eda iniciado su propia <strong>b\u00fasqueda<\/strong>.\u00a0<\/p>\n<p>Desde el inicio, los parientes insistieron para que las autoridades <strong>allanaran la villa<\/strong> a la que Carli se dirigi\u00f3 e investigaran a un extranjero, de nacionalidad norteamericana, que, seg\u00fan testigos, hab\u00eda estado con ella en sus \u00faltimas horas.\u00a0<\/p>\n<p>Con el paso del tiempo, la <strong>Polic\u00eda<\/strong> realiz\u00f3 un <strong>operativo<\/strong> en la <strong>propiedad<\/strong>. Entr\u00f3 y sali\u00f3 del lugar, sin m\u00e1s.\u00a0<\/p>\n<div class=\"w-full pt-2 float-left inside-related\">    <span class=\"border-b border-black pb-3 mb-4 block\"><strong>RELACIONADAS<\/strong><\/span>                                \n<div class=\"xl:w-2\/12 w-4\/12\">                                                                        <a href=\"https:\/\/www.diariolibre.com\/actualidad\/nacional\/2026\/04\/21\/hallazgo-de-restos-de-carli-franchesca-guzman-roche\/3509999?utm_source=relacionadas&amp;utm_medium=nota&amp;utm_campaign=relacionadas\" title=\"                                                                                                                            \">                                                                                                                            <\/a>                                                            <\/div>\n<div class=\"xl:w-10\/12 w-8\/12 pl-3\">\n<div class=\"text-md mb-2 meta\">                        <a href=\"https:\/\/www.diariolibre.com\/actualidad\/nacional\" title=\"Nacional\">Nacional<\/a>                    <\/div>\n<h2><a href=\"https:\/\/www.diariolibre.com\/actualidad\/nacional\/2026\/04\/21\/hallazgo-de-restos-de-carli-franchesca-guzman-roche\/3509999?utm_source=relacionadas&amp;utm_medium=nota&amp;utm_campaign=relacionadas\" title=\"A casi cinco a\u00f1os de su desaparici\u00f3n, encuentran en Sos\u00faa restos de Carli Franchesca Guzm\u00e1n Roche\">A casi cinco a\u00f1os de su desaparici\u00f3n, encuentran en Sos\u00faa restos de Carli Franchesca Guzm\u00e1n Roche<\/a><\/h2>\n<\/div>\n<\/div>\n<h2>\u201cUn <strong>animal muerto<\/strong>\u201d<\/h2>\n<p>De acuerdo con las declaraciones de un <strong>t\u00edo de la joven<\/strong>, al ingresar a la residencia alertaron a los agentes sobre un <strong>fuerte olor<\/strong>, no obstante, asegur\u00f3 que los oficiales concluyeron que se trataba de un <strong>animal muerto<\/strong>, sin notar que all\u00ed se ocultaba la <strong>evidencia clave<\/strong> del caso que, ante la falta de \u201challazgos\u201d, se archiv\u00f3.\u00a0<\/p>\n<p>Lo que sigui\u00f3 para esta <strong>familia<\/strong> fue un camino de insistencia por encontrar respuestas, con <strong>manifestaciones<\/strong> y <strong>vigilias<\/strong>, negada a aceptar el olvido.<\/p>\n<p>La verdad no emergi\u00f3 por una orden judicial, sino por un <strong>golpe de suerte<\/strong>, en\u00a0<strong>enero del 2026<\/strong>, cuando el <strong>nuevo due\u00f1o<\/strong> de la villa, que en su momento perteneci\u00f3 al extranjero se\u00f1alado por la <strong>familia<\/strong>, inici\u00f3 una remodelaci\u00f3n. Cuando los <strong>obreros<\/strong> <strong>removieron el terreno<\/strong>, encontraron los <strong>restos de Carli Franchesca<\/strong> que, finalmente, salieron a la luz.<\/p>\n<p>El <strong>sepelio<\/strong> de la joven se realiz\u00f3 este<strong> martes 21 de abril.<\/strong><\/p>\n<div class=\"my-12 component web-insert relative border bg-component\">    <span class=\"text-xl block my-3 component-title glosa\"><strong>Dejados a su suerte<\/strong><\/span>    \n<p class=\"insert-subtitle\">\n<\/p><p>Aunque la familia ya sabe d\u00f3nde est\u00e1 su hija, el hallazgo no trae un alivio pleno. Ahora enfrenta un proceso legal en busca de justicia por la muerte de la joven, una etapa que reabre el dolor. Si bien el Ministerio P\u00fablico ha informado que las investigaciones avanzan, los parientes dicen que no reciben detalles claros.\u00a0<\/p>\n<p>En medio del proceso, sienten que vuelven a revivir la incertidumbre, esta vez marcada por lo que esperan de las autoridades. Tambi\u00e9n el trato recibido en Instituto Nacional de Ciencias Forenses (Inacif), seg\u00fan allegados, refuerza la sensaci\u00f3n de abandono frente a un sistema que, aseguran, los ha dejado a su suerte.<\/p>\n<\/div>\n<h2>Tipifican el caso como <strong>homicidio<\/strong><\/h2>\n<p>El fiscal\u00a0Kelmin Duncan, representante del <strong>Ministerio P\u00fablico<\/strong> en <strong>Puerto Plata<\/strong>, inform\u00f3 que tras la identificaci\u00f3n de los <strong>restos<\/strong> el caso pasa a calificarse como un\u00a0<strong>homicidio<\/strong>.<\/p>\n<p>El\u00a0<strong>Ministerio P\u00fablico<\/strong>\u00a0inform\u00f3 que un equipo de fiscales realizan las <strong>diligencias<\/strong> de lugar para esclarecer la muerte de <strong>Carli Franchesca Guzm\u00e1n Roche<\/strong> y \u00abproceder con el <strong>sometimiento a la justicia<\/strong> contra la persona o las personas\u00bb con las que se establezcan vinculaci\u00f3n al crimen.<\/p>","protected":false},"excerpt":{"rendered":"<p>Tras casi cinco a\u00f1os de incertidumbre y una b\u00fasqueda que nunca se detuvo, fueron localizados los restos de Carli Franchesca Guzm\u00e1n Roche, una joven reportada desaparecida en 2021. El 2 de septiembre de&#8230;<\/p>\n","protected":false},"author":0,"featured_media":142663,"comment_status":"open","ping_status":"open","sticky":false,"template":"","format":"standard","meta":{"footnotes":""},"categories":[1],"tags":[],"class_list":["post-142710","post","type-post","status-publish","format-standard","has-post-thumbnail","hentry","category-sin-categoria"],"_links":{"self":[{"href":"http:\/\/joelaybar.com\/wp\/wp-json\/wp\/v2\/posts\/142710","targetHints":{"allow":["GET"]}}],"collection":[{"href":"http:\/\/joelaybar.com\/wp\/wp-json\/wp\/v2\/posts"}],"about":[{"href":"http:\/\/joelaybar.com\/wp\/wp-json\/wp\/v2\/types\/post"}],"replies":[{"embeddable":true,"href":"http:\/\/joelaybar.com\/wp\/wp-json\/wp\/v2\/comments?post=142710"}],"version-history":[{"count":0,"href":"http:\/\/joelaybar.com\/wp\/wp-json\/wp\/v2\/posts\/142710\/revisions"}],"wp:featuredmedia":[{"embeddable":true,"href":"http:\/\/joelaybar.com\/wp\/wp-json\/wp\/v2\/media\/142663"}],"wp:attachment":[{"href":"http:\/\/joelaybar.com\/wp\/wp-json\/wp\/v2\/media?parent=142710"}],"wp:term":[{"taxonomy":"category","embeddable":true,"href":"http:\/\/joelaybar.com\/wp\/wp-json\/wp\/v2\/categories?post=142710"},{"taxonomy":"post_tag","embeddable":true,"href":"http:\/\/joelaybar.com\/wp\/wp-json\/wp\/v2\/tags?post=142710"}],"curies":[{"name":"wp","href":"https:\/\/api.w.org\/{rel}","templated":true}]}}