{"id":142966,"date":"2026-04-24T23:30:00","date_gmt":"2026-04-24T23:30:00","guid":{"rendered":"http:\/\/joelaybar.com\/wp\/2026\/04\/24\/experto-asegura-que-la-vacunacion-en-el-embarazo-es-segura-3\/"},"modified":"2026-04-24T23:30:00","modified_gmt":"2026-04-24T23:30:00","slug":"experto-asegura-que-la-vacunacion-en-el-embarazo-es-segura-3","status":"publish","type":"post","link":"http:\/\/joelaybar.com\/wp\/2026\/04\/24\/experto-asegura-que-la-vacunacion-en-el-embarazo-es-segura-3\/","title":{"rendered":"Experto asegura que la vacunaci\u00f3n en el embarazo es segura"},"content":{"rendered":"<p>La <strong>vacunaci\u00f3n durante el embarazo<\/strong> se consolida como una de las estrategias m\u00e1s efectivas para proteger la <strong>salud<\/strong> de los reci\u00e9n nacidos, en un contexto donde persisten mitos y brechas de acceso en Am\u00e9rica Latina. <\/p>\n<p>As\u00ed lo explic\u00f3 el m\u00e9dico colombiano <strong>Jezid Miranda<\/strong>, quien convers\u00f3 con <em>Diario Libre<\/em> en ocasi\u00f3n de iniciarse este 25 de abril la <strong>Semana de Vacunaci\u00f3n<\/strong> de las <strong>Am\u00e9ricas 2026<\/strong>.<\/p>\n<p>El especialista destac\u00f3 que inmunizar a la madre permite <strong>transferir anticuerpos<\/strong> al beb\u00e9 en una <strong>etapa cr\u00edtica<\/strong> de su desarrollo.<\/p>\n<p>\u201cVacunar ahorita mismo a la mujer significa tener unos ni\u00f1os, una <strong>infancia m\u00e1s sana<\/strong>\u201d, afirm\u00f3 Miranda, al subrayar que el reci\u00e9n nacido \u201cest\u00e1 inmunol\u00f3gicamente muy inmaduro\u201d y depende en gran medida de las defensas que recibe de su madre.<\/p>\n<p>El <strong>ginec\u00f3logo especialista<\/strong> en <strong>embarazos de alto riesgo<\/strong> explic\u00f3 que la <strong>vacunaci\u00f3n materna<\/strong> ha contribuido a reducir enfermedades que antes ten\u00edan un alto impacto en la mortalidad infantil. <\/p>\n<p>\u201cYa no hablamos de <strong>t\u00e9tanos neonatal<\/strong>, afortunadamente, porque tenemos la <strong>vacunaci\u00f3n<\/strong> de la madre\u201d, indic\u00f3. De igual forma, resalt\u00f3 la disminuci\u00f3n de casos de tosferina gracias a la inmunizaci\u00f3n durante el embarazo.<\/p>\n<p>Uno de los avances m\u00e1s recientes es la <strong>protecci\u00f3n<\/strong> frente al <strong>virus sincitial respiratorio<\/strong>\u00a0(VSR), principal causa de <strong>bronquiolitis<\/strong> en beb\u00e9s. Seg\u00fan el m\u00e9dico, esta enfermedad puede tener consecuencias graves en la regi\u00f3n. Catalog\u00f3 a esta vacuna como \u201cuna victoria reciente\u201d.<\/p>\n<p>\u201cProduce disminuci\u00f3n de acceso a urgencias, disminuci\u00f3n de <strong>hospitalizaciones<\/strong> y en nuestro medio, disminuci\u00f3n de beb\u00e9s que se mueren\u201d, se\u00f1al\u00f3.<\/p>\n<div class=\"my-12 component web-insert-bullet relative border bg-component\">    <span class=\"text-xl block my-3 component-title glosa\"><strong><\/strong><\/span>        \n<p>La vacuna del Virus Sincitial Respiratorio es segura de aplicar entre las semanas 28 y 32 del embarazo porque requiere, al menos, haberse colocado dos semanas antes del parto para que el traspaso de anticuerpos sea efectivo.<\/p>\n<\/div>\n<h2>Esquema de <strong>vacunaci\u00f3n<\/strong> y planificaci\u00f3n<\/h2>\n<p>El especialista enfatiz\u00f3 que la <strong>protecci\u00f3n<\/strong> debe comenzar incluso antes del embarazo. <\/p>\n<p>\u201c\u00bfSabes qu\u00e9 necesitamos tambi\u00e9n? Que la mujer se prepare para el embarazo\u201d, expres\u00f3, al mencionar <strong>vacunas preconcepcionales<\/strong> como la del virus del papiloma humano (<strong>VPH<\/strong>) y <strong>refuerzos<\/strong> contra el <strong>sarampi\u00f3n<\/strong>.<\/p>\n<p>La importancia de administrar estas <strong>vacunas<\/strong> (<strong>sarampi\u00f3n<\/strong> y <strong>VPH<\/strong>) antes del embarazo es porque se trata de biol\u00f3gicos con virus vivos, por tanto, no se puedan administrar una vez la mujer est\u00e1 en estado de gestaci\u00f3n, perdi\u00e9ndose la brecha de <strong>protecci\u00f3n<\/strong>.<\/p>\n<p>Durante la gestaci\u00f3n, dijo que se recomienda aplicar <strong>vacunas<\/strong> como <strong>influenza<\/strong> y <strong>COVID-19<\/strong> desde el primer trimestre, y la DPT (<strong>difteria<\/strong>, tosferina y <strong>t\u00e9tanos<\/strong>) a partir de la <strong>semana 26<\/strong>. Adem\u00e1s, destac\u00f3 la incorporaci\u00f3n de la vacuna contra el virus respiratorio sincitial en etapas m\u00e1s avanzadas del embarazo.<\/p>\n<p>\u201cLa mam\u00e1 se vacuna, ella pasa anticuerpos a su beb\u00e9 y lo protegemos\u201d, explic\u00f3 Miranda, quien insisti\u00f3 en que esta <strong>protecci\u00f3n<\/strong> es crucial durante los primeros seis meses de vida, antes de que el ni\u00f1o complete su propio <strong>esquema de inmunizaci\u00f3n.<\/strong><\/p>\n<h2>Seguridad y mitos<\/h2>\n<div class=\"expand-img-placeholder\"><span class=\"rutaimagenoriginal-placeholder\">https:\/\/resources.diariolibre.com\/images\/2026\/04\/24\/dr-jezid-miranda-74014c0c.jpeg<\/span><\/div>\n<p><span>El doctor Jezid Miranda.<\/span><span> (<strong>FUENTE EXTERNA<\/strong>)<\/span><\/p>\n<p>Frente a la desconfianza que a\u00fan existe, el especialista fue enf\u00e1tico en la <strong>seguridad de las<\/strong> <strong>vacunas<\/strong>. <\/p>\n<p>\u201cLa <strong>vacunaci\u00f3n en el embarazo<\/strong> es muy segura para la mam\u00e1 y el beb\u00e9\u201d, afirm\u00f3.<\/p>\n<p>Asimismo, desminti\u00f3 creencias comunes: \u201cLas <strong>vacunas<\/strong> no se asocian a malformaciones en los beb\u00e9s, ni a abortos o partos prematuros\u201d. A\u00f1adi\u00f3 que los <strong>efectos secundarios<\/strong> suelen ser leves, como dolor en el brazo en la zona del pinchazo.<\/p>\n<p>Garantiz\u00f3 que las <strong>vacunas<\/strong> tampoco reducen la cantidad de <strong>l\u00edquido amni\u00f3tico<\/strong>.<\/p>\n<p>Para Miranda, el reto en la regi\u00f3n sigue siendo la necesidad de informaci\u00f3n. <\/p>\n<p>\u201cLo que tenemos es una poblaci\u00f3n que ahora est\u00e1 ejerciendo su<strong> derecho de preguntar<\/strong> y de cuestionar la seguridad\u201d, se\u00f1al\u00f3.<\/p>\n<div class=\"w-full pt-2 float-left inside-related\">    <span class=\"border-b border-black pb-3 mb-4 block\"><strong>RELACIONADAS<\/strong><\/span>                                \n<div class=\"xl:w-2\/12 w-4\/12\">                                                                        <a href=\"https:\/\/www.diariolibre.com\/actualidad\/salud\/2026\/03\/11\/salud-publica-inicia-la-vacunacion-nonavalente-contra-vph\/3465983?utm_source=relacionadas&amp;utm_medium=nota&amp;utm_campaign=relacionadas\" title=\"                                                                                                                            \">                                                                                                                            <\/a>                                                            <\/div>\n<div class=\"xl:w-10\/12 w-8\/12 pl-3\">\n<div class=\"text-md mb-2 meta\">                        <a href=\"https:\/\/www.diariolibre.com\/actualidad\/salud\" title=\"Salud\">Salud<\/a>                    <\/div>\n<h2><a href=\"https:\/\/www.diariolibre.com\/actualidad\/salud\/2026\/03\/11\/salud-publica-inicia-la-vacunacion-nonavalente-contra-vph\/3465983?utm_source=relacionadas&amp;utm_medium=nota&amp;utm_campaign=relacionadas\" title=\"Salud P\u00fablica actualiza esquema de vacunaci\u00f3n e inicia aplicaci\u00f3n de vacuna nonavalente contra VPH\">Salud P\u00fablica actualiza esquema de vacunaci\u00f3n e inicia aplicaci\u00f3n de vacuna nonavalente contra VPH<\/a><\/h2>\n<\/div>\n<div class=\"xl:w-2\/12 w-4\/12\">                                                                        <a href=\"https:\/\/www.diariolibre.com\/revista\/buena-vida\/2026\/03\/21\/vacuna-contra-el-vph-y-cancer-de-cuello-uterino\/3476435?utm_source=relacionadas&amp;utm_medium=nota&amp;utm_campaign=relacionadas\" title=\"                                                                                                                            \">                                                                                                                            <\/a>                                                            <\/div>\n<div class=\"xl:w-10\/12 w-8\/12 pl-3\">\n<div class=\"text-md mb-2 meta\">                        <a href=\"https:\/\/www.diariolibre.com\/revista\/buena-vida\" title=\"Buena vida\">Buena vida<\/a>                    <\/div>\n<h2><a href=\"https:\/\/www.diariolibre.com\/revista\/buena-vida\/2026\/03\/21\/vacuna-contra-el-vph-y-cancer-de-cuello-uterino\/3476435?utm_source=relacionadas&amp;utm_medium=nota&amp;utm_campaign=relacionadas\" title=\"Vacuna contra el VPH: \u00bfpor qu\u00e9 es tan importante para prevenir el c\u00e1ncer de cuello uterino?\">Vacuna contra el VPH: \u00bfpor qu\u00e9 es tan importante para prevenir el c\u00e1ncer de cuello uterino?<\/a><\/h2>\n<\/div>\n<div class=\"xl:w-2\/12 w-4\/12\">                                                                        <a href=\"https:\/\/www.diariolibre.com\/actualidad\/salud\/2025\/03\/22\/diferencias-entre-el-esquema-publico-y-privado-de-vacunas\/3043766?utm_source=relacionadas&amp;utm_medium=nota&amp;utm_campaign=relacionadas\" title=\"                                                                                                                            \">                                                                                                                            <\/a>                                                            <\/div>\n<div class=\"xl:w-10\/12 w-8\/12 pl-3\">\n<div class=\"text-md mb-2 meta\">                        <a href=\"https:\/\/www.diariolibre.com\/actualidad\/salud\" title=\"Salud\">Salud<\/a>                    <\/div>\n<h2><a href=\"https:\/\/www.diariolibre.com\/actualidad\/salud\/2025\/03\/22\/diferencias-entre-el-esquema-publico-y-privado-de-vacunas\/3043766?utm_source=relacionadas&amp;utm_medium=nota&amp;utm_campaign=relacionadas\" title=\"\u00bfPor qu\u00e9 hay un esquema de vacunas p\u00fablico y otro privado en Rep\u00fablica Dominicana?\">\u00bfPor qu\u00e9 hay un esquema de vacunas p\u00fablico y otro privado en Rep\u00fablica Dominicana?<\/a><\/h2>\n<\/div>\n<\/div>\n<h2>Lactancia y <strong>vacunaci\u00f3n<\/strong>: una combinaci\u00f3n clave<\/h2>\n<p>El m\u00e9dico tambi\u00e9n abord\u00f3 la idea de que la <strong>lactancia materna<\/strong> puede sustituir la <strong>vacunaci\u00f3n<\/strong>. Aunque reconoci\u00f3 sus <strong>beneficios<\/strong>, aclar\u00f3 que ambas estrategias se complementan.<\/p>\n<div class=\"expand-img-placeholder\"><span class=\"rutaimagenoriginal-placeholder\">https:\/\/resources.diariolibre.com\/images\/2026\/04\/25\/2149531357-1-50c06ca7.jpg<\/span><\/div>\n<p><span>La madre le transmite anticuerpos al beb\u00e9, aumentando su protecci\u00f3n.<\/span><span> (<strong>FUENTE EXTERNA<\/strong>)<\/span><\/p>\n<p>\u201cLa lactancia es s\u00faper importante, pero adem\u00e1s, si ella (la madre) llega vacunada a esa lactancia, va a producir una leche mucho m\u00e1s fortificada\u201d, explic\u00f3. Esto se debe a que la madre transmite anticuerpos generados tanto por infecciones previas como por las <strong>vacunas<\/strong>.<\/p>\n<h2>Brechas de acceso y <strong>desigualdad<\/strong><\/h2>\n<p>Uno de los principales desaf\u00edos, seg\u00fan el doctor, es garantizar el <strong>acceso equitativo<\/strong> a las <strong>vacunas<\/strong>. <\/p>\n<p>\u201cMe parece muy injusto que dependan de si t\u00fa tienes dinero o no\u201d, expres\u00f3, al referirse a pa\u00edses donde algunos biol\u00f3gicos no est\u00e1n incluidos en el sistema p\u00fablico.<\/p>\n<p>Tambi\u00e9n advirti\u00f3 sobre las dificultades log\u00edsticas en zonas alejadas. \u201cSi le pone muchas barreras a la se\u00f1ora embarazada (\u2026) no se vacuna\u201d, dijo, al abogar por <strong>servicios gratuitos<\/strong> y cercanos a la poblaci\u00f3n.<\/p>\n<div class=\"my-12 component web-insert-bullet relative border bg-component\">    <span class=\"text-xl block my-3 component-title glosa\"><strong><\/strong><\/span>        \n<p>En el caso de Rep\u00fablica Dominicana, las vacuna Tdap (difteria, t\u00e9tanos y tos ferina); la dT (difteria, t\u00e9tanos) y la vacuna contra influenza est\u00e1n contenidas dentro del esquema p\u00fablica.<\/p>\n<p>La vacuna contra el virus sincitial se coloca de manera privada, al igual que la de VPH para adultos, ya que el esquema p\u00fablico solo contempla ni\u00f1os y ni\u00f1as entre 9 y 14 a\u00f1os.<\/p>\n<\/div>\n<h2>Impacto en la <strong>salud<\/strong> p\u00fablica<\/h2>\n<p>Miranda insisti\u00f3 en que la <strong>vacunaci\u00f3n materna<\/strong> no solo protege a los individuos, sino que tiene un impacto en todo el sistema de <strong>salud<\/strong>. <\/p>\n<p>\u201cUna vacuna nos puede ahorrar un ingreso de un beb\u00e9 a la hospitalizaci\u00f3n o la muerte de un beb\u00e9 que eso no tiene precio\u201d, afirm\u00f3.<\/p>\n<p>En ese sentido, calific\u00f3 esta estrategia como una prioridad sanitaria: \u201cLa vacuna del embarazo es de las intervenciones m\u00e1s primordiales que tenemos en <strong>salud<\/strong>\u201d, reiter\u00f3.<\/p>\n<p>Miranda alert\u00f3 sobre las consecuencias de enfermedades como la <strong>bronquiolitis<\/strong> en <strong>contextos vulnerables<\/strong>. <\/p>\n<p>\u201cProduce <strong>muertes neonatales<\/strong> e infantiles tempranas\u201d, advirti\u00f3, especialmente en pa\u00edses con sistemas de <strong>salud<\/strong> limitados.<\/p>\n<p>El especialista en <strong>medicina materno fetal<\/strong> concluy\u00f3 con un llamado a <strong>derribar mitos<\/strong> y fortalecer la cobertura: \u201cEs una apuesta a nivel de pa\u00eds para tener una ni\u00f1ez m\u00e1s sana y reducir costos en <strong>salud<\/strong>\u201d.<\/p>\n<p><\/p>","protected":false},"excerpt":{"rendered":"<p>La vacunaci\u00f3n durante el embarazo se consolida como una de las estrategias m\u00e1s efectivas para proteger la salud de los reci\u00e9n nacidos, en un contexto donde persisten mitos y brechas de acceso en&#8230;<\/p>\n","protected":false},"author":0,"featured_media":142953,"comment_status":"open","ping_status":"open","sticky":false,"template":"","format":"standard","meta":{"footnotes":""},"categories":[1],"tags":[],"class_list":["post-142966","post","type-post","status-publish","format-standard","has-post-thumbnail","hentry","category-sin-categoria"],"_links":{"self":[{"href":"http:\/\/joelaybar.com\/wp\/wp-json\/wp\/v2\/posts\/142966","targetHints":{"allow":["GET"]}}],"collection":[{"href":"http:\/\/joelaybar.com\/wp\/wp-json\/wp\/v2\/posts"}],"about":[{"href":"http:\/\/joelaybar.com\/wp\/wp-json\/wp\/v2\/types\/post"}],"replies":[{"embeddable":true,"href":"http:\/\/joelaybar.com\/wp\/wp-json\/wp\/v2\/comments?post=142966"}],"version-history":[{"count":0,"href":"http:\/\/joelaybar.com\/wp\/wp-json\/wp\/v2\/posts\/142966\/revisions"}],"wp:featuredmedia":[{"embeddable":true,"href":"http:\/\/joelaybar.com\/wp\/wp-json\/wp\/v2\/media\/142953"}],"wp:attachment":[{"href":"http:\/\/joelaybar.com\/wp\/wp-json\/wp\/v2\/media?parent=142966"}],"wp:term":[{"taxonomy":"category","embeddable":true,"href":"http:\/\/joelaybar.com\/wp\/wp-json\/wp\/v2\/categories?post=142966"},{"taxonomy":"post_tag","embeddable":true,"href":"http:\/\/joelaybar.com\/wp\/wp-json\/wp\/v2\/tags?post=142966"}],"curies":[{"name":"wp","href":"https:\/\/api.w.org\/{rel}","templated":true}]}}