{"id":143075,"date":"2026-04-25T18:41:00","date_gmt":"2026-04-25T18:41:00","guid":{"rendered":"http:\/\/joelaybar.com\/wp\/2026\/04\/25\/abinader-dialoga-con-estudiantes-en-feria-del-libro-cibao-2026-2\/"},"modified":"2026-04-25T18:41:00","modified_gmt":"2026-04-25T18:41:00","slug":"abinader-dialoga-con-estudiantes-en-feria-del-libro-cibao-2026-2","status":"publish","type":"post","link":"http:\/\/joelaybar.com\/wp\/2026\/04\/25\/abinader-dialoga-con-estudiantes-en-feria-del-libro-cibao-2026-2\/","title":{"rendered":"Abinader dialoga con estudiantes en Feria del Libro Cibao 2026"},"content":{"rendered":"<p>El <strong>presidente<\/strong> <strong>Luis Abinader<\/strong> particip\u00f3 la tarde de este s\u00e1bado en un <strong>conversatorio<\/strong> con estudiantes durante su visita a la <strong>Feria Regional del Libro<\/strong> y Cultura Cibao 2026, donde respondi\u00f3 preguntas y reflexion\u00f3 sobre la importancia de la educaci\u00f3n y la <strong>lectura<\/strong> para el desarrollo del pa\u00eds.<\/p>\n<p>La actividad reuni\u00f3 a <strong>alumnos<\/strong> de distintos centros educativos, entre ellos las escuelas b\u00e1sicas <strong>Emilio Prud\u2019Homme<\/strong> y Jap\u00f3n, as\u00ed como el <strong>liceo Palmar Abajo<\/strong>. Durante el <strong>intercambio<\/strong>, estudiantes como Alana Soto, Eva Mar\u00eda Fern\u00e1ndez y Eimel Jes\u00fas Gonz\u00e1lez Torres formularon preguntas al mandatario en un ambiente din\u00e1mico.<\/p>\n<p>En su intervenci\u00f3n, el <strong>jefe de Estado<\/strong> <strong>exhort\u00f3<\/strong> a los ni\u00f1os y j\u00f3venes a aprovechar los <strong>espacios culturales<\/strong> para fortalecer su formaci\u00f3n acad\u00e9mica.<\/p>\n<div class=\"w-full pt-2 float-left inside-related\">    <span class=\"border-b border-black pb-3 mb-4 block\"><strong>RELACIONADAS<\/strong><\/span>                                \n<div class=\"xl:w-2\/12 w-4\/12\">                                                                        <a href=\"https:\/\/www.diariolibre.com\/actualidad\/dialogo-libre\/2026\/04\/13\/roberto-angel-salcedo-feria-regional-del-libro-y-la-cultura-cibao\/3499774?utm_source=relacionadas&amp;utm_medium=nota&amp;utm_campaign=relacionadas\" title=\"                                                                                                                            \">                                                                                                                            <\/a>                                                            <\/div>\n<div class=\"xl:w-10\/12 w-8\/12 pl-3\">\n<div class=\"text-md mb-2 meta\">                        <a href=\"https:\/\/www.diariolibre.com\/actualidad\/dialogo-libre\" title=\"Di\u00e1logo Libre\">Di\u00e1logo Libre<\/a>                    <\/div>\n<h2><a href=\"https:\/\/www.diariolibre.com\/actualidad\/dialogo-libre\/2026\/04\/13\/roberto-angel-salcedo-feria-regional-del-libro-y-la-cultura-cibao\/3499774?utm_source=relacionadas&amp;utm_medium=nota&amp;utm_campaign=relacionadas\" title=\"Roberto \u00c1ngel Salcedo: \u201cQueremos que cada provincia del Cibao pueda promover sus valores culturales\">Roberto \u00c1ngel Salcedo: \u201cQueremos que cada provincia del Cibao pueda promover sus valores culturales\u00bb<\/a><\/h2>\n<\/div>\n<div class=\"xl:w-2\/12 w-4\/12\">                                                                        <a href=\"https:\/\/www.diariolibre.com\/revista\/cultura\/2026\/04\/22\/tercer-dia-de-la-feria-regional-del-libro-y-la-cultura-cibao-2026\/3511118?utm_source=relacionadas&amp;utm_medium=nota&amp;utm_campaign=relacionadas\" title=\"                                                                                                                            \">                                                                                                                            <\/a>                                                            <\/div>\n<div class=\"xl:w-10\/12 w-8\/12 pl-3\">\n<div class=\"text-md mb-2 meta\">                        <a href=\"https:\/\/www.diariolibre.com\/revista\/cultura\" title=\"Cultura\">Cultura<\/a>                    <\/div>\n<h2><a href=\"https:\/\/www.diariolibre.com\/revista\/cultura\/2026\/04\/22\/tercer-dia-de-la-feria-regional-del-libro-y-la-cultura-cibao-2026\/3511118?utm_source=relacionadas&amp;utm_medium=nota&amp;utm_campaign=relacionadas\" title=\"Roberto \u00c1ngel pasa balance en el tercer d\u00eda de la Feria Regional del Libro y la Cultura Cibao 2026\">Roberto \u00c1ngel pasa balance en el tercer d\u00eda de la Feria Regional del Libro y la Cultura Cibao 2026<\/a><\/h2>\n<\/div>\n<div class=\"xl:w-2\/12 w-4\/12\">                                                                        <a href=\"https:\/\/www.diariolibre.com\/revista\/cultura\/2026\/04\/19\/inauguran-feria-regional-del-libro-y-la-cultura-cibao-en-santiago\/3507739?utm_source=relacionadas&amp;utm_medium=nota&amp;utm_campaign=relacionadas\" title=\"                                                                                                                            \">                                                                                                                            <\/a>                                                            <\/div>\n<div class=\"xl:w-10\/12 w-8\/12 pl-3\">\n<div class=\"text-md mb-2 meta\">                        <a href=\"https:\/\/www.diariolibre.com\/revista\/cultura\" title=\"Cultura\">Cultura<\/a>                    <\/div>\n<h2><a href=\"https:\/\/www.diariolibre.com\/revista\/cultura\/2026\/04\/19\/inauguran-feria-regional-del-libro-y-la-cultura-cibao-en-santiago\/3507739?utm_source=relacionadas&amp;utm_medium=nota&amp;utm_campaign=relacionadas\" title=\"Inauguran Feria Regional del Libro y la Cultura Cibao 2026 en Santiago\">Inauguran Feria Regional del Libro y la Cultura Cibao 2026 en Santiago<\/a><\/h2>\n<\/div>\n<\/div>\n<p>\u00a0\u201cDebemos aprovechar que estamos en la <strong>Feria del Libro<\/strong> para <strong>formarnos<\/strong>, para estudiar, porque es el esp\u00edritu vivo de lo que trabajamos d\u00eda a d\u00eda en la <strong>Rep\u00fablica Dominicana<\/strong>\u201d, expres\u00f3.<\/p>\n<p>Al responder inquietudes personales, <strong>Abinader<\/strong> relat\u00f3 que en su ni\u00f1ez su juego favorito era el <strong>b\u00e9isbol<\/strong>, disciplina que practicaba con frecuencia junto a vecinos, incluyendo miembros de la <strong>familia Alou<\/strong>.\u00a0<\/p>\n<p>Tambi\u00e9n mencion\u00f3 que participaba en juegos como <strong>ajedrez<\/strong> y <strong>baloncesto<\/strong>, destacando la importancia de la <strong>convivencia comunitaria<\/strong>.<\/p>\n<p>Sobre sus <strong>aspiraciones<\/strong> de infancia, indic\u00f3 que <strong>no contemplaba<\/strong> ser <strong>presidente<\/strong>.\u00a0<\/p>\n<h2>La importancia de la lectura<\/h2>\n<p>\u201c<strong>No so\u00f1\u00e9<\/strong> con ser <strong>presidente<\/strong>, no me pas\u00f3 por la mente en alg\u00fan momento\u201d, afirm\u00f3, al tiempo que explic\u00f3 que inicialmente consider\u00f3 estudiar medicina antes de inclinarse por la <strong>econom\u00eda<\/strong>.<\/p>\n<p>    El mandatario tambi\u00e9n enfatiz\u00f3 el valor de la <strong>perseverancia<\/strong> como <strong>clave del \u00e9xito<\/strong>. Se\u00f1al\u00f3 que aprender de los errores y mantener la <strong>constancia<\/strong> permite avanzar tanto en la vida personal como profesional.\u00a0<\/p>\n<p>\u201cEsa virtud de la <strong>persistencia<\/strong> es <strong>fundamental<\/strong> para el <strong>\u00e9xito<\/strong> de cualquier ciudadano en cualquier \u00e1rea\u201d, sostuvo Luis.<\/p>\n<p>En materia de <strong>lectura<\/strong>, recomend\u00f3 a los estudiantes iniciar con temas de su inter\u00e9s para desarrollar el h\u00e1bito. \u201cLo m\u00e1s dif\u00edcil es leer el primer libro. Empiecen con algo que les guste y as\u00ed se quedar\u00e1n con la <strong>pr\u00e1ctica de leer e investigar<\/strong>\u201d, indic\u00f3.<\/p>\n<p>Durante el acto, el <strong>presidente<\/strong> valor\u00f3 el <strong>intercambio<\/strong> con los estudiantes y felicit\u00f3 a los organizadores, encabezados por el <strong>Ministerio de Cultura<\/strong> de la <strong>Rep\u00fablica Dominicana<\/strong>, por la consolidaci\u00f3n de la feria en la regi\u00f3n.<\/p>\n<p>\u201cQuiero decirles que ya la <strong>Feria del Libro<\/strong> en <strong>Santiago<\/strong> queda <strong>instalada<\/strong> todos los a\u00f1os para todos\u201d, afirm\u00f3. El <strong>encuentro<\/strong> se desarroll\u00f3 en el <strong>pabell\u00f3n infantil<\/strong> del <strong>evento<\/strong>.<\/p>","protected":false},"excerpt":{"rendered":"<p>El presidente Luis Abinader particip\u00f3 la tarde de este s\u00e1bado en un conversatorio con estudiantes durante su visita a la Feria Regional del Libro y Cultura Cibao 2026, donde respondi\u00f3 preguntas y reflexion\u00f3&#8230;<\/p>\n","protected":false},"author":0,"featured_media":143066,"comment_status":"open","ping_status":"open","sticky":false,"template":"","format":"standard","meta":{"footnotes":""},"categories":[1],"tags":[],"class_list":["post-143075","post","type-post","status-publish","format-standard","has-post-thumbnail","hentry","category-sin-categoria"],"_links":{"self":[{"href":"http:\/\/joelaybar.com\/wp\/wp-json\/wp\/v2\/posts\/143075","targetHints":{"allow":["GET"]}}],"collection":[{"href":"http:\/\/joelaybar.com\/wp\/wp-json\/wp\/v2\/posts"}],"about":[{"href":"http:\/\/joelaybar.com\/wp\/wp-json\/wp\/v2\/types\/post"}],"replies":[{"embeddable":true,"href":"http:\/\/joelaybar.com\/wp\/wp-json\/wp\/v2\/comments?post=143075"}],"version-history":[{"count":0,"href":"http:\/\/joelaybar.com\/wp\/wp-json\/wp\/v2\/posts\/143075\/revisions"}],"wp:featuredmedia":[{"embeddable":true,"href":"http:\/\/joelaybar.com\/wp\/wp-json\/wp\/v2\/media\/143066"}],"wp:attachment":[{"href":"http:\/\/joelaybar.com\/wp\/wp-json\/wp\/v2\/media?parent=143075"}],"wp:term":[{"taxonomy":"category","embeddable":true,"href":"http:\/\/joelaybar.com\/wp\/wp-json\/wp\/v2\/categories?post=143075"},{"taxonomy":"post_tag","embeddable":true,"href":"http:\/\/joelaybar.com\/wp\/wp-json\/wp\/v2\/tags?post=143075"}],"curies":[{"name":"wp","href":"https:\/\/api.w.org\/{rel}","templated":true}]}}