{"id":143103,"date":"2026-04-26T00:01:00","date_gmt":"2026-04-26T00:01:00","guid":{"rendered":"http:\/\/joelaybar.com\/wp\/2026\/04\/26\/cuando-el-matador-busca-a-la-victima-bebe-muerta-en-los-girasoles-3\/"},"modified":"2026-04-26T00:01:00","modified_gmt":"2026-04-26T00:01:00","slug":"cuando-el-matador-busca-a-la-victima-bebe-muerta-en-los-girasoles-3","status":"publish","type":"post","link":"http:\/\/joelaybar.com\/wp\/2026\/04\/26\/cuando-el-matador-busca-a-la-victima-bebe-muerta-en-los-girasoles-3\/","title":{"rendered":"Cuando el matador busca a la v\u00edctima: beb\u00e9 muerta en Los Girasoles"},"content":{"rendered":"<p>Una escena que se repite en <strong>investigaciones criminales<\/strong> vuelve a tomar forma en el <strong>Distrito Nacional<\/strong>: el presunto autor de un hecho violento participando en la b\u00fasqueda de su propia v\u00edctima.<\/p>\n<p>De acuerdo con las autoridades, <strong>Rosi Alfredo Mota Almonte<\/strong> est\u00e1 acusado de provocar la muerte de su hija, de apenas un a\u00f1o de edad, cuyo cuerpo fue encontrado dentro de una mochila en una ca\u00f1ada del sector Los Girasoles el pasado martes 21 de abril. Las indagatorias apuntan a que la menor habr\u00eda sido asesinada por su propio padre.<\/p>\n<p>Lo que a\u00f1ade un giro inquietante al caso es que, seg\u00fan el informe oficial, el mismo hombre fue quien <strong>alert\u00f3 a los vecinos<\/strong> sobre la supuesta desaparici\u00f3n de la ni\u00f1a y se integr\u00f3 a las labores de b\u00fasqueda, una acci\u00f3n que ahora forma parte clave en la reconstrucci\u00f3n de los hechos.<\/p>\n<p>La muerte se habr\u00eda registrado la ma\u00f1ana del <strong>21 de abril<\/strong>. Seg\u00fan las investigaciones, el imputado lleg\u00f3 a su residencia y presuntamente asfixi\u00f3 a la menor. Posteriormente, habr\u00eda introducido el cad\u00e1ver en un bulto, lo sac\u00f3 de la vivienda y lo lanz\u00f3 a una ca\u00f1ada cercana.<\/p>\n<p>M\u00e1s tarde, <strong>regres\u00f3 a la comunidad y notific\u00f3 que la ni\u00f1a estaba desaparecida<\/strong>, lo que provoc\u00f3 una b\u00fasqueda entre los residentes de la zona. La situaci\u00f3n dio un giro cuando el cuerpo de la infante fue encontrado en el mismo lugar donde, presuntamente, su padre lo hab\u00eda dejado.<\/p>\n<h2><strong>Solicitan prisi\u00f3n preventiva<\/strong><\/h2>\n<p>Las autoridades acudieron a la escena y el cad\u00e1ver fue trasladado al <strong>Instituto Nacional de Ciencias Forenses<\/strong>.<\/p>\n<p>Mota Almonte fue arrestado el 23 de abril. Como parte de las investigaciones, se realiz\u00f3 el levantamiento de c\u00e1maras de vigilancia en el \u00e1rea, las cuales podr\u00edan aportar <strong>informaci\u00f3n clave<\/strong> sobre las circunstancias del hecho.<\/p>\n<p>El <strong>Ministerio P\u00fablico<\/strong> inform\u00f3 que solicit\u00f3 <strong>prisi\u00f3n preventiva<\/strong> como medida de coerci\u00f3n contra el imputado y calific\u00f3 el caso como <strong>homicidio agravado<\/strong> y violaci\u00f3n a la Ley 136-03 sobre protecci\u00f3n de ni\u00f1os, ni\u00f1as y adolescentes.<\/p>\n<div class=\"w-full pt-2 float-left inside-related\">    <span class=\"border-b border-black pb-3 mb-4 block\"><strong>RELACIONADAS<\/strong><\/span>                                \n<div class=\"xl:w-2\/12 w-4\/12\">                                                                        <a href=\"https:\/\/www.diariolibre.com\/actualidad\/sucesos\/2026\/04\/22\/dolor-e-incertidumbre-por-bebe-muerta-en-los-girasoles\/3510769?utm_source=relacionadas&amp;utm_medium=nota&amp;utm_campaign=relacionadas\" title=\"                                                                                                                            \">                                                                                                                            <\/a>                                                            <\/div>\n<div class=\"xl:w-10\/12 w-8\/12 pl-3\">\n<div class=\"text-md mb-2 meta\">                        <a href=\"https:\/\/www.diariolibre.com\/actualidad\/sucesos\" title=\"Sucesos\">Sucesos<\/a>                    <\/div>\n<h2><a href=\"https:\/\/www.diariolibre.com\/actualidad\/sucesos\/2026\/04\/22\/dolor-e-incertidumbre-por-bebe-muerta-en-los-girasoles\/3510769?utm_source=relacionadas&amp;utm_medium=nota&amp;utm_campaign=relacionadas\" title=\"Hallazgo de ni\u00f1a sin vida deja dolor y preguntas en Los Girasoles\">Hallazgo de ni\u00f1a sin vida deja dolor y preguntas en Los Girasoles<\/a><\/h2>\n<\/div>\n<div class=\"xl:w-2\/12 w-4\/12\">                                                                        <a href=\"https:\/\/www.diariolibre.com\/actualidad\/sucesos\/2026\/04\/22\/entre-lagrimas-abuela-pide-justicia-por-bebe-muerta-en-los-girasoles\/3510711?utm_source=relacionadas&amp;utm_medium=nota&amp;utm_campaign=relacionadas\" title=\"                                                                                                                            \">                                                                                                                            <\/a>                                                            <\/div>\n<div class=\"xl:w-10\/12 w-8\/12 pl-3\">\n<div class=\"text-md mb-2 meta\">                        <a href=\"https:\/\/www.diariolibre.com\/actualidad\/sucesos\" title=\"Sucesos\">Sucesos<\/a>                    <\/div>\n<h2><a href=\"https:\/\/www.diariolibre.com\/actualidad\/sucesos\/2026\/04\/22\/entre-lagrimas-abuela-pide-justicia-por-bebe-muerta-en-los-girasoles\/3510711?utm_source=relacionadas&amp;utm_medium=nota&amp;utm_campaign=relacionadas\" title=\"\u201cQuisiera saber qui\u00e9n me la mat\u00f3\u201d: abuela de ni\u00f1a hallada sin vida en Los Girasoles pide justicia\">\u201cQuisiera saber qui\u00e9n me la mat\u00f3\u201d: abuela de ni\u00f1a hallada sin vida en Los Girasoles pide justicia<\/a><\/h2>\n<\/div>\n<\/div>\n<h2><strong>Otros casos<\/strong><\/h2>\n<p>Este no es el \u00fanico caso en el que el responsable de un crimen<strong> participa en la b\u00fasqueda de su v\u00edctima<\/strong>. Hechos similares se han registrado tanto en el pa\u00eds como en el extranjero.<\/p>\n<p>Uno de los m\u00e1s conocidos es el de <strong>Emely Peguero<\/strong>, desaparecida el 23 de agosto de 2017 en San Francisco de Macor\u00eds, provincia Duarte. La adolescente, que estaba embarazada, fue asesinada por su pareja, <strong>Marlon Mart\u00ednez<\/strong>, quien cumple una condena de 30 a\u00f1os de prisi\u00f3n.<\/p>\n<p>Tambi\u00e9n fue condenada <strong>Marl\u00edn Mart\u00ednez<\/strong>, aunque a dos a\u00f1os de prisi\u00f3n. Sin haber ejecutado el crimen, ayud\u00f3 a ocultar el cad\u00e1ver dentro de una maleta, particip\u00f3 en el encubrimiento y, pese a conocer lo ocurrido, sali\u00f3 p\u00fablicamente a pedir que la joven regresara a casa. <\/p>\n<p>    Su condena, en noviembre de 2018, gener\u00f3 un amplio debate sobre su responsabilidad penal.<\/p>\n<div class=\"expand-img-placeholder\"><span class=\"rutaimagenoriginal-placeholder\">https:\/\/resources.diariolibre.com\/images\/binrepository\/emelyy_12995635_20200110162312.jpg<\/span><\/div>\n<p><span>Emely Peguero,adolescente cuyo caso conmocion\u00f3 al pa\u00eds tras su desaparici\u00f3n y posterior hallazgo sin vida en 2017.<\/span><span> (<strong>ARCHIVO DIARIO LIBRE<\/strong>)<\/span><\/p>\n<p>Otro precedente impactante fue el caso de <strong>Jos\u00e9 Rafael Llenas Aybar<\/strong>, de 12 a\u00f1os, asesinado de 34 pu\u00f1aladas por su primo <strong>Mario Jos\u00e9 Redondo Llenas<\/strong>, quien horas antes hab\u00eda denunciado su desaparici\u00f3n y participado en la b\u00fasqueda el 3 de mayo de 1996.<\/p>\n<p>El crimen conmocion\u00f3 al pa\u00eds por su brutalidad: el menor fue atado con cintas adhesivas, apu\u00f1alado en m\u00faltiples ocasiones y arrojado al <strong>arroyo Lebr\u00f3n<\/strong>, en el kil\u00f3metro 24 de la autopista Duarte. Posteriormente, las autoridades determinaron que <strong>Redondo Llenas<\/strong>, junto a su c\u00f3mplice Juan Manuel <strong>Molin\u00e9 Rodr\u00edguez<\/strong>, fue responsable del secuestro, tortura y asesinato.<\/p>\n<p>Ambos fueron condenados a 30 y 20 a\u00f1os de prisi\u00f3n, respectivamente. <strong>Molin\u00e9 Rodr\u00edguez<\/strong> cumpli\u00f3 su condena en mayo de 2016, mientras que <strong>Redondo Llenas<\/strong> tiene prevista su salida en mayo de 2026, tras cumplir la totalidad de la pena.<\/p>\n<div class=\"expand-img-placeholder\"><span class=\"rutaimagenoriginal-placeholder\">https:\/\/resources.diariolibre.com\/images\/2024\/04\/24\/hoy-es-domingo-5-de-mayo-del-2024..jpg<\/span><\/div>\n<p><span>El ni\u00f1o Jos\u00e9 Rafael Llenas Aybar, asesinado de 34 pu\u00f1aladas por su primo Mario Redondo Llenas y su c\u00f3mplice Juan Manuel Molin\u00e9 Rodr\u00edguez en 1996.<\/span><span> (<strong>ARCHIVO<\/strong>)<\/span><\/p>\n<h2>Caso del ni\u00f1o <strong>Gabriel Cruz<\/strong><\/h2>\n<p>A nivel internacional, uno de los <strong>casos<\/strong> m\u00e1s impactantes ocurri\u00f3 en Espa\u00f1a en febrero de 2018, con el asesinato de <strong>Gabriel Cruz<\/strong>, de 8 a\u00f1os. La autora del crimen fue <strong>Ana Julia Quezada<\/strong>, de origen dominicano y pareja del padre del menor.<\/p>\n<p>Las investigaciones establecieron que el ni\u00f1o sali\u00f3 de la casa de su abuela paterna el 27 de febrero con destino a la vivienda de unos familiares, pero nunca lleg\u00f3. <strong>Quezada lo secuestr\u00f3, lo asesin\u00f3 y ocult\u00f3 el cuerpo<\/strong>.<\/p>\n<p>Durante la b\u00fasqueda, particip\u00f3 activamente junto a la familia, mostrando aparente consternaci\u00f3n e incluso ofreciendo declaraciones p\u00fablicas. Sin embargo, el 11 de marzo de 2018 fue arrestada cuando transportaba el cad\u00e1ver en el maletero de su veh\u00edculo. Posteriormente confes\u00f3 el crimen y fue condenada a <strong>prisi\u00f3n permanente<\/strong> revisable.<\/p>\n<p><\/p>","protected":false},"excerpt":{"rendered":"<p>Una escena que se repite en investigaciones criminales vuelve a tomar forma en el Distrito Nacional: el presunto autor de un hecho violento participando en la b\u00fasqueda de su propia v\u00edctima. De acuerdo&#8230;<\/p>\n","protected":false},"author":0,"featured_media":143091,"comment_status":"open","ping_status":"open","sticky":false,"template":"","format":"standard","meta":{"footnotes":""},"categories":[1],"tags":[],"class_list":["post-143103","post","type-post","status-publish","format-standard","has-post-thumbnail","hentry","category-sin-categoria"],"_links":{"self":[{"href":"http:\/\/joelaybar.com\/wp\/wp-json\/wp\/v2\/posts\/143103","targetHints":{"allow":["GET"]}}],"collection":[{"href":"http:\/\/joelaybar.com\/wp\/wp-json\/wp\/v2\/posts"}],"about":[{"href":"http:\/\/joelaybar.com\/wp\/wp-json\/wp\/v2\/types\/post"}],"replies":[{"embeddable":true,"href":"http:\/\/joelaybar.com\/wp\/wp-json\/wp\/v2\/comments?post=143103"}],"version-history":[{"count":0,"href":"http:\/\/joelaybar.com\/wp\/wp-json\/wp\/v2\/posts\/143103\/revisions"}],"wp:featuredmedia":[{"embeddable":true,"href":"http:\/\/joelaybar.com\/wp\/wp-json\/wp\/v2\/media\/143091"}],"wp:attachment":[{"href":"http:\/\/joelaybar.com\/wp\/wp-json\/wp\/v2\/media?parent=143103"}],"wp:term":[{"taxonomy":"category","embeddable":true,"href":"http:\/\/joelaybar.com\/wp\/wp-json\/wp\/v2\/categories?post=143103"},{"taxonomy":"post_tag","embeddable":true,"href":"http:\/\/joelaybar.com\/wp\/wp-json\/wp\/v2\/tags?post=143103"}],"curies":[{"name":"wp","href":"https:\/\/api.w.org\/{rel}","templated":true}]}}