{"id":143107,"date":"2026-04-26T00:11:00","date_gmt":"2026-04-26T00:11:00","guid":{"rendered":"http:\/\/joelaybar.com\/wp\/2026\/04\/26\/haiti-cep-revisara-presupuesto-tras-rechazo-primer-ministro-3\/"},"modified":"2026-04-26T00:11:00","modified_gmt":"2026-04-26T00:11:00","slug":"haiti-cep-revisara-presupuesto-tras-rechazo-primer-ministro-3","status":"publish","type":"post","link":"http:\/\/joelaybar.com\/wp\/2026\/04\/26\/haiti-cep-revisara-presupuesto-tras-rechazo-primer-ministro-3\/","title":{"rendered":"Hait\u00ed: CEP revisar\u00e1 presupuesto tras rechazo primer ministro"},"content":{"rendered":"<p>El <strong>Consejo Electoral Provisional<\/strong> (<strong>CEP<\/strong>) anunci\u00f3 que someter\u00e1 a revisi\u00f3n el presupuesto de 250 millones de d\u00f3lares destinado a las pr\u00f3ximas elecciones, luego de que el <strong>primer ministro Alix Didier Fils-Aim\u00e9<\/strong> lo calificara como \u201cinaceptable y absurdo\u201d.<\/p>\n<p>La instituci\u00f3n electoral inform\u00f3, mediante un comunicado, la creaci\u00f3n de una <strong>comisi\u00f3n especial<\/strong> encargada de reevaluar el monto, seg\u00fan <strong><em>Le Nouvelliste<\/em><\/strong><em>.<\/em><\/p>\n<p>Este equipo estar\u00e1 integrado por t\u00e9cnicos del propio <strong>CEP<\/strong> y representantes de <strong>organismos internacionales<\/strong> como el <strong>Programa de las Naciones Unidas<\/strong> para el Desarrollo, Oficina de las Naciones Unidas de Servicios para Proyectos y la Oficina Integrada de las Naciones Unidas en <strong>Hait\u00ed<\/strong>.<\/p>\n<div class=\"w-full pt-2 float-left inside-related\">    <span class=\"border-b border-black pb-3 mb-4 block\"><strong>RELACIONADAS<\/strong><\/span>                                \n<div class=\"xl:w-2\/12 w-4\/12\">                                                                        <a href=\"https:\/\/www.diariolibre.com\/mundo\/haiti\/2025\/12\/29\/consejo-electoral-de-haiti-fija-30-de-agosto-de-2026-las-elecciones\/3389304?utm_source=relacionadas&amp;utm_medium=nota&amp;utm_campaign=relacionadas\" title=\"                                                                                                                            \">                                                                                                                            <\/a>                                                            <\/div>\n<div class=\"xl:w-10\/12 w-8\/12 pl-3\">\n<div class=\"text-md mb-2 meta\">                        <a href=\"https:\/\/www.diariolibre.com\/mundo\/haiti\" title=\"Hait\u00ed\">Hait\u00ed<\/a>                    <\/div>\n<h2><a href=\"https:\/\/www.diariolibre.com\/mundo\/haiti\/2025\/12\/29\/consejo-electoral-de-haiti-fija-30-de-agosto-de-2026-las-elecciones\/3389304?utm_source=relacionadas&amp;utm_medium=nota&amp;utm_campaign=relacionadas\" title=\"Consejo Electoral Provisional de Hait\u00ed fija el 30 de agosto de 2026 las elecciones\">Consejo Electoral Provisional de Hait\u00ed fija el 30 de agosto de 2026 las elecciones<\/a><\/h2>\n<\/div>\n<\/div>\n<p>El rechazo del jefe de Gobierno se produjo tras la<strong> presentaci\u00f3n del presupuesto,<\/strong> generando amplio debate p\u00fablico y presi\u00f3n por parte de actores nacionales e internacionales.<\/p>\n<p> Seg\u00fan Fils-Aim\u00e9, ni el<strong> Gobierno ni los donantes consideran viable una inversi\u00f3n de esa magnitud <\/strong>para un proceso electoral en un pa\u00eds con aproximadamente 12 millones de habitantes.<\/p>\n<h2>Acciones para garantizar elecciones transparentes<\/h2>\n<p>En ese contexto, el primer ministro tambi\u00e9n adelant\u00f3 la conformaci\u00f3n de un <strong>comit\u00e9 mixto<\/strong> entre <strong>autoridades gubernamentales<\/strong> y donantes internacionales, con el objetivo de definir un presupuesto \u201cm\u00e1s razonable\u201d.<\/p>\n<p>    El <strong>CEP<\/strong> indic\u00f3 que, de manera paralela, trabaja en la elaboraci\u00f3n de un <strong>calendario electoral revisado<\/strong> que ser\u00e1 dado a conocer en los <strong>pr\u00f3ximos d\u00edas<\/strong>.<\/p>\n<p>Asimismo, el organismo inform\u00f3 que entreg\u00f3 al Poder Ejecutivo un proyecto de decreto electoral actualizado, alineado con el <strong>Pacto Nacional<\/strong> para la Estabilidad y la Organizaci\u00f3n de Elecciones, tras la revisi\u00f3n del decreto vigente desde diciembre de 2025.<\/p>\n<p>Finalmente, el Consejo Electoral reafirm\u00f3 su compromiso de organizar <strong>elecciones inclusivas<\/strong>, transparentes e imparciales, garantizando la <strong>independencia del proceso<\/strong>.<\/p>","protected":false},"excerpt":{"rendered":"<p>El Consejo Electoral Provisional (CEP) anunci\u00f3 que someter\u00e1 a revisi\u00f3n el presupuesto de 250 millones de d\u00f3lares destinado a las pr\u00f3ximas elecciones, luego de que el primer ministro Alix Didier Fils-Aim\u00e9 lo calificara&#8230;<\/p>\n","protected":false},"author":0,"featured_media":143097,"comment_status":"open","ping_status":"open","sticky":false,"template":"","format":"standard","meta":{"footnotes":""},"categories":[1],"tags":[],"class_list":["post-143107","post","type-post","status-publish","format-standard","has-post-thumbnail","hentry","category-sin-categoria"],"_links":{"self":[{"href":"http:\/\/joelaybar.com\/wp\/wp-json\/wp\/v2\/posts\/143107","targetHints":{"allow":["GET"]}}],"collection":[{"href":"http:\/\/joelaybar.com\/wp\/wp-json\/wp\/v2\/posts"}],"about":[{"href":"http:\/\/joelaybar.com\/wp\/wp-json\/wp\/v2\/types\/post"}],"replies":[{"embeddable":true,"href":"http:\/\/joelaybar.com\/wp\/wp-json\/wp\/v2\/comments?post=143107"}],"version-history":[{"count":0,"href":"http:\/\/joelaybar.com\/wp\/wp-json\/wp\/v2\/posts\/143107\/revisions"}],"wp:featuredmedia":[{"embeddable":true,"href":"http:\/\/joelaybar.com\/wp\/wp-json\/wp\/v2\/media\/143097"}],"wp:attachment":[{"href":"http:\/\/joelaybar.com\/wp\/wp-json\/wp\/v2\/media?parent=143107"}],"wp:term":[{"taxonomy":"category","embeddable":true,"href":"http:\/\/joelaybar.com\/wp\/wp-json\/wp\/v2\/categories?post=143107"},{"taxonomy":"post_tag","embeddable":true,"href":"http:\/\/joelaybar.com\/wp\/wp-json\/wp\/v2\/tags?post=143107"}],"curies":[{"name":"wp","href":"https:\/\/api.w.org\/{rel}","templated":true}]}}