{"id":143160,"date":"2026-04-26T10:25:00","date_gmt":"2026-04-26T10:25:00","guid":{"rendered":"http:\/\/joelaybar.com\/wp\/2026\/04\/26\/caos-durante-cena-de-trump-con-periodistas-en-la-casa-blanca-2\/"},"modified":"2026-04-26T10:25:00","modified_gmt":"2026-04-26T10:25:00","slug":"caos-durante-cena-de-trump-con-periodistas-en-la-casa-blanca-2","status":"publish","type":"post","link":"http:\/\/joelaybar.com\/wp\/2026\/04\/26\/caos-durante-cena-de-trump-con-periodistas-en-la-casa-blanca-2\/","title":{"rendered":"Caos durante cena de Trump con periodistas en la Casa Blanca"},"content":{"rendered":"<p>Lo que deb\u00eda ser una <strong>velada protocolar<\/strong>, cargada de formalidad y cierta distensi\u00f3n entre el poder pol\u00edtico y la prensa, se transform\u00f3 en cuesti\u00f3n de <strong>segundos<\/strong> en una escena de <strong>confusi\u00f3n<\/strong> y <strong>miedo<\/strong>.<\/p>\n<p>Todo comenz\u00f3 con una serie de <strong>ruidos secos<\/strong> \u2014golpes que, en un primer momento, muchos <strong>asistentes<\/strong> no lograron identificar\u2014. El murmullo habitual del sal\u00f3n se apag\u00f3 de forma abrupta, sustituido por un <strong>silencio espeso<\/strong>, casi irreal, como si nadie terminara de comprender lo que estaba ocurriendo.<\/p>\n<p>    Ese instante de <strong>desconcierto<\/strong> dur\u00f3 apenas unos <strong>segundos<\/strong>.<\/p>\n<p>De pronto, la <strong>tensi\u00f3n estall\u00f3<\/strong>. Gritos, movimiento brusco de sillas, mesas que se desplazaban. Algunos <strong>invitados<\/strong> se tiraron al suelo por instinto; otros buscaron refugio bajo las mesas o detr\u00e1s de columnas. La incertidumbre era total: ya no se trataba de simples ruidos, sino de una <strong>posible amenaza<\/strong> armada.<\/p>\n<div class=\"w-full pt-2 float-left inside-related\">    <span class=\"border-b border-black pb-3 mb-4 block\"><strong>RELACIONADAS<\/strong><\/span>                                \n<div class=\"xl:w-2\/12 w-4\/12\">                                                                        <a href=\"https:\/\/www.diariolibre.com\/mundo\/estados-unidos\/2026\/04\/25\/trump-informa-sobre-tiroteo-en-la-casa-blanca\/3514297?utm_source=relacionadas&amp;utm_medium=nota&amp;utm_campaign=relacionadas\" title=\"                                                                                                                            \">                                                                                                                            <\/a>                                                            <\/div>\n<div class=\"xl:w-10\/12 w-8\/12 pl-3\">\n<div class=\"text-md mb-2 meta\">                        <a href=\"https:\/\/www.diariolibre.com\/mundo\/estados-unidos\" title=\"Estados Unidos\">Estados Unidos<\/a>                    <\/div>\n<h2><a href=\"https:\/\/www.diariolibre.com\/mundo\/estados-unidos\/2026\/04\/25\/trump-informa-sobre-tiroteo-en-la-casa-blanca\/3514297?utm_source=relacionadas&amp;utm_medium=nota&amp;utm_campaign=relacionadas\" title=\"Trump afirma que el sospechoso del tiroteo en Washington portaba varias armas\">Trump afirma que el sospechoso del tiroteo en Washington portaba varias armas<\/a><\/h2>\n<\/div>\n<div class=\"xl:w-2\/12 w-4\/12\">                                                                        <a href=\"https:\/\/www.diariolibre.com\/mundo\/estados-unidos\/2026\/04\/25\/tiroteo-en-la-casa-blanca-trump-publica-imagenes-del-incidente\/3514312?utm_source=relacionadas&amp;utm_medium=nota&amp;utm_campaign=relacionadas\" title=\"                                                                                                                            \">                                                                                                                            <\/a>                                                            <\/div>\n<div class=\"xl:w-10\/12 w-8\/12 pl-3\">\n<div class=\"text-md mb-2 meta\">                        <a href=\"https:\/\/www.diariolibre.com\/mundo\/estados-unidos\" title=\"Estados Unidos\">Estados Unidos<\/a>                    <\/div>\n<h2><a href=\"https:\/\/www.diariolibre.com\/mundo\/estados-unidos\/2026\/04\/25\/tiroteo-en-la-casa-blanca-trump-publica-imagenes-del-incidente\/3514312?utm_source=relacionadas&amp;utm_medium=nota&amp;utm_campaign=relacionadas\" title=\"Trump comparte fotos y un v\u00eddeo del sospechoso del tiroteo en la cena de corresponsales\">Trump comparte fotos y un v\u00eddeo del sospechoso del tiroteo en la cena de corresponsales<\/a><\/h2>\n<\/div>\n<div class=\"xl:w-2\/12 w-4\/12\">                                                                        <a href=\"https:\/\/www.diariolibre.com\/politica\/general\/2026\/04\/26\/abinader-reacciona-a-tiroteo-en-cena-en-la-que-se-encontraba-trump\/3514469?utm_source=relacionadas&amp;utm_medium=nota&amp;utm_campaign=relacionadas\" title=\"                                                                                                                            \">                                                                                                                            <\/a>                                                            <\/div>\n<div class=\"xl:w-10\/12 w-8\/12 pl-3\">\n<div class=\"text-md mb-2 meta\">                        <a href=\"https:\/\/www.diariolibre.com\/politica\/general\" title=\"General\">General<\/a>                    <\/div>\n<h2><a href=\"https:\/\/www.diariolibre.com\/politica\/general\/2026\/04\/26\/abinader-reacciona-a-tiroteo-en-cena-en-la-que-se-encontraba-trump\/3514469?utm_source=relacionadas&amp;utm_medium=nota&amp;utm_campaign=relacionadas\" title=\"Abinader califica de cobarde el tiroteo en cena que encabezaba Trump\">Abinader califica de \u00abcobarde\u00bb el tiroteo en cena que encabezaba Trump<\/a><\/h2>\n<\/div>\n<\/div>\n<h2>Caos en la cena de la <strong>Casa Blanca<\/strong><\/h2>\n<p>La <strong>cena anual<\/strong> de la <strong>White House Correspondents\u2019 Association (corresponsales de la Casa Blanca)<\/strong>, celebrada en <strong>Washington<\/strong>, re\u00fane tradicionalmente a periodistas, figuras pol\u00edticas y representantes del poder en un ambiente que mezcla s\u00e1tira, convivencia y simbolismo democr\u00e1tico. Esta vez, sin embargo, el protocolo qued\u00f3 completamente desbordado.<\/p>\n<p>En el recinto se encontraba el\u00a0<strong>presidente<\/strong> <strong>Donald Trump<\/strong>, acompa\u00f1ado por la <strong>primera dama<\/strong> y <strong>altos funcionarios<\/strong> de su administraci\u00f3n. La presencia presidencial activ\u00f3 de inmediato los <strong>procedimientos de seguridad<\/strong> m\u00e1s estrictos.<\/p>\n<p>Agentes del <strong>Servicio Secreto<\/strong> reaccionaron con rapidez. Algunos cubrieron f\u00edsicamente al <strong>presidente<\/strong>, mientras otros se desplegaron para localizar el origen de la amenaza. En medio del caos, el mandatario fue <strong>evacuado<\/strong> del sal\u00f3n hacia una zona segura.<\/p>\n<p>    Seg\u00fan los reportes, el incidente se produjo poco despu\u00e9s de las <strong>8:30 de anoche<\/strong>. Inicialmente, los sonidos confundieron a los <strong>asistentes<\/strong>, pero pronto se interpretaron como <strong>posibles disparos<\/strong> o como parte de una situaci\u00f3n que implicaba un <strong>riesgo real<\/strong>.<\/p>\n<h2>Reacciones y consecuencias del incidente<\/h2>\n<p>Las <strong>fuerzas de seguridad<\/strong> lograron neutralizar al <strong>sospechoso<\/strong>, quien, de acuerdo con la informaci\u00f3n preliminar, hab\u00eda conseguido superar los <strong>controles de acceso<\/strong> al evento, un hecho que gener\u00f3 inquietud sobre los protocolos de <strong>seguridad<\/strong> en uno de los actos m\u00e1s vigilados del calendario pol\u00edtico estadounidense.<\/p>\n<p>Durante la intervenci\u00f3n, un agente del <strong>Servicio Secreto<\/strong> result\u00f3 herido. Las autoridades indicaron posteriormente que sus lesiones no pon\u00edan en peligro su vida.<\/p>\n<p>Mientras tanto, dentro del sal\u00f3n, la evacuaci\u00f3n se realiz\u00f3 de forma gradual. Muchos de los <strong>asistentes<\/strong> permanecieron durante varios minutos sin informaci\u00f3n clara, en medio de la <strong>confusi\u00f3n<\/strong>, antes de ser guiados hacia <strong>salidas seguras<\/strong>.<\/p>\n<p>En un primer momento, se inform\u00f3 que <strong>Trump<\/strong> hab\u00eda considerado continuar con el evento, en un intento por restarle dramatismo a la situaci\u00f3n. Sin embargo, finalmente fue trasladado de regreso a la <strong>Casa Blanca<\/strong> y la cena fue cancelada.<\/p>\n<p>El episodio dej\u00f3 tras de s\u00ed no solo el susto inmediato, sino tambi\u00e9n interrogantes sobre la <strong>seguridad<\/strong> de <strong>actos p\u00fablicos<\/strong> de alto perfil y la <strong>vulnerabilidad<\/strong> incluso de los entornos m\u00e1s controlados.<\/p>\n<p>Posteriormente, el <strong>presidente<\/strong> indic\u00f3 que la cena ser\u00eda reprogramada en un plazo aproximado de <strong>30 d\u00edas<\/strong>.<\/p>","protected":false},"excerpt":{"rendered":"<p>Lo que deb\u00eda ser una velada protocolar, cargada de formalidad y cierta distensi\u00f3n entre el poder pol\u00edtico y la prensa, se transform\u00f3 en cuesti\u00f3n de segundos en una escena de confusi\u00f3n y miedo&#8230;.<\/p>\n","protected":false},"author":0,"featured_media":143152,"comment_status":"open","ping_status":"open","sticky":false,"template":"","format":"standard","meta":{"footnotes":""},"categories":[1],"tags":[],"class_list":["post-143160","post","type-post","status-publish","format-standard","has-post-thumbnail","hentry","category-sin-categoria"],"_links":{"self":[{"href":"http:\/\/joelaybar.com\/wp\/wp-json\/wp\/v2\/posts\/143160","targetHints":{"allow":["GET"]}}],"collection":[{"href":"http:\/\/joelaybar.com\/wp\/wp-json\/wp\/v2\/posts"}],"about":[{"href":"http:\/\/joelaybar.com\/wp\/wp-json\/wp\/v2\/types\/post"}],"replies":[{"embeddable":true,"href":"http:\/\/joelaybar.com\/wp\/wp-json\/wp\/v2\/comments?post=143160"}],"version-history":[{"count":0,"href":"http:\/\/joelaybar.com\/wp\/wp-json\/wp\/v2\/posts\/143160\/revisions"}],"wp:featuredmedia":[{"embeddable":true,"href":"http:\/\/joelaybar.com\/wp\/wp-json\/wp\/v2\/media\/143152"}],"wp:attachment":[{"href":"http:\/\/joelaybar.com\/wp\/wp-json\/wp\/v2\/media?parent=143160"}],"wp:term":[{"taxonomy":"category","embeddable":true,"href":"http:\/\/joelaybar.com\/wp\/wp-json\/wp\/v2\/categories?post=143160"},{"taxonomy":"post_tag","embeddable":true,"href":"http:\/\/joelaybar.com\/wp\/wp-json\/wp\/v2\/tags?post=143160"}],"curies":[{"name":"wp","href":"https:\/\/api.w.org\/{rel}","templated":true}]}}