{"id":143174,"date":"2026-04-26T12:29:00","date_gmt":"2026-04-26T12:29:00","guid":{"rendered":"http:\/\/joelaybar.com\/wp\/2026\/04\/26\/jean-alain-rodriguez-retorno-al-pais-desde-espana\/"},"modified":"2026-04-26T12:29:00","modified_gmt":"2026-04-26T12:29:00","slug":"jean-alain-rodriguez-retorno-al-pais-desde-espana","status":"publish","type":"post","link":"http:\/\/joelaybar.com\/wp\/2026\/04\/26\/jean-alain-rodriguez-retorno-al-pais-desde-espana\/","title":{"rendered":"Jean Alain Rodr\u00edguez retorn\u00f3 al pa\u00eds desde Espa\u00f1a"},"content":{"rendered":"<p>El exprocurador general <strong>Jean Alain Rodr\u00edguez<\/strong> <strong>retorn\u00f3 al pa\u00eds<\/strong>\u00a0este domingo\u00a0 desde <strong>Espa\u00f1a<\/strong>, pa\u00eds donde se le autoriz\u00f3 viajar para que se realizara estudios m\u00e9dicos. La informaci\u00f3n fue dada a conocer por su defensa y luego confirmada por el Ministerio P\u00fablico.\u00a0<\/p>\n<p>Los <strong>abogados de Rodr\u00edguez<\/strong>\u00a0manifestaron que su <strong>regreso al pa\u00eds\u00a0<\/strong>en las condiciones autorizadas por el tribunal, \u201cconfirma, una vez m\u00e1s, su conducta procesal de respeto absoluto a la justicia\u201d y desmienten una supuesta intenci\u00f3n de \u201cfuga\u201d.<\/p>\n<p>El <strong>Segundo Tribunal Colegiado<\/strong> del Distrito Nacional, que conoce el <strong>juicio de fondo<\/strong> contra el exfuncionario, le autoriz\u00f3 <strong>viajar a Madrid<\/strong>, <strong>Espa\u00f1a<\/strong>, para que se haga las <strong>evaluaciones m\u00e9dicas<\/strong>, desde el mi\u00e9rcoles 22 de abril, en horas de la tarde, hasta este domingo 26 de abril.<\/p>\n<p>El imputado de presuntos actos de corrupci\u00f3n durante su gesti\u00f3n en la Procuradur\u00eda General (2016-2020) viaj\u00f3 luego de asistir a la <strong>audiencia del mi\u00e9rcoles<\/strong> en donde sus abogados solicitaron la <strong>extinci\u00f3n de la acci\u00f3n penal<\/strong> por alegar que la acusaci\u00f3n de presunta corrupci\u00f3n se deposit\u00f3 de manera irregular por parte del Ministerio P\u00fablico.<\/p>\n<div class=\"w-full pt-2 float-left inside-related\">    <span class=\"border-b border-black pb-3 mb-4 block\"><strong>RELACIONADAS<\/strong><\/span>                                \n<div class=\"xl:w-2\/12 w-4\/12\">                                                                        <a href=\"https:\/\/www.diariolibre.com\/actualidad\/justicia\/2026\/04\/22\/jean-alain-solicita-a-tribunal-declarar-extincion-de-la-accion-penal\/3510858?utm_source=relacionadas&amp;utm_medium=nota&amp;utm_campaign=relacionadas\" title=\"                                                                                                                            \">                                                                                                                            <\/a>                                                            <\/div>\n<div class=\"xl:w-10\/12 w-8\/12 pl-3\">\n<div class=\"text-md mb-2 meta\">                        <a href=\"https:\/\/www.diariolibre.com\/actualidad\/justicia\" title=\"Justicia\">Justicia<\/a>                    <\/div>\n<h2><a href=\"https:\/\/www.diariolibre.com\/actualidad\/justicia\/2026\/04\/22\/jean-alain-solicita-a-tribunal-declarar-extincion-de-la-accion-penal\/3510858?utm_source=relacionadas&amp;utm_medium=nota&amp;utm_campaign=relacionadas\" title=\"Exprocurador Jean Alain Rodr\u00edguez solicita al tribunal declarar la extinci\u00f3n de la acci\u00f3n penal\">Exprocurador Jean Alain Rodr\u00edguez solicita al tribunal declarar la extinci\u00f3n de la acci\u00f3n penal<\/a><\/h2>\n<\/div>\n<div class=\"xl:w-2\/12 w-4\/12\">                                                                        <a href=\"https:\/\/www.diariolibre.com\/actualidad\/justicia\/2026\/04\/22\/autorizan-salida-a-espana-de-jean-alain-rodriguez-por-motivos-medicos\/3510694?utm_source=relacionadas&amp;utm_medium=nota&amp;utm_campaign=relacionadas\" title=\"                                                                                                                            \">                                                                                                                            <\/a>                                                            <\/div>\n<div class=\"xl:w-10\/12 w-8\/12 pl-3\">\n<div class=\"text-md mb-2 meta\">                        <a href=\"https:\/\/www.diariolibre.com\/actualidad\/justicia\" title=\"Justicia\">Justicia<\/a>                    <\/div>\n<h2><a href=\"https:\/\/www.diariolibre.com\/actualidad\/justicia\/2026\/04\/22\/autorizan-salida-a-espana-de-jean-alain-rodriguez-por-motivos-medicos\/3510694?utm_source=relacionadas&amp;utm_medium=nota&amp;utm_campaign=relacionadas\" title=\"Autorizan a Jean Alain viajar a Madrid, ciudad donde reside testigo estrella del caso en su contra\">Autorizan a Jean Alain viajar a Madrid, ciudad donde reside testigo estrella del caso en su contra<\/a><\/h2>\n<\/div>\n<\/div>\n<p>La <strong>presidenta del tribunal, Claribel Nivar,\u00a0<\/strong>argument\u00f3 en la audiencia, el mismo mi\u00e9rcoles, que el <strong>viaje<\/strong> \u00abno trastorna el curso\u00bb del <strong>juicio de fondo<\/strong> que se le sigue al <strong>exfuncionario<\/strong>\u201d, que se conoce los lunes y mi\u00e9rcoles.<\/p>\n<p>Se recuerda que en Madrid, <strong>Espa\u00f1a<\/strong>, se encuentra el principal delator del caso de presunto dolo del dinero del Estado, <strong>Rafael Stefano Can\u00f3 Sacco<\/strong>, pa\u00eds donde huy\u00f3 antes de darse a conocer el proceso de corrupci\u00f3n.<\/p>\n<p>    \u201cEl se\u00f1or <strong>Jean Alain Rodr\u00edguez<\/strong> mantiene su <strong>arraigo completo<\/strong> en el pa\u00eds y ha permanecido a <strong>disposici\u00f3n de la justicia<\/strong> en todo momento. Finalmente, se reafirma que el se\u00f1or <strong>Jean Alain Rodr\u00edguez<\/strong> seguir\u00e1 compareciendo ante el tribunal con la misma disposici\u00f3n y transparencia que ha caracterizado su conducta\u201d, afirma su defensa en un documento de prensa.<\/p>\n<h2><strong>Continuar\u00e1 con sus incidentes <\/strong><\/h2>\n<p>El <strong>consejo de defensa<\/strong> de Rodr\u00edguez, encabezado por Carlos Balc\u00e1cer y Nelys Rivas, reiter\u00f3 en la misma comunicaci\u00f3n de prensa en donde informan su retorno de <strong>Espa\u00f1a<\/strong>, que este <strong>lunes 27 de abril<\/strong> continuar\u00e1n presentando las <strong>solicitudes y planteamientos<\/strong> de nulidad sustentados en m\u00faltiples violaciones y fraudes procesales que han manchado el proceso contra su cliente.<\/p>\n<p><\/p>","protected":false},"excerpt":{"rendered":"<p>El exprocurador general Jean Alain Rodr\u00edguez retorn\u00f3 al pa\u00eds\u00a0este domingo\u00a0 desde Espa\u00f1a, pa\u00eds donde se le autoriz\u00f3 viajar para que se realizara estudios m\u00e9dicos. La informaci\u00f3n fue dada a conocer por su defensa&#8230;<\/p>\n","protected":false},"author":0,"featured_media":143175,"comment_status":"open","ping_status":"open","sticky":false,"template":"","format":"standard","meta":{"footnotes":""},"categories":[1],"tags":[],"class_list":["post-143174","post","type-post","status-publish","format-standard","has-post-thumbnail","hentry","category-sin-categoria"],"_links":{"self":[{"href":"http:\/\/joelaybar.com\/wp\/wp-json\/wp\/v2\/posts\/143174","targetHints":{"allow":["GET"]}}],"collection":[{"href":"http:\/\/joelaybar.com\/wp\/wp-json\/wp\/v2\/posts"}],"about":[{"href":"http:\/\/joelaybar.com\/wp\/wp-json\/wp\/v2\/types\/post"}],"replies":[{"embeddable":true,"href":"http:\/\/joelaybar.com\/wp\/wp-json\/wp\/v2\/comments?post=143174"}],"version-history":[{"count":0,"href":"http:\/\/joelaybar.com\/wp\/wp-json\/wp\/v2\/posts\/143174\/revisions"}],"wp:featuredmedia":[{"embeddable":true,"href":"http:\/\/joelaybar.com\/wp\/wp-json\/wp\/v2\/media\/143175"}],"wp:attachment":[{"href":"http:\/\/joelaybar.com\/wp\/wp-json\/wp\/v2\/media?parent=143174"}],"wp:term":[{"taxonomy":"category","embeddable":true,"href":"http:\/\/joelaybar.com\/wp\/wp-json\/wp\/v2\/categories?post=143174"},{"taxonomy":"post_tag","embeddable":true,"href":"http:\/\/joelaybar.com\/wp\/wp-json\/wp\/v2\/tags?post=143174"}],"curies":[{"name":"wp","href":"https:\/\/api.w.org\/{rel}","templated":true}]}}