{"id":143176,"date":"2026-04-26T12:03:00","date_gmt":"2026-04-26T12:03:00","guid":{"rendered":"http:\/\/joelaybar.com\/wp\/2026\/04\/26\/sospechoso-del-tiroteo-en-la-casa-blanca-actuo-por-motivos-anticristo-2\/"},"modified":"2026-04-26T12:03:00","modified_gmt":"2026-04-26T12:03:00","slug":"sospechoso-del-tiroteo-en-la-casa-blanca-actuo-por-motivos-anticristo-2","status":"publish","type":"post","link":"http:\/\/joelaybar.com\/wp\/2026\/04\/26\/sospechoso-del-tiroteo-en-la-casa-blanca-actuo-por-motivos-anticristo-2\/","title":{"rendered":"Sospechoso del tiroteo en la Casa Blanca actu\u00f3 por motivos anticristo"},"content":{"rendered":"<p> El presidente de Estados Unidos, <strong>Donald Trump<\/strong>, afirm\u00f3 este domingo que el <strong>sospechoso<\/strong> del tiroteo ocurrido anoche en la <strong>Cena de Corresponsales<\/strong> de la Casa Blanca actu\u00f3 movido por un \u00abodio\u00bb profundo hacia los cristianos, bas\u00e1ndose en un <strong>manifiesto<\/strong> y en informaci\u00f3n recabada por las autoridades tras el incidente.<\/p>\n<p>En una <strong>entrevista<\/strong> telef\u00f3nica con la cadena <strong>Fox News<\/strong>, <strong>Trump<\/strong> describi\u00f3 al atacante como un \u00abtipo muy problem\u00e1tico\u00bb cuyos motivos, seg\u00fan el mandatario, ten\u00edan un trasfondo religioso radical.<\/p>\n<p>\u00abCuando lees su <strong>manifiesto<\/strong>, odia a los cristianos. Eso es seguro. Es un <strong>odio fuerte<\/strong>, <strong>anticristiano<\/strong>\u00ab, se\u00f1al\u00f3 el presidente, quien fue evacuado por el <strong>Servicio Secreto<\/strong> el s\u00e1bado por la noche tras escucharse disparos en el hotel Washington Hilton, fuera de la sala donde se celebraba la cena. <\/p>\n<p><strong>Trump<\/strong> asegur\u00f3 que la propia <strong>familia<\/strong> del atacante estaba al tanto de sus <strong>dificultades<\/strong> y <strong>tendencias violentas<\/strong>: \u00abSu <strong>familia<\/strong> sab\u00eda que ten\u00eda <strong>dificultades<\/strong>. Tal vez deber\u00edan haberlo denunciado con un poco m\u00e1s de firmeza. Probablemente es algo dif\u00edcil de hacer, supongo, pero es una situaci\u00f3n muy, muy mala\u00bb.<\/p>\n<div class=\"w-full pt-2 float-left inside-related\">    <span class=\"border-b border-black pb-3 mb-4 block\"><strong>RELACIONADAS<\/strong><\/span>                                \n<div class=\"xl:w-2\/12 w-4\/12\">                                                                        <a href=\"https:\/\/www.diariolibre.com\/mundo\/estados-unidos\/2026\/04\/26\/caos-durante-cena-de-trump-con-periodistas-en-la-casa-blanca\/3514594?utm_source=relacionadas&amp;utm_medium=nota&amp;utm_campaign=relacionadas\" title=\"                                                                                                                            \">                                                                                                                            <\/a>                                                            <\/div>\n<div class=\"xl:w-10\/12 w-8\/12 pl-3\">\n<div class=\"text-md mb-2 meta\">                        <a href=\"https:\/\/www.diariolibre.com\/mundo\/estados-unidos\" title=\"Estados Unidos\">Estados Unidos<\/a>                    <\/div>\n<h2><a href=\"https:\/\/www.diariolibre.com\/mundo\/estados-unidos\/2026\/04\/26\/caos-durante-cena-de-trump-con-periodistas-en-la-casa-blanca\/3514594?utm_source=relacionadas&amp;utm_medium=nota&amp;utm_campaign=relacionadas\" title=\"Terror en la cena de Trump con periodistas de la Casa Blanca\">Terror en la cena de Trump con periodistas de la Casa Blanca<\/a><\/h2>\n<\/div>\n<div class=\"xl:w-2\/12 w-4\/12\">                                                                        <a href=\"https:\/\/www.diariolibre.com\/politica\/general\/2026\/04\/26\/abinader-reacciona-a-tiroteo-en-cena-en-la-que-se-encontraba-trump\/3514469?utm_source=relacionadas&amp;utm_medium=nota&amp;utm_campaign=relacionadas\" title=\"                                                                                                                            \">                                                                                                                            <\/a>                                                            <\/div>\n<div class=\"xl:w-10\/12 w-8\/12 pl-3\">\n<div class=\"text-md mb-2 meta\">                        <a href=\"https:\/\/www.diariolibre.com\/politica\/general\" title=\"General\">General<\/a>                    <\/div>\n<h2><a href=\"https:\/\/www.diariolibre.com\/politica\/general\/2026\/04\/26\/abinader-reacciona-a-tiroteo-en-cena-en-la-que-se-encontraba-trump\/3514469?utm_source=relacionadas&amp;utm_medium=nota&amp;utm_campaign=relacionadas\" title=\"Abinader califica de cobarde el tiroteo en cena que encabezaba Trump\">Abinader califica de \u00abcobarde\u00bb el tiroteo en cena que encabezaba Trump<\/a><\/h2>\n<\/div>\n<\/div>\n<p>Estas declaraciones coinciden con lo revelado este domingo por el fiscal general interino, <strong>Todd Blanche<\/strong>, quien en declaraciones a la cadena NBC confirm\u00f3 que el <strong>sospechoso<\/strong> probablemente ten\u00eda como <strong>objetivo principal<\/strong> al propio <strong>Trump<\/strong> y a otros <strong>altos cargos<\/strong> del Gobierno.<\/p>\n<p>El sospechosos, un joven de 31 a\u00f1os llamado <strong>Cole Tomas Allen<\/strong>, <strong>viaj\u00f3 en tren<\/strong> desde Los \u00c1ngeles hasta Washington D.C., con escala en Chicago, y se aloj\u00f3 en el <strong>hotel del evento<\/strong> uno o dos d\u00edas antes del ataque.<\/p>\n<p>Aunque <strong>Trump<\/strong> hizo \u00e9nfasis en el car\u00e1cter \u00ab<strong>anticristiano<\/strong>\u00bb del <strong>sospechoso<\/strong>, <strong>Blanche<\/strong> se mostr\u00f3 m\u00e1s cauteloso, indicando que, si bien el an\u00e1lisis de los dispositivos electr\u00f3nicos apunta a un ataque dirigido contra la Administraci\u00f3n, la investigaci\u00f3n apenas cumple sus primeras 24 horas y el <strong>motivo oficial<\/strong> sigue bajo an\u00e1lisis.<\/p>\n<p>El <strong>sospechoso<\/strong>, que no result\u00f3 herido y se encuentra bajo <strong>custodia hospitalaria<\/strong> para una <strong>evaluaci\u00f3n<\/strong>, no est\u00e1 colaborando con las autoridades. <\/p>\n<h2>Medidas oficiales tras el incidente<\/h2>\n<p>Se espera que comparezca este lunes ante un <strong>tribunal federal<\/strong> en el <strong>Distrito de Columbia<\/strong> para enfrentar <strong>cargos formales<\/strong>.<\/p>\n<p>El incidente oblig\u00f3 a interrumpir la tradicional <strong>cena de gala<\/strong>, donde el <strong>Servicio Secreto<\/strong> activ\u00f3 los <strong>protocolos de emergencia<\/strong> para poner a salvo a <strong>Trump<\/strong>, a la primera dama, <strong>Melania<\/strong>, y al resto del gabinete presente en el sal\u00f3n.<\/p>\n<p>En <strong>Fox News<\/strong>, el presidente <strong>Trump<\/strong> afirm\u00f3 que \u00e9l y su esposa <strong>se encuentran bien<\/strong>.<\/p>","protected":false},"excerpt":{"rendered":"<p>El presidente de Estados Unidos, Donald Trump, afirm\u00f3 este domingo que el sospechoso del tiroteo ocurrido anoche en la Cena de Corresponsales de la Casa Blanca actu\u00f3 movido por un \u00abodio\u00bb profundo hacia&#8230;<\/p>\n","protected":false},"author":0,"featured_media":143167,"comment_status":"open","ping_status":"open","sticky":false,"template":"","format":"standard","meta":{"footnotes":""},"categories":[1],"tags":[],"class_list":["post-143176","post","type-post","status-publish","format-standard","has-post-thumbnail","hentry","category-sin-categoria"],"_links":{"self":[{"href":"http:\/\/joelaybar.com\/wp\/wp-json\/wp\/v2\/posts\/143176","targetHints":{"allow":["GET"]}}],"collection":[{"href":"http:\/\/joelaybar.com\/wp\/wp-json\/wp\/v2\/posts"}],"about":[{"href":"http:\/\/joelaybar.com\/wp\/wp-json\/wp\/v2\/types\/post"}],"replies":[{"embeddable":true,"href":"http:\/\/joelaybar.com\/wp\/wp-json\/wp\/v2\/comments?post=143176"}],"version-history":[{"count":0,"href":"http:\/\/joelaybar.com\/wp\/wp-json\/wp\/v2\/posts\/143176\/revisions"}],"wp:featuredmedia":[{"embeddable":true,"href":"http:\/\/joelaybar.com\/wp\/wp-json\/wp\/v2\/media\/143167"}],"wp:attachment":[{"href":"http:\/\/joelaybar.com\/wp\/wp-json\/wp\/v2\/media?parent=143176"}],"wp:term":[{"taxonomy":"category","embeddable":true,"href":"http:\/\/joelaybar.com\/wp\/wp-json\/wp\/v2\/categories?post=143176"},{"taxonomy":"post_tag","embeddable":true,"href":"http:\/\/joelaybar.com\/wp\/wp-json\/wp\/v2\/tags?post=143176"}],"curies":[{"name":"wp","href":"https:\/\/api.w.org\/{rel}","templated":true}]}}