{"id":143240,"date":"2026-04-26T21:12:00","date_gmt":"2026-04-26T21:12:00","guid":{"rendered":"http:\/\/joelaybar.com\/wp\/2026\/04\/26\/mlb-machado-la-saco-dos-veces-y-remolco-cinco-3\/"},"modified":"2026-04-26T21:12:00","modified_gmt":"2026-04-26T21:12:00","slug":"mlb-machado-la-saco-dos-veces-y-remolco-cinco-3","status":"publish","type":"post","link":"http:\/\/joelaybar.com\/wp\/2026\/04\/26\/mlb-machado-la-saco-dos-veces-y-remolco-cinco-3\/","title":{"rendered":"MLB: Machado la sac\u00f3 dos veces y remolc\u00f3 cinco"},"content":{"rendered":"<p><strong>Manny Machado<\/strong> no desaprovech\u00f3 la altura de la capital mexicana y despach\u00f3 <strong>dos cuadrangulares<\/strong> que remolcaron cinco carreras, un aporte que no fue suficiente para evitar la derrota de los Padres de San Diego ante los Diamondbacks de Arizona.<\/p>\n<p><strong>Tim Tawa<\/strong> conect\u00f3 un <strong>grand slam<\/strong> en la s\u00e9ptima entrada de seis carreras vueltas para que el equipo de Phoenix dividiera la serie de dos juegos.<\/p>\n<p>La <strong>Ciudad de M\u00e9xico<\/strong> se encuentra en una meseta elevada a una altitud de 2240 metros (7350 pies) sobre el nivel del mar. El <strong>Estadio Alfredo Harp Hel\u00fa<\/strong>, sede de los partidos, es m\u00e1s alto que el Coors Field en Denver (el m\u00e1s alto de la <strong>MLB<\/strong>, a unos 5200 pies).<\/p>\n<p><strong>Ketel Marte<\/strong> de fue de 5-1, con una empujada por los Dbacks. <strong>Machado lig\u00f3<\/strong> de 5-2, lleg\u00f3 a cuatro vuelacercas y 16 remolques. <strong>Fernando Tatis Jr.<\/strong> y Ram\u00f3n Laureano ligaron de 4-1.<\/p>\n<h2>Bates dominicanos<\/h2>\n<p>En <strong>Toronto<\/strong>, el quisqueyano <strong>Jes\u00fas S\u00e1nchez<\/strong> conect\u00f3 un jonr\u00f3n de dos carreras para tomar la delantera y su compatriota <strong>Vladimir Guerrero Jr.<\/strong> bate\u00f3 tres hits y los <strong>Toronto Blue Jays<\/strong> vencieron a los Cleveland Guardians 4-2 el domingo.\u00a0<\/p>\n<div class=\"w-full pt-2 float-left inside-related\">    <span class=\"border-b border-black pb-3 mb-4 block\"><strong>RELACIONADAS<\/strong><\/span>                                \n<div class=\"xl:w-2\/12 w-4\/12\">                                                                        <a href=\"https:\/\/www.diariolibre.com\/deportes\/beisbol\/2026\/04\/26\/mlb-manfred-reafirma-compromiso-con-mexico-juegos-son-realidad\/3514932?utm_source=relacionadas&amp;utm_medium=nota&amp;utm_campaign=relacionadas\" title=\"                                                                                                                            \">                                                                                                                            <\/a>                                                            <\/div>\n<div class=\"xl:w-10\/12 w-8\/12 pl-3\">\n<div class=\"text-md mb-2 meta\">                        <a href=\"https:\/\/www.diariolibre.com\/deportes\/beisbol\" title=\"B\u00e9isbol\">B\u00e9isbol<\/a>                    <\/div>\n<h2><a href=\"https:\/\/www.diariolibre.com\/deportes\/beisbol\/2026\/04\/26\/mlb-manfred-reafirma-compromiso-con-mexico-juegos-son-realidad\/3514932?utm_source=relacionadas&amp;utm_medium=nota&amp;utm_campaign=relacionadas\" title=\"Rob Manfred reafirma su compromiso con M\u00e9xico: Los juegos de Grandes Ligas llegaron para quedarse\">Rob Manfred reafirma su compromiso con M\u00e9xico: Los juegos de Grandes Ligas llegaron para quedarse<\/a><\/h2>\n<\/div>\n<div class=\"xl:w-2\/12 w-4\/12\">                                                                        <a href=\"https:\/\/www.diariolibre.com\/deportes\/beisbol\/2026\/04\/22\/luis-garcia-el-barbero-que-regreso-al-beisbol-y-esta-con-decimo-club\/3510068?utm_source=relacionadas&amp;utm_medium=nota&amp;utm_campaign=relacionadas\" title=\"                                                                                                                            \">                                                                                                                            <\/a>                                                            <\/div>\n<div class=\"xl:w-10\/12 w-8\/12 pl-3\">\n<div class=\"text-md mb-2 meta\">                        <a href=\"https:\/\/www.diariolibre.com\/deportes\/beisbol\" title=\"B\u00e9isbol\">B\u00e9isbol<\/a>                    <\/div>\n<h2><a href=\"https:\/\/www.diariolibre.com\/deportes\/beisbol\/2026\/04\/22\/luis-garcia-el-barbero-que-regreso-al-beisbol-y-esta-con-decimo-club\/3510068?utm_source=relacionadas&amp;utm_medium=nota&amp;utm_campaign=relacionadas\" title=\"Luis Garc\u00eda, el barbero que regres\u00f3 al b\u00e9isbol y lanzar\u00e1 para un d\u00e9cimo equipo en la MLB\">Luis Garc\u00eda, el barbero que regres\u00f3 al b\u00e9isbol y lanzar\u00e1 para un d\u00e9cimo equipo en la MLB<\/a><\/h2>\n<\/div>\n<div class=\"xl:w-2\/12 w-4\/12\">                                                                        <a href=\"https:\/\/www.diariolibre.com\/deportes\/columnistas\/2026\/04\/22\/lucha-obrero-patronal-en-mlb-con-tufo-de-huelga\/3511316?utm_source=relacionadas&amp;utm_medium=nota&amp;utm_campaign=relacionadas\" title=\"                                                                                                                            \">                                                                                                                            <\/a>                                                            <\/div>\n<div class=\"xl:w-10\/12 w-8\/12 pl-3\">\n<div class=\"text-md mb-2 meta\">                        <a href=\"https:\/\/www.diariolibre.com\/deportes\/columnistas\/brv\" title=\"BRV\">BRV<\/a>                    <\/div>\n<h2><a href=\"https:\/\/www.diariolibre.com\/deportes\/columnistas\/2026\/04\/22\/lucha-obrero-patronal-en-mlb-con-tufo-de-huelga\/3511316?utm_source=relacionadas&amp;utm_medium=nota&amp;utm_campaign=relacionadas\" title=\"Lucha obrero-patronal en MLB: con tufo de huelga\">Lucha obrero-patronal en MLB: con tufo de huelga<\/a><\/h2>\n<\/div>\n<\/div>\n<p>Guerrero abri\u00f3 la sexta entrada con un <strong>doble<\/strong> y S\u00e1nchez le sigui\u00f3 con su batazo al jard\u00edn derecho. Se trat\u00f3 del <strong>cuarto jonr\u00f3n<\/strong> de S\u00e1nchez en la temporada y el segundo de la serie, que los Blue Jays ganaron dos juegos a uno. <\/p>\n<p>Fue la <strong>segunda victoria<\/strong> consecutiva de <strong>Toronto<\/strong> en una serie despu\u00e9s de perder las seis anteriores.<\/p>\n<h2>Tena, decisivo<\/h2>\n<p>En un partido de nueve entradas en blanco, el elevado de sacrificio de <strong>CJ Abrams<\/strong> impuls\u00f3 al corredor autom\u00e1tico Daylen Lile desde tercera base en la d\u00e9cima entrada para empatar y el bateador emergente <strong>dominicano<\/strong> <strong>Jos\u00e9 Tena<\/strong> conect\u00f3 un jonr\u00f3n solitario ante su paisano Seranthony Dom\u00ednguez y los <strong>Nacionales vencieron<\/strong> a los White Sox 2-1, en Chicago.<\/p>\n<h2>Basallo la sac\u00f3<\/h2>\n<p>En Baltimore, el venezolano <strong>Willson Contreras<\/strong> conect\u00f3 su <strong>sexto jonr\u00f3n<\/strong> de la temporada y los <strong>Medias Rojas<\/strong> de Boston respondieron al despido del m\u00e1nager Alex Cora con una victoria de 5-3 sobre los Orioles.<\/p>\n<p>Por la causa perdida, el receptor <strong>dominicano<\/strong> <strong>Samuel Basallo<\/strong> se fue de 4-2, con su <strong>cuarto cuadrangular<\/strong> de la temporada.<\/p>\n<h2>Barrida a los Mets<\/h2>\n<p>En Nueva York, los <strong>Rockies<\/strong> se impusieron en la <strong>doble<\/strong> cartelera por 3-1 y 3-0 a los Mets para as\u00ed barrerle la serie de tres choques. <strong>Juan Soto<\/strong> se fue de 3-0 en el primer encuentro y de 2-1, con <strong>dos boletos<\/strong> en el segundo. <strong>Ronny Mauricio<\/strong> lig\u00f3 un hit en tres oportunidades.<\/p>\n<p>\u00a0<\/p>\n<p><\/p>\n<p><\/p>","protected":false},"excerpt":{"rendered":"<p>Manny Machado no desaprovech\u00f3 la altura de la capital mexicana y despach\u00f3 dos cuadrangulares que remolcaron cinco carreras, un aporte que no fue suficiente para evitar la derrota de los Padres de San&#8230;<\/p>\n","protected":false},"author":0,"featured_media":143230,"comment_status":"open","ping_status":"open","sticky":false,"template":"","format":"standard","meta":{"footnotes":""},"categories":[1],"tags":[],"class_list":["post-143240","post","type-post","status-publish","format-standard","has-post-thumbnail","hentry","category-sin-categoria"],"_links":{"self":[{"href":"http:\/\/joelaybar.com\/wp\/wp-json\/wp\/v2\/posts\/143240","targetHints":{"allow":["GET"]}}],"collection":[{"href":"http:\/\/joelaybar.com\/wp\/wp-json\/wp\/v2\/posts"}],"about":[{"href":"http:\/\/joelaybar.com\/wp\/wp-json\/wp\/v2\/types\/post"}],"replies":[{"embeddable":true,"href":"http:\/\/joelaybar.com\/wp\/wp-json\/wp\/v2\/comments?post=143240"}],"version-history":[{"count":0,"href":"http:\/\/joelaybar.com\/wp\/wp-json\/wp\/v2\/posts\/143240\/revisions"}],"wp:featuredmedia":[{"embeddable":true,"href":"http:\/\/joelaybar.com\/wp\/wp-json\/wp\/v2\/media\/143230"}],"wp:attachment":[{"href":"http:\/\/joelaybar.com\/wp\/wp-json\/wp\/v2\/media?parent=143240"}],"wp:term":[{"taxonomy":"category","embeddable":true,"href":"http:\/\/joelaybar.com\/wp\/wp-json\/wp\/v2\/categories?post=143240"},{"taxonomy":"post_tag","embeddable":true,"href":"http:\/\/joelaybar.com\/wp\/wp-json\/wp\/v2\/tags?post=143240"}],"curies":[{"name":"wp","href":"https:\/\/api.w.org\/{rel}","templated":true}]}}