{"id":143257,"date":"2026-04-27T00:02:00","date_gmt":"2026-04-27T00:02:00","guid":{"rendered":"http:\/\/joelaybar.com\/wp\/2026\/04\/27\/autor-del-atentado-contra-trump-actuo-motivado-por-odio-2\/"},"modified":"2026-04-27T00:02:00","modified_gmt":"2026-04-27T00:02:00","slug":"autor-del-atentado-contra-trump-actuo-motivado-por-odio-2","status":"publish","type":"post","link":"http:\/\/joelaybar.com\/wp\/2026\/04\/27\/autor-del-atentado-contra-trump-actuo-motivado-por-odio-2\/","title":{"rendered":"Autor del atentado contra Trump actu\u00f3 motivado por odio"},"content":{"rendered":"<p>El <strong>intento de atentado<\/strong> contra el presidente estadounidense <strong>Donald Trump<\/strong> ha provocado una ola de conmoci\u00f3n internacional, tras revelarse que el autor del <strong>ataque<\/strong> dej\u00f3 un <strong>manifiesto escrito<\/strong> en el que expresaba un profundo <strong>odio<\/strong> pol\u00edtico hacia el l\u00edder republicano.<\/p>\n<p>El sospechoso ha sido identificado como <strong>Cole Allen<\/strong>, un hombre de <strong>31 a\u00f1os<\/strong> que, seg\u00fan las autoridades, envi\u00f3 el documento a familiares pocos minutos antes de perpetrar el <strong>ataque<\/strong> durante la <strong>cena de corresponsales<\/strong> en la Casa Blanca, uno de los eventos m\u00e1s emblem\u00e1ticos del calendario pol\u00edtico y medi\u00e1tico en Estados Unidos.<\/p>\n<p>De acuerdo con fuentes de la investigaci\u00f3n, el texto -de aproximadamente <strong>mil palabras<\/strong>&#8211; contiene un lenguaje extremadamente agresivo contra <strong>Trump<\/strong>, a quien responsabiliza de diversas injusticias pol\u00edticas y sociales. En el documento, Allen tambi\u00e9n habr\u00eda delineado sus intenciones, dejando entrever una motivaci\u00f3n claramente ideol\u00f3gica.<\/p>\n<p>    <span class=\"block mb-2\"><strong>Te puede interesar<\/strong><\/span>                <\/p>\n<h2><a href=\"https:\/\/www.diariolibre.com\/mundo\/estados-unidos\/2026\/04\/26\/donald-trump-sobrevive-a-tres-atentados-en-dos-anos\/3514913?utm_source=relacionadas&amp;utm_medium=nota&amp;utm_campaign=relacionadas\" title=\"Donald Trump sobrevive a tres atentados en dos a\u00f1os, un hecho sin precedentes en Estados Unidos\">Donald Trump sobrevive a tres atentados en dos a\u00f1os, un hecho sin precedentes en Estados Unidos<\/a><\/h2>\n<h2><a href=\"https:\/\/www.diariolibre.com\/mundo\/estados-unidos\/2026\/04\/26\/trump-sobre-el-tiroteo-no-estaba-preocupado\/3515034?utm_source=relacionadas&amp;utm_medium=nota&amp;utm_campaign=relacionadas\" title=\"Trump sobre el tiroteo: No estaba preocupado. Entiendo la vida; vivimos en un mundo loco\">Trump sobre el tiroteo: \u00abNo estaba preocupado. Entiendo la vida; vivimos en un mundo loco\u00bb<\/a><\/h2>\n<h2>El manifiesto<\/h2>\n<p>Aunque el contenido completo del manifiesto no ha sido divulgado oficialmente, los primeros an\u00e1lisis apuntan a un caso de <strong>radicalizaci\u00f3n individual<\/strong>, con fuertes componentes de resentimiento pol\u00edtico. El propio <strong>Trump<\/strong> afirm\u00f3 que el texto refleja, adem\u00e1s, un trasfondo de <strong>odio anticristiano<\/strong>, una interpretaci\u00f3n que forma parte del debate p\u00fablico abierto tras el atentado.<\/p>\n<h2><strong>Condena mundial<\/strong><\/h2>\n<p>El <strong>ataque<\/strong> ha generado un impacto inmediato m\u00e1s all\u00e1 de las fronteras estadounidenses. L\u00edderes internacionales, gobiernos y organizaciones multilaterales han condenado el hecho, subrayando la gravedad de un acto de <strong>violencia pol\u00edtica<\/strong> dirigido contra una <strong>figura central<\/strong> del escenario global.<\/p>\n<p>En Estados Unidos, el atentado ha reavivado el debate sobre la <strong>polarizaci\u00f3n extrema<\/strong> y el clima de <strong>confrontaci\u00f3n pol\u00edtica<\/strong>, as\u00ed como, sobre los riesgos de la violencia motivada por <strong>discursos radicalizados<\/strong>.<\/p>\n<p>Diversos l\u00edderes internacionales, incluyendo al presidente <strong>Luis Abinader<\/strong>, han coincidido en subrayar que el atentado representa un peligro para la <strong>estabilidad democr\u00e1tica<\/strong> global, reiterando su apoyo a Estados Unidos y reconociendo la r\u00e1pida actuaci\u00f3n del <strong>Servicio Secreto<\/strong>.<\/p>\n<p>Mientras avanzan las investigaciones, el <strong>manifiesto de Allen<\/strong> se perfila como una pieza clave para entender no solo el <strong>ataque<\/strong> en s\u00ed, sino tambi\u00e9n el contexto m\u00e1s amplio de <strong>tensi\u00f3n pol\u00edtica<\/strong> que atraviesa la sociedad\u00a0<\/p>\n<p>Las <strong>fuerzas de seguridad<\/strong> lograron neutralizar al sospechoso que, de acuerdo con la informaci\u00f3n preliminar, hab\u00eda conseguido superar los <strong>controles de acceso<\/strong> al evento. Ese dato, m\u00e1s all\u00e1 de la resoluci\u00f3n inmediata del incidente, introdujo una inquietud mayor: la fragilidad de los per\u00edmetros de seguridad incluso en escenarios de <strong>m\u00e1xima vigilancia<\/strong>.<\/p>\n<p>Durante la intervenci\u00f3n, un agente del <strong>Servicio Secreto<\/strong> result\u00f3 herido. Las autoridades indicaron m\u00e1s tarde que sus lesiones no compromet\u00edan su vida, pero el hecho a\u00f1adi\u00f3 gravedad a una escena ya de por s\u00ed cargada de tensi\u00f3n.<\/p>\n<p>Dentro del sal\u00f3n, la evacuaci\u00f3n se llev\u00f3 a cabo de forma progresiva. Algunos permanecieron durante varios minutos sin informaci\u00f3n clara, atrapados entre la necesidad de moverse y la <strong>incertidumbre<\/strong> sobre hacia d\u00f3nde hacerlo. Periodistas habituados a narrar crisis se encontraron, por una vez, dentro de ella.\u00a0\u00a0<\/p>\n<p>\u00a0<\/p>\n<div class=\"my-12 component web-insert relative border bg-component\">    <span class=\"text-xl block my-3 component-title glosa\"><strong>Abinader: \u201cun acto cobarde\u201d<\/strong><\/span>    \n<p class=\"insert-subtitle\">\n<\/p><p>De su lado, el  presidente Luis Abinader calific\u00f3 como \u201cun acto cobarde\u201d el tiroteo perpetrado la noche del s\u00e1bado en Washington durante la cena. El gobernante dominicano expres\u00f3 alivio porque Trump, la primera dama y otros invitados en la cena anual de la Asociaci\u00f3n de Corresponsales de la Casa Blanca se encuentran fuera de peligro y elogi\u00f3 la actuaci\u00f3n de los agentes del Servicio Secreto que lograron detener al atacante.\u201cAplaudimos a los valientes agentes de la ley que detuvieron al tirador y rezamos por la recuperaci\u00f3n completa del herido\u201d, expres\u00f3 Abinader. Abinader tambi\u00e9n se refiri\u00f3 al oficial herido durante el incidente, por quien dijo elevar oraciones para su recuperaci\u00f3n, y manifest\u00f3 la solidaridad del pueblo dominicano con Estados Unidos en este momento. \u201cLas oraciones de todos los dominicanos est\u00e1n con el pueblo estadounidense\u201d, dijo el presidente de la Rep\u00fablica, en un mensaje en ingl\u00e9s publicado en su cuenta de X.<\/p>\n<\/div>","protected":false},"excerpt":{"rendered":"<p>El intento de atentado contra el presidente estadounidense Donald Trump ha provocado una ola de conmoci\u00f3n internacional, tras revelarse que el autor del ataque dej\u00f3 un manifiesto escrito en el que expresaba un&#8230;<\/p>\n","protected":false},"author":0,"featured_media":143252,"comment_status":"open","ping_status":"open","sticky":false,"template":"","format":"standard","meta":{"footnotes":""},"categories":[1],"tags":[],"class_list":["post-143257","post","type-post","status-publish","format-standard","has-post-thumbnail","hentry","category-sin-categoria"],"_links":{"self":[{"href":"http:\/\/joelaybar.com\/wp\/wp-json\/wp\/v2\/posts\/143257","targetHints":{"allow":["GET"]}}],"collection":[{"href":"http:\/\/joelaybar.com\/wp\/wp-json\/wp\/v2\/posts"}],"about":[{"href":"http:\/\/joelaybar.com\/wp\/wp-json\/wp\/v2\/types\/post"}],"replies":[{"embeddable":true,"href":"http:\/\/joelaybar.com\/wp\/wp-json\/wp\/v2\/comments?post=143257"}],"version-history":[{"count":0,"href":"http:\/\/joelaybar.com\/wp\/wp-json\/wp\/v2\/posts\/143257\/revisions"}],"wp:featuredmedia":[{"embeddable":true,"href":"http:\/\/joelaybar.com\/wp\/wp-json\/wp\/v2\/media\/143252"}],"wp:attachment":[{"href":"http:\/\/joelaybar.com\/wp\/wp-json\/wp\/v2\/media?parent=143257"}],"wp:term":[{"taxonomy":"category","embeddable":true,"href":"http:\/\/joelaybar.com\/wp\/wp-json\/wp\/v2\/categories?post=143257"},{"taxonomy":"post_tag","embeddable":true,"href":"http:\/\/joelaybar.com\/wp\/wp-json\/wp\/v2\/tags?post=143257"}],"curies":[{"name":"wp","href":"https:\/\/api.w.org\/{rel}","templated":true}]}}