{"id":143298,"date":"2026-04-27T10:25:00","date_gmt":"2026-04-27T10:25:00","guid":{"rendered":"http:\/\/joelaybar.com\/wp\/2026\/04\/27\/huelga-en-el-cibao-inicia-con-comercio-parcial-y-vigilancia-militar\/"},"modified":"2026-04-27T10:25:00","modified_gmt":"2026-04-27T10:25:00","slug":"huelga-en-el-cibao-inicia-con-comercio-parcial-y-vigilancia-militar","status":"publish","type":"post","link":"http:\/\/joelaybar.com\/wp\/2026\/04\/27\/huelga-en-el-cibao-inicia-con-comercio-parcial-y-vigilancia-militar\/","title":{"rendered":"Huelga en el Cibao inicia con comercio parcial y vigilancia militar"},"content":{"rendered":"<p>El <strong>comercio parcialmente cerrado<\/strong>, las principales v\u00edas despejadas y la estricta <strong>vigilancia policial y militar<\/strong> marcan las primeras horas de la <strong>huelga<\/strong> convocada por la <strong>Coalici\u00f3n de Organizaciones Sociales y Populares del Cibao<\/strong> en varios municipios de la regi\u00f3n Norte del pa\u00eds.<\/p>\n<p>La jornada se desarrolla en localidades como <strong>Licey al Medio<\/strong>, <strong>Navarrete<\/strong>, <strong>San Francisco de Macor\u00eds<\/strong> y comunidades de la provincia <strong>Espaillat<\/strong>, donde se reporta una <strong>paralizaci\u00f3n parcial<\/strong> de las actividades comerciales, educativas y del transporte.<\/p>\n<p>En <strong>Licey al Medio<\/strong>, <strong>manifestantes incendiaron neum\u00e1ticos<\/strong> y lanzaron escombros en las <strong>v\u00edas alternas<\/strong> durante la madrugada, mientras que la calle principal de ese municipio permanece vigilada por <strong>agentes policiales y militares<\/strong>.<\/p>\n<p>El <strong>general Jes\u00fas Tejada Tejada<\/strong>, director de la Polic\u00eda Nacional en Santiago, garantiz\u00f3 la paz y la seguridad de la poblaci\u00f3n durante la jornada. \u201cEstamos aqu\u00ed para prevenir y garantizar que la poblaci\u00f3n pueda transitar y trabajar con seguridad\u201d, asegur\u00f3.<\/p>\n<p>En <strong>Navarrete<\/strong>, el panorama es similar al de <strong>Licey al Medio<\/strong>, con presencia de escombros en algunas v\u00edas, pero <strong>sin bloqueos<\/strong> en las calles.\u00a0<\/p>\n<div class=\"w-full pt-2 float-left inside-related\">    <span class=\"border-b border-black pb-3 mb-4 block\"><strong>RELACIONADAS<\/strong><\/span>                                \n<div class=\"xl:w-2\/12 w-4\/12\">                                                                        <a href=\"https:\/\/www.diariolibre.com\/actualidad\/nacional\/2025\/12\/01\/paros-cibao-diciembre-2023-comunidades-exigen-obras-sociales\/3363565?utm_source=relacionadas&amp;utm_medium=nota&amp;utm_campaign=relacionadas\" title=\"                                                                                                                            \">                                                                                                                            <\/a>                                                            <\/div>\n<div class=\"xl:w-10\/12 w-8\/12 pl-3\">\n<div class=\"text-md mb-2 meta\">                        <a href=\"https:\/\/www.diariolibre.com\/actualidad\/nacional\" title=\"Nacional\">Nacional<\/a>                    <\/div>\n<h2><a href=\"https:\/\/www.diariolibre.com\/actualidad\/nacional\/2025\/12\/01\/paros-cibao-diciembre-2023-comunidades-exigen-obras-sociales\/3363565?utm_source=relacionadas&amp;utm_medium=nota&amp;utm_campaign=relacionadas\" title=\"Organizaciones realizan paros simult\u00e1neos en pueblos del Cibao en reclamo de obras sociales\">Organizaciones realizan paros simult\u00e1neos en pueblos del Cibao en reclamo de obras sociales<\/a><\/h2>\n<\/div>\n<\/div>\n<h2>Ambiente en\u00a0\u00a0<strong>San Francisco<\/strong><\/h2>\n<p>En <strong>San Francisco de Macor\u00eds<\/strong>, la situaci\u00f3n es de tranquilidad, con <strong>circulaci\u00f3n vehicular normal<\/strong> en avenidas como la Libertad, aunque la mayor\u00eda de los <strong>comercios<\/strong> no ha abierto.<\/p>\n<p><strong>Agentes policiales y militares<\/strong> se mantienen apostados en esquinas y <strong>zonas estrat\u00e9gicas<\/strong>, sin reportes de incidentes.<\/p>\n<p>En comunidades de <strong>Espaillat<\/strong>, el paro se cumple en m\u00e1s de un 90 %, seg\u00fan el dirigente <strong>Juan Compr\u00e9<\/strong>, quien asegura que los <strong>comercios cerrados<\/strong>, el transporte paralizado y la suspensi\u00f3n de clases reflejan el respaldo a la protesta.<\/p>\n<p>La jornada en la provincia <strong>Espaillat<\/strong> est\u00e1 motivada por reclamos dirigidos al <strong>Ministerio de Obras P\u00fablicas<\/strong> y Comunicaciones ante presuntos incumplimientos en la ejecuci\u00f3n de obras viales prometidas.<\/p>\n<p>En las dem\u00e1s demarcaciones, la protesta se centra en el alto costo de la vida, las deficiencias en los servicios b\u00e1sicos y la falta de empleos. Asimismo, los manifestantes exigen la rebaja de los combustibles y de los medicamentos, la construcci\u00f3n de hospitales dignos y rechazan la exploraci\u00f3n minera en la Cordillera Septentrional.<\/p>\n<p>La <strong>huelga<\/strong> inici\u00f3 a las 6:00 de la ma\u00f1ana de este <strong>lunes<\/strong> y est\u00e1 prevista que concluya a la misma hora del martes.<\/p>\n<div class=\"w-full pt-2 float-left inside-related\">    <span class=\"border-b border-black pb-3 mb-4 block\"><strong>RELACIONADAS<\/strong><\/span>                                \n<div class=\"xl:w-2\/12 w-4\/12\">                                                                        <a href=\"https:\/\/www.diariolibre.com\/actualidad\/sucesos\/2023\/11\/13\/huelga-en-el-cibao-grupos-denuncian-apresamientos\/2521779?utm_source=relacionadas&amp;utm_medium=nota&amp;utm_campaign=relacionadas\" title=\"                                                                                                                            \">                                                                                                                            <\/a>                                                            <\/div>\n<div class=\"xl:w-10\/12 w-8\/12 pl-3\">\n<div class=\"text-md mb-2 meta\">                        <a href=\"https:\/\/www.diariolibre.com\/actualidad\/sucesos\" title=\"Sucesos\">Sucesos<\/a>                    <\/div>\n<h2><a href=\"https:\/\/www.diariolibre.com\/actualidad\/sucesos\/2023\/11\/13\/huelga-en-el-cibao-grupos-denuncian-apresamientos\/2521779?utm_source=relacionadas&amp;utm_medium=nota&amp;utm_campaign=relacionadas\" title=\"Huelga en el Cibao se desarrolla sin grandes contratiempos\">Huelga en el Cibao se desarrolla sin grandes contratiempos<\/a><\/h2>\n<\/div>\n<\/div>\n<p><\/p>","protected":false},"excerpt":{"rendered":"<p>El comercio parcialmente cerrado, las principales v\u00edas despejadas y la estricta vigilancia policial y militar marcan las primeras horas de la huelga convocada por la Coalici\u00f3n de Organizaciones Sociales y Populares del Cibao&#8230;<\/p>\n","protected":false},"author":0,"featured_media":143299,"comment_status":"open","ping_status":"open","sticky":false,"template":"","format":"standard","meta":{"footnotes":""},"categories":[1],"tags":[],"class_list":["post-143298","post","type-post","status-publish","format-standard","has-post-thumbnail","hentry","category-sin-categoria"],"_links":{"self":[{"href":"http:\/\/joelaybar.com\/wp\/wp-json\/wp\/v2\/posts\/143298","targetHints":{"allow":["GET"]}}],"collection":[{"href":"http:\/\/joelaybar.com\/wp\/wp-json\/wp\/v2\/posts"}],"about":[{"href":"http:\/\/joelaybar.com\/wp\/wp-json\/wp\/v2\/types\/post"}],"replies":[{"embeddable":true,"href":"http:\/\/joelaybar.com\/wp\/wp-json\/wp\/v2\/comments?post=143298"}],"version-history":[{"count":0,"href":"http:\/\/joelaybar.com\/wp\/wp-json\/wp\/v2\/posts\/143298\/revisions"}],"wp:featuredmedia":[{"embeddable":true,"href":"http:\/\/joelaybar.com\/wp\/wp-json\/wp\/v2\/media\/143299"}],"wp:attachment":[{"href":"http:\/\/joelaybar.com\/wp\/wp-json\/wp\/v2\/media?parent=143298"}],"wp:term":[{"taxonomy":"category","embeddable":true,"href":"http:\/\/joelaybar.com\/wp\/wp-json\/wp\/v2\/categories?post=143298"},{"taxonomy":"post_tag","embeddable":true,"href":"http:\/\/joelaybar.com\/wp\/wp-json\/wp\/v2\/tags?post=143298"}],"curies":[{"name":"wp","href":"https:\/\/api.w.org\/{rel}","templated":true}]}}