{"id":143382,"date":"2026-04-27T20:43:00","date_gmt":"2026-04-27T20:43:00","guid":{"rendered":"http:\/\/joelaybar.com\/wp\/2026\/04\/27\/asi-mataron-a-la-bebe-en-los-girasoles-2\/"},"modified":"2026-04-27T20:43:00","modified_gmt":"2026-04-27T20:43:00","slug":"asi-mataron-a-la-bebe-en-los-girasoles-2","status":"publish","type":"post","link":"http:\/\/joelaybar.com\/wp\/2026\/04\/27\/asi-mataron-a-la-bebe-en-los-girasoles-2\/","title":{"rendered":"As\u00ed mataron a la beb\u00e9 en Los Girasoles"},"content":{"rendered":"<p>La <strong>muerte<\/strong> de la beb\u00e9\u00a0<strong>Ruth Ang\u00e9lica Mota Mart\u00ednez<\/strong>, de un a\u00f1o de edad, ocurri\u00f3 en la madrugada del pasado 21 de abril dentro de su propia vivienda a manos de su padre, <strong>Rosi Alfredo Mota Almonte<\/strong>, conocido como \u201cEl Loc\u00f3n Brake\u201d o \u201cFreddy\u201d, seg\u00fan el <strong>Ministerio P\u00fablico<\/strong>.<\/p>\n<p>De acuerdo con el expediente del <strong>\u00f3rgano acusador<\/strong>, el hecho se produjo alrededor de las <strong>6:10 de la ma\u00f1ana<\/strong>, cuando el imputado regres\u00f3 a la casa bajo los efectos de <strong>sustancias controladas<\/strong>, luego de haber pasado la noche en la residencia de una mujer identificada como <strong>C.V.<\/strong><\/p>\n<p>En ese momento, la menor se encontraba llorando junto a sus hermanos. Seg\u00fan la acusaci\u00f3n, esta situaci\u00f3n provoc\u00f3 una <strong>reacci\u00f3n violenta<\/strong> del hombre, quien procedi\u00f3 a <strong>asfixiarla<\/strong> por sofocaci\u00f3n, caus\u00e1ndole la <strong>muerte<\/strong> dentro de la vivienda.<\/p>\n<div class=\"w-full pt-2 float-left inside-related\">    <span class=\"border-b border-black pb-3 mb-4 block\"><strong>RELACIONADAS<\/strong><\/span>                                \n<div class=\"xl:w-2\/12 w-4\/12\">                                                                        <a href=\"https:\/\/www.diariolibre.com\/actualidad\/sucesos\/2026\/04\/22\/dolor-e-incertidumbre-por-bebe-muerta-en-los-girasoles\/3510769?utm_source=relacionadas&amp;utm_medium=nota&amp;utm_campaign=relacionadas\" title=\"                                                                                                                            \">                                                                                                                            <\/a>                                                            <\/div>\n<div class=\"xl:w-10\/12 w-8\/12 pl-3\">\n<div class=\"text-md mb-2 meta\">                        <a href=\"https:\/\/www.diariolibre.com\/actualidad\/sucesos\" title=\"Sucesos\">Sucesos<\/a>                    <\/div>\n<h2><a href=\"https:\/\/www.diariolibre.com\/actualidad\/sucesos\/2026\/04\/22\/dolor-e-incertidumbre-por-bebe-muerta-en-los-girasoles\/3510769?utm_source=relacionadas&amp;utm_medium=nota&amp;utm_campaign=relacionadas\" title=\"Hallazgo de ni\u00f1a sin vida deja dolor y preguntas en Los Girasoles\">Hallazgo de ni\u00f1a sin vida deja dolor y preguntas en Los Girasoles<\/a><\/h2>\n<\/div>\n<div class=\"xl:w-2\/12 w-4\/12\">                                                                        <a href=\"https:\/\/www.diariolibre.com\/actualidad\/sucesos\/2026\/04\/23\/arrestan-padre-de-bebe-muerta-en-los-girasoles\/3511933?utm_source=relacionadas&amp;utm_medium=nota&amp;utm_campaign=relacionadas\" title=\"                                                                                                                            \">                                                                                                                            <\/a>                                                            <\/div>\n<div class=\"xl:w-10\/12 w-8\/12 pl-3\">\n<div class=\"text-md mb-2 meta\">                        <a href=\"https:\/\/www.diariolibre.com\/actualidad\/sucesos\" title=\"Sucesos\">Sucesos<\/a>                    <\/div>\n<h2><a href=\"https:\/\/www.diariolibre.com\/actualidad\/sucesos\/2026\/04\/23\/arrestan-padre-de-bebe-muerta-en-los-girasoles\/3511933?utm_source=relacionadas&amp;utm_medium=nota&amp;utm_campaign=relacionadas\" title=\"Arrestan al padre de ni\u00f1a hallada muerta en ca\u00f1ada de Los Girasoles\">Arrestan al padre de ni\u00f1a hallada muerta en ca\u00f1ada de Los Girasoles<\/a><\/h2>\n<\/div>\n<div class=\"xl:w-2\/12 w-4\/12\">                                                                        <a href=\"https:\/\/www.diariolibre.com\/actualidad\/justicia\/2026\/04\/27\/prision-preventiva-contra-hombre-por-muerte-de-bebe-en-los-girasoles\/3515666?utm_source=relacionadas&amp;utm_medium=nota&amp;utm_campaign=relacionadas\" title=\"                                                                                                                            \">                                                                                                                            <\/a>                                                            <\/div>\n<div class=\"xl:w-10\/12 w-8\/12 pl-3\">\n<div class=\"text-md mb-2 meta\">                        <a href=\"https:\/\/www.diariolibre.com\/actualidad\/justicia\" title=\"Justicia\">Justicia<\/a>                    <\/div>\n<h2><a href=\"https:\/\/www.diariolibre.com\/actualidad\/justicia\/2026\/04\/27\/prision-preventiva-contra-hombre-por-muerte-de-bebe-en-los-girasoles\/3515666?utm_source=relacionadas&amp;utm_medium=nota&amp;utm_campaign=relacionadas\" title=\"Tribunal dicta prisi\u00f3n preventiva contra hombre acusado de matar a su hija en Los Girasoles\">Tribunal dicta prisi\u00f3n preventiva contra hombre acusado de matar a su hija en Los Girasoles<\/a><\/h2>\n<\/div>\n<\/div>\n<p>Posteriormente, aproximadamente a las <strong>7:00 de la ma\u00f1ana<\/strong>, el imputado introdujo el <strong>cuerpo sin vida<\/strong> de la peque\u00f1a en un <strong>bulto color rosa<\/strong>. Luego sali\u00f3 de la casa y se dirigi\u00f3 a la residencia de C.V., donde tom\u00f3 una manta color morada con la cual envolvi\u00f3 el <strong>cad\u00e1ver<\/strong>.<\/p>\n<p>Despu\u00e9s <strong>lanz\u00f3 el cuerpo<\/strong> en una <strong>ca\u00f1ada cercana<\/strong> a la referida vivienda.<\/p>\n<p>Minutos despu\u00e9s de cometer el hecho, alrededor de las <strong>7:15 de la ma\u00f1ana<\/strong>, el hombre regres\u00f3 a la casa de C.V., <strong>preguntando por ella<\/strong>, a pesar de tener conocimiento -seg\u00fan el expediente del <strong>Ministerio P\u00fablico<\/strong>&#8211; de que ya hab\u00eda salido a su <strong>lugar de trabajo<\/strong>.<\/p>\n<p>\u201cHab\u00edan pasado la noche juntos y esta le hab\u00eda solicitado que deb\u00eda <strong>retirarse temprano<\/strong> de su casa, ya que ten\u00eda que ir a su <strong>lugar de trabajo<\/strong> a las <strong>7:00 de la ma\u00f1ana<\/strong>\u201d, estableci\u00f3 el \u00f3rgano acusador en el documento.\u00a0<\/p>\n<p>    M\u00e1s tarde, aproximadamente a las <strong>10:30 de la ma\u00f1ana<\/strong>, \u201cEl Loc\u00f3n Brake\u201d volvi\u00f3\u00a0<strong>nuevamente al lugar y pregunt\u00f3 a <\/strong>una <strong>adolescente <\/strong>si hab\u00eda visto a su hija, alegando que estaba desaparecida, lo que dio inicio a una b\u00fasqueda en el sector, sin dar <strong>con su paradero<\/strong>.\u00a0<\/p>\n<p>Tras difundirse la <strong>desaparici\u00f3n<\/strong>, comunitarios se unieron a la b\u00fasqueda. Fue alrededor de la <strong>1:30 de la tarde<\/strong> cuando varios ni\u00f1os que transitaban por la ca\u00f1ada observaron un <strong>bulto sospechoso<\/strong>. Al acercarlo con un palo, descubrieron dentro del mismo el <strong>cuerpo sin vida<\/strong> de la menor.<\/p>\n<p>De inmediato, los residentes dieron la voz de alerta y notificaron a la <strong>Polic\u00eda Nacional<\/strong>. Al lugar se presentaron agentes del <strong>Departamento de Homicidios<\/strong> junto al <strong>Ministerio P\u00fablico<\/strong>, quienes realizaron el levantamiento del <strong>cad\u00e1ver<\/strong> y lo trasladaron al Instituto Nacional de Ciencias Forenses (<strong>Inacif<\/strong>).<\/p>\n<p>Durante las investigaciones, varios, cuyo nombre se hace reserva para proteger su integridad<strong>,<\/strong>\u00a0indicaron que d\u00edas antes el imputado hab\u00eda estado en posesi\u00f3n de un bulto con caracter\u00edsticas similares al utilizado para ocultar el cuerpo.\u00a0<\/p>\n<p>Asimismo, <strong>C.V.\u00a0<\/strong>declar\u00f3 que hab\u00eda desechado un <strong>bulto rosado<\/strong> parecido y que la manta encontrada hab\u00eda sido lavada por ella un d\u00eda antes del hecho.<\/p>\n<h2><strong>Tres meses<\/strong> de <strong>prisi\u00f3n preventiva<\/strong>\u00a0<\/h2>\n<p>Este lunes, la Oficina Judicial de Servicios de Atenci\u00f3n Permanente del Distrito Nacional impuso <strong>tres meses<\/strong> de <strong>prisi\u00f3n preventiva<\/strong> a Rosi Alfredo, quien deber\u00e1 cumplir la medida en el <strong>Centro de Correcci\u00f3n<\/strong> y Rehabilitaci\u00f3n (CCR-XXVII) Najayo Hombres.<\/p>\n<p>La <strong>jueza Lissa Veras<\/strong>, del citado tribunal, dispuso la revisi\u00f3n de la medida de coerci\u00f3n para el imputado el viernes <strong>17 de julio<\/strong> de 2026.<\/p>\n<p>El imputado fue <strong>arrestado<\/strong> el <strong>23 de abril<\/strong> de 2026, en cumplimiento de una <strong>orden judicial<\/strong> emitida por la Oficina de Atenci\u00f3n Permanente del Distrito Nacional.<\/p>\n<h2>Calificaci\u00f3n jur\u00eddica\u00a0<\/h2>\n<p>El <strong>Ministerio P\u00fablico<\/strong> ha calificado el caso como violaci\u00f3n a los art\u00edculos 295 y 304-II del <strong>C\u00f3digo Penal Dominicano<\/strong>, que sanciona, el primero, el homicidio voluntario y lo define como: \u00abEl que voluntariamente mata a otro, se hace reo de homicidio\u00bb. Mientras que el segundo establece el castigo para el homicidio, determinando en su segunda parte (304-II) una pena de 30 a\u00f1os de trabajos p\u00fablicos si el homicidio sigue, acompa\u00f1a o precede a otro crimen.<\/p>\n<p>as\u00ed como a los art\u00edculos 3, 12, 13, 462 y 463 de la <strong>Ley 136-03<\/strong> sobre protecci\u00f3n de los derechos de ni\u00f1os, ni\u00f1as y adolescentes, relativos al derecho a la vida y a su protecci\u00f3n.<\/p>","protected":false},"excerpt":{"rendered":"<p>La muerte de la beb\u00e9\u00a0Ruth Ang\u00e9lica Mota Mart\u00ednez, de un a\u00f1o de edad, ocurri\u00f3 en la madrugada del pasado 21 de abril dentro de su propia vivienda a manos de su padre, Rosi&#8230;<\/p>\n","protected":false},"author":0,"featured_media":143377,"comment_status":"open","ping_status":"open","sticky":false,"template":"","format":"standard","meta":{"footnotes":""},"categories":[1],"tags":[],"class_list":["post-143382","post","type-post","status-publish","format-standard","has-post-thumbnail","hentry","category-sin-categoria"],"_links":{"self":[{"href":"http:\/\/joelaybar.com\/wp\/wp-json\/wp\/v2\/posts\/143382","targetHints":{"allow":["GET"]}}],"collection":[{"href":"http:\/\/joelaybar.com\/wp\/wp-json\/wp\/v2\/posts"}],"about":[{"href":"http:\/\/joelaybar.com\/wp\/wp-json\/wp\/v2\/types\/post"}],"replies":[{"embeddable":true,"href":"http:\/\/joelaybar.com\/wp\/wp-json\/wp\/v2\/comments?post=143382"}],"version-history":[{"count":0,"href":"http:\/\/joelaybar.com\/wp\/wp-json\/wp\/v2\/posts\/143382\/revisions"}],"wp:featuredmedia":[{"embeddable":true,"href":"http:\/\/joelaybar.com\/wp\/wp-json\/wp\/v2\/media\/143377"}],"wp:attachment":[{"href":"http:\/\/joelaybar.com\/wp\/wp-json\/wp\/v2\/media?parent=143382"}],"wp:term":[{"taxonomy":"category","embeddable":true,"href":"http:\/\/joelaybar.com\/wp\/wp-json\/wp\/v2\/categories?post=143382"},{"taxonomy":"post_tag","embeddable":true,"href":"http:\/\/joelaybar.com\/wp\/wp-json\/wp\/v2\/tags?post=143382"}],"curies":[{"name":"wp","href":"https:\/\/api.w.org\/{rel}","templated":true}]}}