{"id":143435,"date":"2026-04-28T00:02:00","date_gmt":"2026-04-28T00:02:00","guid":{"rendered":"http:\/\/joelaybar.com\/wp\/2026\/04\/28\/una-joven-arquitecta-en-el-diseno-de-la-historica-calle-el-conde-8\/"},"modified":"2026-04-28T00:02:00","modified_gmt":"2026-04-28T00:02:00","slug":"una-joven-arquitecta-en-el-diseno-de-la-historica-calle-el-conde-8","status":"publish","type":"post","link":"http:\/\/joelaybar.com\/wp\/2026\/04\/28\/una-joven-arquitecta-en-el-diseno-de-la-historica-calle-el-conde-8\/","title":{"rendered":"Una joven arquitecta en el dise\u00f1o de la hist\u00f3rica calle El Conde"},"content":{"rendered":"<p>La <strong>Ciudad Colonial<\/strong> resguarda en sus muros y calles la <strong>historia<\/strong> de una naci\u00f3n forjada a lo largo de siglos de transformaciones y que contin\u00faa con uno de proyectos urbanos m\u00e1s ambiciosos de los \u00faltimos a\u00f1os: su <strong>revitalizaci\u00f3n integral.<\/strong> En el coraz\u00f3n de esta iniciativa se destaca la emblem\u00e1tica <strong>calle El Conde<\/strong> que m\u00e1s que una renovaci\u00f3n est\u00e9tica, se busca recuperar su esencia como un espacio vivo, din\u00e1mico y humano. <\/p>\n<p>Aqu\u00ed la <strong>historia<\/strong> late en cada piedra, \u00e1rbol y centenarias edificaciones que rememoran importantes episodios de la vida del dominicano y que encuentra continuidad en la <strong>arquitecta Elsa Taveras<\/strong> y su equipo de la <strong>Red Caribe\u00f1a de Urbanismo<\/strong> y <strong>Arquitectura<\/strong> (<strong>Recua<\/strong>).<\/p>\n<p>Entrevistada en el <strong>Di\u00e1logo Libre<\/strong>, esta mujer, de 42 a\u00f1os, egresada de la Universidad Aut\u00f3noma de <strong>Santo Domingo<\/strong>, asumi\u00f3 el reto de redise\u00f1ar uno de los espacios m\u00e1s simb\u00f3licos del pa\u00eds: la <strong>calle El Conde<\/strong>.<\/p>\n<p> Con m\u00e1s de 20 a\u00f1os de experiencia y una profunda <strong>conexi\u00f3n emocional<\/strong> con la zona desde ni\u00f1a, Taveras representa una nueva generaci\u00f3n de profesionales que entiende la ciudad no solo como un conjunto de edificaciones, sino como un <strong>organismo social<\/strong> en constante evoluci\u00f3n.<\/p>\n<p> El proyecto que lidera surge a partir de un concurso internacional celebrado en 2022, en el que participaron <strong>firmas de alto nivel<\/strong> de diversas partes del mundo.<\/p>\n<div class=\"my-12 component gallery relative small-slider\">\n<div class=\"slider-container\">\n<div class=\"expand-img-placeholder\"><span class=\"rutaimagenoriginal-placeholder\">https:\/\/resources.diariolibre.com\/images\/2026\/04\/27\/2f3a0467-b2728d20.jpg<\/span><\/div>\n<p><span>El Banco Interamericano de Desarrollo junto al Ministerio de Turismo intervienen la Ciudad Colonial.<\/span><span> (<strong>DIARIO LIBRE\/DANIA ACEVEDO<\/strong>)<\/span><\/p>\n<div class=\"expand-img-placeholder\"><span class=\"rutaimagenoriginal-placeholder\">https:\/\/resources.diariolibre.com\/images\/2026\/04\/27\/la-alcaldia-junto-a-la-alcaldesa-del-distrito-carolina-mejia-da-el&#8211;primer-picazo-del-parqueo-de-la-jose-reyes202604200027-4a7b1560.jpg<\/span><\/div>\n<p><span>Momento en que la alcaldesa Carolina Mej\u00eda, Elsa Taveras y otras personalidades dan inicio a la construcci\u00f3n del parqueo de la Jos\u00e9 Reyes.<\/span><span> (<strong>DIARIO LIBRE\/DANIA ACEVEDO<\/strong>)<\/span><\/p>\n<div class=\"expand-img-placeholder\"><span class=\"rutaimagenoriginal-placeholder\">https:\/\/resources.diariolibre.com\/images\/2026\/04\/27\/270426&#8211;elsa-taveras-recua-009-a801fc7c.jpg<\/span><\/div>\n<p><span>Elsa Taveras en el Di\u00e1logo Libre.<\/span><span> (<strong>DIARIO LIBRE\/NELSON PULIDO<\/strong>)<\/span>    <\/p><\/div>\n<div class=\"slider-arrows\">\n<div class=\"slider-arrow prev\">\u2039<\/div>\n<div class=\"slider-arrow next\">\u203a<\/div>\n<\/div>\n<\/div>\n<p>La propuesta de su equipo result\u00f3 ganadora, en gran medida, por su <strong>enfoque integral<\/strong> y su capacidad de interpretar la <strong>Ciudad Colonial<\/strong> desde dentro, no como un museo est\u00e1tico, sino como un <strong>espacio habitado<\/strong>, cargado de identidad y significado.<\/p>\n<p>\u201cLa <strong>calle El Conde<\/strong>, por ejemplo, siempre fue un espacio de <strong>innovaci\u00f3n arquitect\u00f3nica<\/strong>. All\u00ed estuvieron edificaciones pioneras, como el primer edificio con ascensor del pa\u00eds y estructuras modernas emblem\u00e1ticas como el <strong>edificio Copello<\/strong>\u201d, refiere.<\/p>\n<h2>Consenso con sectores<\/h2>\n<p>Uno de los aspectos m\u00e1s relevantes del proyecto es su <strong>enfoque participativo<\/strong>. Desde el inicio, el equipo se involucr\u00f3 con <strong>residentes<\/strong>, <strong>comerciantes<\/strong>, artistas y visitantes para comprender las din\u00e1micas reales del lugar.<\/p>\n<p>A trav\u00e9s de <strong>talleres<\/strong>, <strong>encuentros comunitarios<\/strong> y <strong>actividades culturales<\/strong>, lograron construir una propuesta que responde a las necesidades de quienes viven y transitan diariamente por la zona.<\/p>\n<p>Este proceso permiti\u00f3 identificar problem\u00e1ticas clave: el <strong>deterioro<\/strong> de edificaciones, la falta de infraestructura adecuada, el abandono de inmuebles hist\u00f3ricos y la disminuci\u00f3n de <strong>residentes<\/strong> en \u00e1reas como El Conde. <\/p>\n<div class=\"my-12 component web-insert-bullet relative border bg-component\">    <span class=\"text-xl block my-3 component-title glosa\"><strong><\/strong><\/span>        \n<p>Seg\u00fan los estudios realizados, muchas propiedades se encuentran en manos de m\u00faltiples herederos, lo que dificulta su intervenci\u00f3n y recuperaci\u00f3n. La propuesta plantea soluciones concretas a estos desaf\u00edos. En el caso de El Conde, se busca transformar la v\u00eda en un eje urbano moderno sin perder su esencia hist\u00f3rica.<\/p>\n<\/div>\n<p>\u00a0<\/p>\n<p>El proyecto incluye mejoras en el sistema de drenaje para evitar inundaciones, renovaci\u00f3n total de redes sanitarias y el\u00e9ctricas, incorporaci\u00f3n de <strong>\u00e1reas verdes<\/strong> y \u00e1rboles para mitigar el calor, y un sistema de iluminaci\u00f3n que resalte las fachadas y fortalezca la seguridad.<\/p>\n<p>La profesional de la <strong>arquitectura<\/strong> se propone un <strong>itinerario hist\u00f3rico<\/strong> integrado en el dise\u00f1o urbano, donde los transe\u00fantes puedan conocer la <strong>historia<\/strong> del lugar a trav\u00e9s de <strong>elementos interactivos<\/strong> en el pavimento y <strong>se\u00f1alizaci\u00f3n informativa<\/strong>. <\/p>\n<p>\u201cLa idea es que la calle misma cuente su <strong>historia<\/strong>, convirti\u00e9ndose en un <strong>espacio educativo<\/strong> y cultural <strong>accesible<\/strong> para todos\u201d, cuenta. De acuerdo con Taveras, el proyecto de El Conde no solo representa una <strong>intervenci\u00f3n urbana<\/strong>, sino una oportunidad hist\u00f3rica para redefinir la relaci\u00f3n entre pasado y presente.<\/p>\n<p> En un mundo donde muchas ciudades luchan por preservar su identidad frente al desarrollo, <strong>Santo Domingo<\/strong> tiene la posibilidad de demostrar que es posible <strong>crecer<\/strong> sin olvidar sus <strong>ra\u00edces<\/strong>.<\/p>\n<p>    <span class=\"block mb-2\"><strong>Te puede interesar<\/strong><\/span>                <\/p>\n<h2><a href=\"https:\/\/www.diariolibre.com\/actualidad\/ciudad\/2026\/04\/21\/carolina-inicia-construccion-de-parqueo-en-la-calle-jose-reyes\/3508664?utm_source=relacionadas&amp;utm_medium=nota&amp;utm_campaign=relacionadas\" title=\"Alcald\u00eda inicia construcci\u00f3n del parqueo de la Jos\u00e9 Reyes tras a\u00f1os de cierre y disputas legales\">Alcald\u00eda inicia construcci\u00f3n del parqueo de la Jos\u00e9 Reyes tras a\u00f1os de cierre y disputas legales<\/a><\/h2>\n<h2><strong>Un moderno parqueo<\/strong><\/h2>\n<p>Un componente clave en la <strong>Ciudad Colonial<\/strong> es la construcci\u00f3n de un moderno edificio de parqueos en la <strong>calle Jos\u00e9 Reyes<\/strong>. Este proyecto no solo busca resolver el problema de estacionamiento, sino tambi\u00e9n convertirse en un <strong>espacio p\u00fablico vertical<\/strong>.<\/p>\n<p>Con m\u00e1s de <strong>240 plazas<\/strong>, <strong>\u00e1reas comerciales<\/strong>, oficinas, servicios sanitarios y un mirador en su azotea, el edificio funcionar\u00e1 como un punto de conexi\u00f3n entre la ciudad contempor\u00e1nea y la hist\u00f3rica. <\/p>\n<p>El dise\u00f1o del parqueo incluye una <strong>fachada transitable<\/strong>, con <strong>balcones<\/strong> que permiten apreciar la <strong>Ciudad Colonial<\/strong> desde diferentes alturas. Adem\u00e1s, se integrar\u00e1 un <strong>itinerario cultural<\/strong> que enriquecer\u00e1 la experiencia de los visitantes, combinando funcionalidad con valor simb\u00f3lico.<\/p>\n<h2><strong>Retos y desaf\u00edos <\/strong><\/h2>\n<p>Uno de los mayores retos sigue siendo la recuperaci\u00f3n de edificaciones abandonadas. Muchas de estas estructuras, aunque valiosas desde el punto de vista patrimonial, presentan un avanzado estado de <strong>deterioro<\/strong>. La falta de mantenimiento, sumada a la <strong>complejidad legal<\/strong> de su propiedad, limita las posibilidades de intervenci\u00f3n.<\/p>\n<p>Ante esta situaci\u00f3n, se han planteado recomendaciones como la declaraci\u00f3n de <strong>utilidad p\u00fablica<\/strong> de ciertos inmuebles, lo que permitir\u00eda su <strong>adquisici\u00f3n<\/strong> y transformaci\u00f3n en <strong>espacios culturales<\/strong>, residencias art\u00edsticas. La intenci\u00f3n es devolverles la vida y reintegrarlos al tejido urbano.<\/p>\n<p>La visi\u00f3n de Taveras y su equipo no se limita a lo f\u00edsico. Para ellos, el verdadero \u00e9xito del proyecto radica en lograr que la <strong>Ciudad Colonial<\/strong> vuelva a ser un <strong>espacio habitado<\/strong>, donde convivan distintas <strong>generaciones<\/strong>, actividades econ\u00f3micas y <strong>expresiones culturales<\/strong>. <\/p>\n<p>En ese sentido, el fortalecimiento de la comunidad residente es fundamental. Proveer <strong>servicios adecuados<\/strong>, mejorar la calidad de vida y generar <strong>oportunidades econ\u00f3micas<\/strong> son elementos clave para atraer nuevos habitantes y retener a los actuales. La ciudad, insisten, debe ser vivida, no solo visitada.<\/p>\n<div class=\"expand-img-placeholder\"><span class=\"rutaimagenoriginal-placeholder\">https:\/\/resources.diariolibre.com\/images\/2026\/04\/28\/una-joven-arquitecta-en-el-diseno-de-la-historica-calle-el-conde-831578df-54bc9833.jpg<\/span><\/div>\n<p><span>La emblem\u00e1tica calle El Conde ser\u00e1 sometida a redise\u00f1o.<\/span><span> (<strong>DIARIO LIBRE\/NELSON PULIDO<\/strong>)<\/span><\/p>\n<h2><strong>Mejor\u00a0 calidad de vida<\/strong><\/h2>\n<p>\u201cUna <strong>Ciudad Colonial<\/strong> revitalizada tiene el potencial de convertirse en una <strong>marca pa\u00eds<\/strong>, un referente internacional de c\u00f3mo integrar <strong>patrimonio<\/strong>, innovaci\u00f3n y <strong>desarrollo sostenible<\/strong>\u201d, asegura Taveras. La inversi\u00f3n en <strong>infraestructura urbana<\/strong> de calidad no solo mejora la experiencia del usuario, sino que tambi\u00e9n genera un <strong>retorno econ\u00f3mico<\/strong> significativo.<\/p>\n<p>La apuesta es clara: crear espacios que inspiren <strong>respeto<\/strong>, <strong>apropiaci\u00f3n<\/strong> y <strong>orgullo<\/strong>. Como se\u00f1ala Taveras, los espacios influyen en el comportamiento de las personas. Un entorno bien dise\u00f1ado, seguro y atractivo fomenta din\u00e1micas positivas, impulsa la actividad econ\u00f3mica y fortalece el sentido de pertenencia.<\/p>\n<p>La revitalizaci\u00f3n de la <strong>calle El Conde<\/strong> y su entorno es un acto de reconciliaci\u00f3n con la <strong>historia<\/strong>. Un esfuerzo por honrar lo que fue, mientras se construye lo que ser\u00e1.<\/p>\n<p>\u00a0<\/p>","protected":false},"excerpt":{"rendered":"<p>La Ciudad Colonial resguarda en sus muros y calles la historia de una naci\u00f3n forjada a lo largo de siglos de transformaciones y que contin\u00faa con uno de proyectos urbanos m\u00e1s ambiciosos de&#8230;<\/p>\n","protected":false},"author":0,"featured_media":143399,"comment_status":"open","ping_status":"open","sticky":false,"template":"","format":"standard","meta":{"footnotes":""},"categories":[1],"tags":[],"class_list":["post-143435","post","type-post","status-publish","format-standard","has-post-thumbnail","hentry","category-sin-categoria"],"_links":{"self":[{"href":"http:\/\/joelaybar.com\/wp\/wp-json\/wp\/v2\/posts\/143435","targetHints":{"allow":["GET"]}}],"collection":[{"href":"http:\/\/joelaybar.com\/wp\/wp-json\/wp\/v2\/posts"}],"about":[{"href":"http:\/\/joelaybar.com\/wp\/wp-json\/wp\/v2\/types\/post"}],"replies":[{"embeddable":true,"href":"http:\/\/joelaybar.com\/wp\/wp-json\/wp\/v2\/comments?post=143435"}],"version-history":[{"count":0,"href":"http:\/\/joelaybar.com\/wp\/wp-json\/wp\/v2\/posts\/143435\/revisions"}],"wp:featuredmedia":[{"embeddable":true,"href":"http:\/\/joelaybar.com\/wp\/wp-json\/wp\/v2\/media\/143399"}],"wp:attachment":[{"href":"http:\/\/joelaybar.com\/wp\/wp-json\/wp\/v2\/media?parent=143435"}],"wp:term":[{"taxonomy":"category","embeddable":true,"href":"http:\/\/joelaybar.com\/wp\/wp-json\/wp\/v2\/categories?post=143435"},{"taxonomy":"post_tag","embeddable":true,"href":"http:\/\/joelaybar.com\/wp\/wp-json\/wp\/v2\/tags?post=143435"}],"curies":[{"name":"wp","href":"https:\/\/api.w.org\/{rel}","templated":true}]}}