{"id":143477,"date":"2026-04-28T11:59:00","date_gmt":"2026-04-28T11:59:00","guid":{"rendered":"http:\/\/joelaybar.com\/wp\/2026\/04\/28\/empleado-del-inabie-desaparecido-hallado-muerto-en-villa-mella\/"},"modified":"2026-04-28T11:59:00","modified_gmt":"2026-04-28T11:59:00","slug":"empleado-del-inabie-desaparecido-hallado-muerto-en-villa-mella","status":"publish","type":"post","link":"http:\/\/joelaybar.com\/wp\/2026\/04\/28\/empleado-del-inabie-desaparecido-hallado-muerto-en-villa-mella\/","title":{"rendered":"Empleado del Inabie desaparecido hallado muerto en Villa Mella"},"content":{"rendered":"<p> Fue hallado sin vida <strong>C\u00e1ndido Figueroa de los Santos<\/strong>, de 45 a\u00f1os, empleado del Instituto Nacional de Bienestar Estudiantil (Inabie), quien hab\u00eda sido reportado como desaparecido en <strong>Villa Mella<\/strong>.<\/p>\n<p>    El cuerpo fue localizado la noche del lunes 27 de abril en el sector <strong>Los Guaricanos<\/strong>, Santo Domingo Norte, en el interior de una vivienda en construcci\u00f3n, seg\u00fan informes preliminares.<\/p>\n<p>El vocero de la <strong>Polic\u00eda Nacional<\/strong>, <strong>Diego Pesqueira<\/strong>, inform\u00f3 que el hallazgo se produjo tras varios d\u00edas de b\u00fasqueda, con apoyo del <strong>Sistema Nacional de Atenci\u00f3n a Emergencias y Seguridad 9-1-1<\/strong>.<\/p>\n<p>    <span class=\"block mb-2\"><strong>Te puede interesar<\/strong><\/span>                <\/p>\n<h2><a href=\"https:\/\/www.diariolibre.com\/actualidad\/sucesos\/2025\/10\/30\/encuentran-cuerpo-calcinado-podria-ser-de-joven-desaparecido-en-bavaro\/3296027?utm_source=relacionadas&amp;utm_medium=nota&amp;utm_campaign=relacionadas\" title=\"Hallan cuerpo calcinado en La Altagracia; presumen es de joven desaparecido en B\u00e1varo\">Hallan cuerpo calcinado en La Altagracia; presumen es de joven desaparecido en B\u00e1varo<\/a><\/h2>\n<h2><a href=\"https:\/\/www.diariolibre.com\/actualidad\/sucesos\/2025\/10\/08\/hallan-cadaver-de-modesto-marmolejos-desaparecido-en-santiago\/3270963?utm_source=relacionadas&amp;utm_medium=nota&amp;utm_campaign=relacionadas\" title=\"Hallan cad\u00e1ver de hombre luego de que esposa recibiera dinero an\u00f3nimo para comprar \u201ccaja de muerto\">Hallan cad\u00e1ver de hombre luego de que esposa recibiera dinero an\u00f3nimo para comprar \u201ccaja de muerto\u00bb<\/a><\/h2>\n<h2><a href=\"https:\/\/www.diariolibre.com\/actualidad\/sucesos\/2025\/11\/18\/hallan-hombre-muerto-en-un-batey-de-san-pedro-de-macoris\/3326517?utm_source=relacionadas&amp;utm_medium=nota&amp;utm_campaign=relacionadas\" title=\"Hallan hombre muerto con herida en la cabeza en un batey de San Pedro de Macor\u00eds\">Hallan hombre muerto con herida en la cabeza en un batey de San Pedro de Macor\u00eds<\/a><\/h2>\n<p>\u201cEn el d\u00eda de ayer lamentablemente fue encontrado el cuerpo sin vida de <strong>C\u00e1ndido Figueroa<\/strong>, de 45 a\u00f1os de edad. Por este hecho, nuestros agentes est\u00e1n actuando en estricta coordinaci\u00f3n con el <strong>Ministerio P\u00fablico<\/strong>\u201d, manifest\u00f3.<\/p>\n<h2>Acciones oficiales y estado de la investigaci\u00f3n<\/h2>\n<p>Por el hecho permanecen detenidos <strong>Yal\u00edn Carmona<\/strong>, <strong>Glenni Martinez Fr\u00eda<\/strong> y <strong>Alexander Valdez<\/strong>, quienes figuran como personas de inter\u00e9s en la investigaci\u00f3n.<\/p>\n<p><!-- ctrlPlaceHolderQuote Inicio --><\/p>\n<div class=\"mb-5 component cita\">    \u00abNuestros investigadores y ya en las pr\u00f3ximas horas estaremos dando mayores detalles. Esto est\u00e1 en una fase secreta de la investigaci\u00f3n. Esta persona est\u00e1 siendo se\u00f1alada como de inter\u00e9s en el proceso investigativo. Ya oportunamente daremos mayores detalles.\u00bb        <span class=\"author\"><strong>Diego Pesqueira<\/strong><\/span>        <span class=\"status\">Vocero de la PN<\/span>        <span class=\"cita-icon\">\u201c<\/span><\/div>\n<p><!-- ctrlPlaceHolderQuote Final --><\/p>\n<p>Al ser consultado sobre posibles <strong>hip\u00f3tesis o v\u00ednculos <\/strong>entre los detenidos y la v\u00edctima, el vocero se\u00f1al\u00f3 que no se ofrecer\u00e1n detalles por el momento.<\/p>\n<p>\u201cRogamos que nos permitan <strong>seguir desarrollando la l\u00ednea investigativa <\/strong>que por el momento es una fase secreta, pero estas tres personas son de inter\u00e9s en el proceso investigativo y est\u00e1n siendo se\u00f1alados como participantes de una u otra forma en este hecho\u00bb, expres\u00f3 Pesqueira.<\/p>\n<p>    El caso permanece bajo investigaci\u00f3n, mientras el <strong>Instituto Nacional de Ciencias Forenses (Inacif)<\/strong> determinar\u00e1 la causa de la muerte.\u00a0    <\/p>\n<div class=\"read-more mb-7\">    <span class=\"block mb-2\">Leer m\u00e1s<\/span>                            \n<h3><a href=\"https:\/\/www.diariolibre.com\/actualidad\/sucesos\/2025\/08\/01\/hallan-muerto-nino-desaparecido-hace-siete-dias-en-el-seibo\/3201379?utm_source=relacionadas&amp;utm_medium=nota&amp;utm_campaign=relacionadas\" title=\"Hallan muerto al ni\u00f1o desaparecido desde hace siete d\u00edas en El Seibo\">Hallan muerto al ni\u00f1o desaparecido desde hace siete d\u00edas en El Seibo<\/a><\/h3>\n<h3><a href=\"https:\/\/www.diariolibre.com\/actualidad\/sucesos\/2024\/12\/02\/hallan-cuerpo-sin-vida-de-una-mujer-en-un-canaveral-en-san-pedro\/2929067?utm_source=relacionadas&amp;utm_medium=nota&amp;utm_campaign=relacionadas\" title=\"Hallan el cuerpo sin vida de una mujer en un ca\u00f1averal en San Pedro de Macor\u00eds\">Hallan el cuerpo sin vida de una mujer en un ca\u00f1averal en San Pedro de Macor\u00eds<\/a><\/h3>\n<\/div>","protected":false},"excerpt":{"rendered":"<p>Fue hallado sin vida C\u00e1ndido Figueroa de los Santos, de 45 a\u00f1os, empleado del Instituto Nacional de Bienestar Estudiantil (Inabie), quien hab\u00eda sido reportado como desaparecido en Villa Mella. El cuerpo fue localizado&#8230;<\/p>\n","protected":false},"author":0,"featured_media":143478,"comment_status":"open","ping_status":"open","sticky":false,"template":"","format":"standard","meta":{"footnotes":""},"categories":[1],"tags":[],"class_list":["post-143477","post","type-post","status-publish","format-standard","has-post-thumbnail","hentry","category-sin-categoria"],"_links":{"self":[{"href":"http:\/\/joelaybar.com\/wp\/wp-json\/wp\/v2\/posts\/143477","targetHints":{"allow":["GET"]}}],"collection":[{"href":"http:\/\/joelaybar.com\/wp\/wp-json\/wp\/v2\/posts"}],"about":[{"href":"http:\/\/joelaybar.com\/wp\/wp-json\/wp\/v2\/types\/post"}],"replies":[{"embeddable":true,"href":"http:\/\/joelaybar.com\/wp\/wp-json\/wp\/v2\/comments?post=143477"}],"version-history":[{"count":0,"href":"http:\/\/joelaybar.com\/wp\/wp-json\/wp\/v2\/posts\/143477\/revisions"}],"wp:featuredmedia":[{"embeddable":true,"href":"http:\/\/joelaybar.com\/wp\/wp-json\/wp\/v2\/media\/143478"}],"wp:attachment":[{"href":"http:\/\/joelaybar.com\/wp\/wp-json\/wp\/v2\/media?parent=143477"}],"wp:term":[{"taxonomy":"category","embeddable":true,"href":"http:\/\/joelaybar.com\/wp\/wp-json\/wp\/v2\/categories?post=143477"},{"taxonomy":"post_tag","embeddable":true,"href":"http:\/\/joelaybar.com\/wp\/wp-json\/wp\/v2\/tags?post=143477"}],"curies":[{"name":"wp","href":"https:\/\/api.w.org\/{rel}","templated":true}]}}