{"id":143512,"date":"2026-04-28T18:45:00","date_gmt":"2026-04-28T18:45:00","guid":{"rendered":"http:\/\/joelaybar.com\/wp\/2026\/04\/28\/rosario-cuestiona-anuncios-del-gobierno-sobre-combustibles-y-alimentos\/"},"modified":"2026-04-28T18:45:00","modified_gmt":"2026-04-28T18:45:00","slug":"rosario-cuestiona-anuncios-del-gobierno-sobre-combustibles-y-alimentos","status":"publish","type":"post","link":"http:\/\/joelaybar.com\/wp\/2026\/04\/28\/rosario-cuestiona-anuncios-del-gobierno-sobre-combustibles-y-alimentos\/","title":{"rendered":"Rosario cuestiona anuncios del Gobierno sobre combustibles y alimentos"},"content":{"rendered":"<p>El dirigente de la <strong>Fuerza del Pueblo<\/strong>\u00a0<strong>Roberto Rosario<\/strong>\u00a0<strong>critic\u00f3<\/strong> este martes los recientes anuncios del <strong>Gobierno<\/strong> sobre el congelamiento de los precios de los combustibles y la estabilidad de los art\u00edculos de la canasta b\u00e1sica, al considerar que no reflejan la realidad econ\u00f3mica del pa\u00eds.<\/p>\n<p>En relaci\u00f3n con el anuncio realizado por el presidente <strong>Luis Abinader<\/strong>, Rosario se\u00f1al\u00f3 que la decisi\u00f3n de <strong>congelar<\/strong> los precios de los <strong>combustibles <\/strong>se produjo luego de <strong>incrementos acumulados<\/strong> que, seg\u00fan indic\u00f3, rondan los 24 pesos en pocos d\u00edas.<\/p>\n<p>\u00abPor tanto, se <strong>aument\u00f3<\/strong>, para luego <strong>anunciar congelaci\u00f3n<\/strong>\u00ab, acot\u00f3 a trav\u00e9s de un mensaje colgado en su cuenta de X. <\/p>\n<p>A su juicio, esto desvirt\u00faa el impacto positivo que se intenta proyectar con la medida.<\/p>\n<p>Sobre los precios de los productos de la canasta familiar, el exfuncionario cit\u00f3 datos presentados en redes sociales por la economista <strong>Mercedes Macarrulla<\/strong>, que evidenciar\u00edan <strong>aumentos<\/strong> en m\u00e1s de <strong>120 art\u00edculos<\/strong>, algunos de ellos recientes. <\/p>\n<p>En ese contexto, <strong>cuestion\u00f3<\/strong> las declaraciones oficiales, incluyendo las del ministro de Industria y Comercio, Eduardo -Yayo- Sanz Lovat\u00f3n, al considerar que existe una discrepancia entre el discurso gubernamental y la situaci\u00f3n del mercado.<\/p>\n<p><!-- ctrlPlaceHolderQuote Inicio --><\/p>\n<div class=\"mb-5 component cita\">    \u00abAlgunos aumentos muy recientes, evidencian que la narrativa oficial en ambos casos, es contraria a la verdad de los hechos\u00bb        <span class=\"author\"><strong>Roberto Rosario<\/strong><\/span>        <span class=\"status\">Dirigente de la Fuerza del Pueblo<\/span>        <span class=\"cita-icon\">\u201c<\/span><\/div>\n<p><!-- ctrlPlaceHolderQuote Final --><\/p>\n<p>Rosario, expresidente de la Junta Central Electoral, tambi\u00e9n <strong>critic\u00f3<\/strong> la gesti\u00f3n de los periodos en que los <strong>precios internacionales<\/strong> de los combustibles eran m\u00e1s bajos, afirmando que no se aplicaron mecanismos de estabilizaci\u00f3n, en alusi\u00f3n a propuestas vinculadas al ministro de Industria y Comercio de ese momento, V\u00edctor &#8211;<strong>Ito- Bison\u00f3<\/strong>. Dijo que, en ese contexto, el <strong>gobierno<\/strong> \u00abse benefici\u00f3 del tiempo de las vagas gordas\u00bb.<\/p>\n<p>    <span class=\"block mb-2\"><strong>Te puede interesar<\/strong><\/span>                <\/p>\n<h2><a href=\"https:\/\/www.diariolibre.com\/politica\/gobierno\/2026\/04\/27\/gobierno-afirma-no-hay-aumento-en-precios-en-el-pais-por-crisis-global\/3515990?utm_source=relacionadas&amp;utm_medium=nota&amp;utm_campaign=relacionadas\" title=\"Gobierno dice plan por crisis global da resultados: \u201cNi un solo producto b\u00e1sico ha subido de precio\u201d\">Gobierno dice plan por crisis global da resultados: \u201cNi un solo producto b\u00e1sico ha subido de precio\u201d<\/a><\/h2>\n<h2><a href=\"https:\/\/www.diariolibre.com\/economia\/energia\/2026\/03\/13\/aumentan-rd500-a-las-gasolinas-y-gasoil\/3468691?utm_source=relacionadas&amp;utm_medium=nota&amp;utm_campaign=relacionadas\" title=\"Aumentan RD$5.00 a precios de gasolina y gasoil; deja sin variaci\u00f3n el GLP\">Aumentan RD$5.00 a precios de gasolina y gasoil; deja sin variaci\u00f3n el GLP<\/a><\/h2>\n<h2><a href=\"https:\/\/www.diariolibre.com\/economia\/energia\/2026\/04\/10\/gobierno-sube-entre-rd7-y-rd9-a-los-combustibles\/3498323?utm_source=relacionadas&amp;utm_medium=nota&amp;utm_campaign=relacionadas\" title=\"Gobierno sube los precios de combustibles presionado por la guerra y el costo de los subsidios\">Gobierno sube los precios de combustibles presionado por la guerra y el costo de los subsidios<\/a><\/h2>\n<h2><a href=\"https:\/\/www.diariolibre.com\/economia\/energia\/2026\/04\/24\/gobierno-dominicano-mantiene-subsidio-a-combustibles-en-crisis\/3513386?utm_source=relacionadas&amp;utm_medium=nota&amp;utm_campaign=relacionadas\" title=\"Gobierno subsidiar\u00e1 RD$1,143.9 millones para mantener sin alza los combustibles esta semana\">Gobierno subsidiar\u00e1 RD$1,143.9 millones para mantener sin alza los combustibles esta semana<\/a><\/h2>\n<h2>Advierte sobre aumento de las importaciones<\/h2>\n<p>Asimismo, advirti\u00f3 sobre lo que calific\u00f3 como un cambio en la pol\u00edtica econ\u00f3mica hacia una mayor dependencia de las importaciones, lo que, seg\u00fan dijo, estar\u00eda afectando la <strong>producci\u00f3n nacional<\/strong>.<\/p>\n<p>Sostuvo que en el pasado el pa\u00eds contaba con mayor <strong>autosuficiencia<\/strong> en diversos <strong>rubros agr\u00edcolas<\/strong>, situaci\u00f3n que considera en \u00ab<strong>retroceso\u00bb<\/strong>.<\/p>\n<p>\u00abSencillamente desde el \u00e1rea oficial, se estimula la sustituci\u00f3n de exportaci\u00f3n y <strong>autoabastecimiento<\/strong> del mercado, por importaci\u00f3n, para da\u00f1ar nuestro <strong>mercado productivo<\/strong>; cuando llegaron, en muchos rubros \u00e9ramos autosuficientes y nuestra siembra y crianza alcanzaba para abastecer otros mercados; ahora es imposible mantener lo recibido en materia de producci\u00f3n agr\u00edcola\u00bb, asegur\u00f3.<\/p>\n<div class=\"social-embed mb-4\">\n<p>Esta ma\u00f1ana hice un comentario sobre la informaci\u00f3n oficial del gobierno, una en voz del presidente de la Rep\u00fablica <a href=\"https:\/\/twitter.com\/luisabinader?ref_src=twsrc%5Etfw\" title=\"@luisabinader\" target=\"_blank\">@luisabinader<\/a> en la cual informaba, de la congelaci\u00f3n en ese momento del precio de los combustibles , y la otra del amigo <a href=\"https:\/\/twitter.com\/SanzLovaton?ref_src=twsrc%5Etfw\" title=\"@SanzLovaton\" target=\"_blank\">@SanzLovaton<\/a> de los art\u00edculos de la\u2026 <a href=\"https:\/\/t.co\/RQjSGjkkRe\" title=\"https:\/\/t.co\/RQjSGjkkRe\" target=\"_blank\">https:\/\/t.co\/RQjSGjkkRe<\/a><\/p>\n<p>\u2014 Roberto Rosario M\u00e1rquez (@RRosarioMarquez) <a href=\"https:\/\/twitter.com\/RRosarioMarquez\/status\/2049253216894804197?ref_src=twsrc%5Etfw\" title=\"April 28, 2026\" target=\"_blank\">April 28, 2026<\/a> <\/p>\n<div class=\"lazyload\"><\/div>\n<\/div>\n<p>Las declaraciones de Rosario se producen en medio del <strong>debate p\u00fablico<\/strong> sobre el costo de vida y las <strong>pol\u00edticas econ\u00f3micas<\/strong> implementadas por el <strong>Gobierno<\/strong> en el contexto actual, dominado a nivel internacional por la guerra en Medio Oriente, lo que ha incrementado los precios del petr\u00f3leo.\u00a0<\/p>","protected":false},"excerpt":{"rendered":"<p>El dirigente de la Fuerza del Pueblo\u00a0Roberto Rosario\u00a0critic\u00f3 este martes los recientes anuncios del Gobierno sobre el congelamiento de los precios de los combustibles y la estabilidad de los art\u00edculos de la canasta&#8230;<\/p>\n","protected":false},"author":0,"featured_media":143513,"comment_status":"open","ping_status":"open","sticky":false,"template":"","format":"standard","meta":{"footnotes":""},"categories":[1],"tags":[],"class_list":["post-143512","post","type-post","status-publish","format-standard","has-post-thumbnail","hentry","category-sin-categoria"],"_links":{"self":[{"href":"http:\/\/joelaybar.com\/wp\/wp-json\/wp\/v2\/posts\/143512","targetHints":{"allow":["GET"]}}],"collection":[{"href":"http:\/\/joelaybar.com\/wp\/wp-json\/wp\/v2\/posts"}],"about":[{"href":"http:\/\/joelaybar.com\/wp\/wp-json\/wp\/v2\/types\/post"}],"replies":[{"embeddable":true,"href":"http:\/\/joelaybar.com\/wp\/wp-json\/wp\/v2\/comments?post=143512"}],"version-history":[{"count":0,"href":"http:\/\/joelaybar.com\/wp\/wp-json\/wp\/v2\/posts\/143512\/revisions"}],"wp:featuredmedia":[{"embeddable":true,"href":"http:\/\/joelaybar.com\/wp\/wp-json\/wp\/v2\/media\/143513"}],"wp:attachment":[{"href":"http:\/\/joelaybar.com\/wp\/wp-json\/wp\/v2\/media?parent=143512"}],"wp:term":[{"taxonomy":"category","embeddable":true,"href":"http:\/\/joelaybar.com\/wp\/wp-json\/wp\/v2\/categories?post=143512"},{"taxonomy":"post_tag","embeddable":true,"href":"http:\/\/joelaybar.com\/wp\/wp-json\/wp\/v2\/tags?post=143512"}],"curies":[{"name":"wp","href":"https:\/\/api.w.org\/{rel}","templated":true}]}}