{"id":143557,"date":"2026-04-29T00:02:00","date_gmt":"2026-04-29T00:02:00","guid":{"rendered":"http:\/\/joelaybar.com\/wp\/2026\/04\/29\/las-enfermedades-que-generan-conducir-los-trenes-del-metro-3\/"},"modified":"2026-04-29T00:02:00","modified_gmt":"2026-04-29T00:02:00","slug":"las-enfermedades-que-generan-conducir-los-trenes-del-metro-3","status":"publish","type":"post","link":"http:\/\/joelaybar.com\/wp\/2026\/04\/29\/las-enfermedades-que-generan-conducir-los-trenes-del-metro-3\/","title":{"rendered":"Las enfermedades que generan conducir los trenes del metro"},"content":{"rendered":"<p>El <strong>Metro de Santo Domingo<\/strong>, el m\u00e1s moderno e importante sistema de <strong>transporte masivo<\/strong> del Gran Santo Domingo, esconde sobre sus rieles una problem\u00e1tica que rara vez sale a la luz p\u00fablica: el deterioro progresivo de la salud de sus conductores.<\/p>\n<p>Pocos ciudadanos se imaginan el <strong>costo en salud<\/strong> que significa movilizar diariamente hasta <strong>300,000 personas<\/strong>. Los conductores s\u00ed lo saben y lo padecen en silencio para garantizar el empleo.<\/p>\n<p>Las principales lesiones son musculoesquel\u00e9ticas. Diversos testimonios de trabajadores revelan un patr\u00f3n preocupante de lesiones f\u00edsicas, especialmente en el hombro derecho, asociado a las condiciones laborales dentro de la <strong>cabina de conducci\u00f3n<\/strong>. <\/p>\n<p>Seg\u00fan relatan, hasta <strong>8 de cada 10<\/strong> conductores desarrollan alg\u00fan tipo de afecci\u00f3n en esta zona, principalmente relacionadas con el <strong>manguito rotador<\/strong> o procesos inflamatorios como la bursitis.<\/p>\n<p>El dise\u00f1o de la cabina es se\u00f1alado como uno de los principales factores de riesgo. El asiento se encuentra separado del panel de control, lo que obliga al conductor a mantener una <strong>postura forzada<\/strong> del brazo para manipular la palanca de aceleraci\u00f3n y frenado.<\/p>\n<div class=\"my-12 component web-insert-bullet relative border bg-component\">    <span class=\"text-xl block my-3 component-title glosa\"><strong><\/strong><\/span>        \n<p>Las jornadas de trabajo son de 8:00 horas consecutivas, seg\u00fan relatan, con apenas poco tiempo para descansar, lo que, con el tiempo, agrava la situaci\u00f3n que, en algunos casos requieren de intervenci\u00f3n quir\u00fargicas.<\/p>\n<\/div>\n<p>\u00a0<\/p>\n<p>A esto se suma la din\u00e1mica propia del sistema: <strong>estaciones separadas<\/strong> por aproximadamente 1 kil\u00f3metros obligan a realizar movimientos constantes de aceleraci\u00f3n y frenado durante toda la jornada. <\/p>\n<p>\u201cEs un <strong>movimiento constante<\/strong>, todos los d\u00edas, sin suficiente descanso. Con el tiempo, la lesi\u00f3n es casi segura\u201d, afirma uno de los exempleados consultados que rehus\u00f3 identificarse.<\/p>\n<p>Los turnos pueden iniciar desde antes de las cinco y media de la ma\u00f1ana y extenderse hasta la noche. Aunque existen <strong>pausas te\u00f3ricas<\/strong> para desayuno y almuerzo, los trabajadores indican que muchas veces no pueden tomarlas en el momento adecuado, debido a la <strong>falta de personal<\/strong>.<\/p>\n<p>    <span class=\"block mb-2\"><strong>Te puede interesar<\/strong><\/span>                <\/p>\n<h2><a href=\"https:\/\/www.diariolibre.com\/actualidad\/nacional\/2023\/06\/19\/operadores-de-trenes-del-metro-anuncian-paro\/2354988?utm_source=relacionadas&amp;utm_medium=nota&amp;utm_campaign=relacionadas\" title=\"Operadores de trenes del Metro anuncian paro de labores desde este martes\">Operadores de trenes del Metro anuncian paro de labores desde este martes<\/a><\/h2>\n<p>                <span class=\"block mb-2\"><strong>Te puede interesar<\/strong><\/span>                <\/p>\n<h2><a href=\"https:\/\/www.diariolibre.com\/actualidad\/ciudad\/2023\/06\/23\/protesta-de-conductores-del-metro-arriba-a-su-cuarto-dia\/2381896?utm_source=relacionadas&amp;utm_medium=nota&amp;utm_campaign=relacionadas\" title=\"M\u00e1s operadores se suman a la protestas de los operadores del Metro de Santo Domingo\">M\u00e1s operadores se suman a la protestas de los operadores del Metro de Santo Domingo<\/a><\/h2>\n<h2>Escasez de conductores<\/h2>\n<p>Esta <strong>sobrecarga laboral<\/strong> se agrava por la escasez de conductores, lo que reduce las posibilidades de rotaci\u00f3n y descanso.<\/p>\n<p>El acceso a atenci\u00f3n m\u00e9dica depende en gran medida de la <strong>iniciativa individual<\/strong>. Muchos trabajadores optan por soportar el dolor hasta que la lesi\u00f3n se agrava, lo que en algunos casos termina en cirug\u00edas.<\/p>\n<p>De acuerdo con testimonios de afectados, aunque el <strong>seguro de salud<\/strong> cubre parte de los gastos, los <strong>empleados<\/strong> deben asumir <strong>costos adicionales<\/strong> tanto en consultas como en <strong>procedimientos quir\u00fargicos<\/strong>.<\/p>\n<h2><strong>Sin protecci\u00f3n laboral<\/strong><\/h2>\n<p>Adem\u00e1s, denuncian la ausencia de un reconocimiento formal de estas afecciones como <strong>riesgos laborales<\/strong>, lo que limita cualquier <strong>compensaci\u00f3n econ\u00f3mica<\/strong>.<\/p>\n<p>El impacto no se limita a lo ortop\u00e9dico. Tambi\u00e9n se reportan altos niveles de estr\u00e9s, que han derivado en <strong>problemas psicol\u00f3gicos<\/strong> en algunos <strong>empleados<\/strong>.<\/p>\n<p>Seg\u00fan los testimonios, en <strong>2022<\/strong> se entreg\u00f3 documentaci\u00f3n al <strong>Colegio M\u00e9dico Dominicano<\/strong> detallando casos de <strong>enfermedades<\/strong>, incluyendo lesiones f\u00edsicas, estr\u00e9s y otras situaciones de salud, sin embargo, los afectados de ese entonces aseguran que estas denuncias no generaron cambios significativos.<\/p>\n<div class=\"my-12 component web-insert relative border bg-component\">    <span class=\"text-xl block my-3 component-title glosa\"><strong><\/strong><\/span>    \n<p class=\"insert-subtitle\">\n<\/p><p>Sin intervenciones que incluyan redise\u00f1o de cabinas, rotaci\u00f3n de tareas, pausas activas y reconocimiento de enfermedades laborales, el problema podr\u00eda continuar afectando a nuevas generaciones de conductores del moderno sistema del Metro de Santo Domingo.<\/p>\n<\/div>\n<p><em>Diario Libre<\/em> consult\u00f3 a la <strong>Empresa Metropolitana del Transporte <\/strong>y desde comunicaciones prometieron indagar sobre el tema.<\/p>\n<p>\u00a0<\/p>","protected":false},"excerpt":{"rendered":"<p>El Metro de Santo Domingo, el m\u00e1s moderno e importante sistema de transporte masivo del Gran Santo Domingo, esconde sobre sus rieles una problem\u00e1tica que rara vez sale a la luz p\u00fablica: el&#8230;<\/p>\n","protected":false},"author":0,"featured_media":143542,"comment_status":"open","ping_status":"open","sticky":false,"template":"","format":"standard","meta":{"footnotes":""},"categories":[1],"tags":[],"class_list":["post-143557","post","type-post","status-publish","format-standard","has-post-thumbnail","hentry","category-sin-categoria"],"_links":{"self":[{"href":"http:\/\/joelaybar.com\/wp\/wp-json\/wp\/v2\/posts\/143557","targetHints":{"allow":["GET"]}}],"collection":[{"href":"http:\/\/joelaybar.com\/wp\/wp-json\/wp\/v2\/posts"}],"about":[{"href":"http:\/\/joelaybar.com\/wp\/wp-json\/wp\/v2\/types\/post"}],"replies":[{"embeddable":true,"href":"http:\/\/joelaybar.com\/wp\/wp-json\/wp\/v2\/comments?post=143557"}],"version-history":[{"count":0,"href":"http:\/\/joelaybar.com\/wp\/wp-json\/wp\/v2\/posts\/143557\/revisions"}],"wp:featuredmedia":[{"embeddable":true,"href":"http:\/\/joelaybar.com\/wp\/wp-json\/wp\/v2\/media\/143542"}],"wp:attachment":[{"href":"http:\/\/joelaybar.com\/wp\/wp-json\/wp\/v2\/media?parent=143557"}],"wp:term":[{"taxonomy":"category","embeddable":true,"href":"http:\/\/joelaybar.com\/wp\/wp-json\/wp\/v2\/categories?post=143557"},{"taxonomy":"post_tag","embeddable":true,"href":"http:\/\/joelaybar.com\/wp\/wp-json\/wp\/v2\/tags?post=143557"}],"curies":[{"name":"wp","href":"https:\/\/api.w.org\/{rel}","templated":true}]}}