{"id":143745,"date":"2026-04-30T09:14:00","date_gmt":"2026-04-30T09:14:00","guid":{"rendered":"http:\/\/joelaybar.com\/wp\/2026\/04\/30\/ciudadano-dominicano-en-paraguay-se-encuentra-bien\/"},"modified":"2026-04-30T09:14:00","modified_gmt":"2026-04-30T09:14:00","slug":"ciudadano-dominicano-en-paraguay-se-encuentra-bien","status":"publish","type":"post","link":"http:\/\/joelaybar.com\/wp\/2026\/04\/30\/ciudadano-dominicano-en-paraguay-se-encuentra-bien\/","title":{"rendered":"Ciudadano dominicano en Paraguay se encuentra bien"},"content":{"rendered":"<p>El <strong>Ministerio de Relaciones Exteriores<\/strong> de la Rep\u00fablica Dominicana (Mirex) inform\u00f3 que mantiene <strong>contacto<\/strong> con un <strong>ciudadano dominicano<\/strong> que fue trasladado a la Rep\u00fablica del <strong>Paraguay<\/strong> desde Estados Unidos, en el marco del acuerdo de \u201ctercer pa\u00eds seguro\u201d para el manejo de migrantes irregulares.<\/p>\n<p>De acuerdo con la instituci\u00f3n, el nacional dominicano se encuentra en <strong>buen estado de salud<\/strong> y est\u00e1 hospedado en un <strong>hotel en Asunci\u00f3n<\/strong>, bajo la supervisi\u00f3n de la <strong>Organizaci\u00f3n Internacional para las Migraciones<\/strong> (OIM).<\/p>\n<p>Asimismo, precis\u00f3 que, debido a que los ciudadanos dominicanos no requieren visado para ingresar a <strong>Paraguay<\/strong>, el connacional cuenta con <strong>libertad de estad\u00eda<\/strong> y movimiento por un per\u00edodo m\u00e1ximo de <strong>60 d\u00edas<\/strong>.<\/p>\n<div class=\"w-full pt-2 float-left inside-related\">    <span class=\"border-b border-black pb-3 mb-4 block\"><strong>RELACIONADAS<\/strong><\/span>                                \n<div class=\"xl:w-2\/12 w-4\/12\">                                                                        <a href=\"https:\/\/www.diariolibre.com\/usa\/actualidad\/2026\/04\/23\/paraguay-recibe-dominicanos-inadmitidos-en-ee-uu\/3511812?utm_source=relacionadas&amp;utm_medium=nota&amp;utm_campaign=relacionadas\" title=\"                                                                                                                            \">                                                                                                                            <\/a>                                                            <\/div>\n<div class=\"xl:w-10\/12 w-8\/12 pl-3\">\n<div class=\"text-md mb-2 meta\">                        <a href=\"https:\/\/www.diariolibre.com\/usa\/actualidad\" title=\"Actualidad\">Actualidad<\/a>                    <\/div>\n<h2><a href=\"https:\/\/www.diariolibre.com\/usa\/actualidad\/2026\/04\/23\/paraguay-recibe-dominicanos-inadmitidos-en-ee-uu\/3511812?utm_source=relacionadas&amp;utm_medium=nota&amp;utm_campaign=relacionadas\" title=\"Dominicanos inadmitidos en EE. UU. son enviados a Paraguay tras acuerdo de retorno al pa\u00eds\">Dominicanos inadmitidos en EE. UU. son enviados a Paraguay tras acuerdo de retorno al pa\u00eds<\/a><\/h2>\n<\/div>\n<div class=\"xl:w-2\/12 w-4\/12\">                                                                        <a href=\"https:\/\/www.diariolibre.com\/usa\/actualidad\/2026\/04\/22\/repatriacion-de-migrantes-a-republica-dominicana-detenidos-en-pr\/3510869?utm_source=relacionadas&amp;utm_medium=nota&amp;utm_campaign=relacionadas\" title=\"                                                                                                                            \">                                                                                                                            <\/a>                                                            <\/div>\n<div class=\"xl:w-10\/12 w-8\/12 pl-3\">\n<div class=\"text-md mb-2 meta\">                        <a href=\"https:\/\/www.diariolibre.com\/usa\/actualidad\" title=\"Actualidad\">Actualidad<\/a>                    <\/div>\n<h2><a href=\"https:\/\/www.diariolibre.com\/usa\/actualidad\/2026\/04\/22\/repatriacion-de-migrantes-a-republica-dominicana-detenidos-en-pr\/3510869?utm_source=relacionadas&amp;utm_medium=nota&amp;utm_campaign=relacionadas\" title=\"Repatr\u00edan a Rep\u00fablica Dominicana a 21 migrantes detenidos en aguas de Puerto Rico\">Repatr\u00edan a Rep\u00fablica Dominicana a 21 migrantes detenidos en aguas de Puerto Rico<\/a><\/h2>\n<\/div>\n<\/div>\n<p>La Canciller\u00eda asegur\u00f3 que, a trav\u00e9s de su <strong>embajada en Paraguay<\/strong>, mantiene <strong>comunicaci\u00f3n constante<\/strong> con el ciudadano, con el objetivo de garantizar el respeto a sus <strong>derechos humanos<\/strong> durante su permanencia en territorio paraguayo.<\/p>\n<h2><strong>Migrantes no admitidos por Estados Unidos<\/strong><\/h2>\n<p>El caso se enmarca en la llegada de un grupo de 16 <strong>migrantes no admitidos<\/strong> por Estados Unidos, entre los que figura al menos un dominicano, quienes arribaron el jueves 23 del mes en curso a <strong>Paraguay<\/strong> como parte de un <strong>acuerdo bilateral<\/strong> entre <strong>Asunci\u00f3n y Washington<\/strong>.<\/p>\n<p>Seg\u00fan la <strong>Direcci\u00f3n Nacional de Migraciones<\/strong> de <strong>Paraguay<\/strong>, los extranjeros, todos mayores de edad, llegaron en un <strong>vuelo ch\u00e1rter<\/strong> al <strong>Aeropuerto Internacional Silvio Pettirossi<\/strong> a las 12:20 del mediod\u00eda (hora local).<\/p>\n<p>    Las autoridades indicaron que estos migrantes permanecer\u00e1n de forma transitoria en <strong>Paraguay<\/strong> antes de ser <strong>retornados<\/strong> a sus <strong>pa\u00edses de origen<\/strong>.<\/p>\n<p><\/p>\n<p><\/p>","protected":false},"excerpt":{"rendered":"<p>El Ministerio de Relaciones Exteriores de la Rep\u00fablica Dominicana (Mirex) inform\u00f3 que mantiene contacto con un ciudadano dominicano que fue trasladado a la Rep\u00fablica del Paraguay desde Estados Unidos, en el marco del&#8230;<\/p>\n","protected":false},"author":0,"featured_media":143746,"comment_status":"open","ping_status":"open","sticky":false,"template":"","format":"standard","meta":{"footnotes":""},"categories":[1],"tags":[],"class_list":["post-143745","post","type-post","status-publish","format-standard","has-post-thumbnail","hentry","category-sin-categoria"],"_links":{"self":[{"href":"http:\/\/joelaybar.com\/wp\/wp-json\/wp\/v2\/posts\/143745","targetHints":{"allow":["GET"]}}],"collection":[{"href":"http:\/\/joelaybar.com\/wp\/wp-json\/wp\/v2\/posts"}],"about":[{"href":"http:\/\/joelaybar.com\/wp\/wp-json\/wp\/v2\/types\/post"}],"replies":[{"embeddable":true,"href":"http:\/\/joelaybar.com\/wp\/wp-json\/wp\/v2\/comments?post=143745"}],"version-history":[{"count":0,"href":"http:\/\/joelaybar.com\/wp\/wp-json\/wp\/v2\/posts\/143745\/revisions"}],"wp:featuredmedia":[{"embeddable":true,"href":"http:\/\/joelaybar.com\/wp\/wp-json\/wp\/v2\/media\/143746"}],"wp:attachment":[{"href":"http:\/\/joelaybar.com\/wp\/wp-json\/wp\/v2\/media?parent=143745"}],"wp:term":[{"taxonomy":"category","embeddable":true,"href":"http:\/\/joelaybar.com\/wp\/wp-json\/wp\/v2\/categories?post=143745"},{"taxonomy":"post_tag","embeddable":true,"href":"http:\/\/joelaybar.com\/wp\/wp-json\/wp\/v2\/tags?post=143745"}],"curies":[{"name":"wp","href":"https:\/\/api.w.org\/{rel}","templated":true}]}}