{"id":143771,"date":"2026-04-30T13:48:00","date_gmt":"2026-04-30T13:48:00","guid":{"rendered":"http:\/\/joelaybar.com\/wp\/2026\/04\/30\/proyecto-romero-no-tiene-permiso-de-explotacion-dice-medio-ambiente\/"},"modified":"2026-04-30T13:48:00","modified_gmt":"2026-04-30T13:48:00","slug":"proyecto-romero-no-tiene-permiso-de-explotacion-dice-medio-ambiente","status":"publish","type":"post","link":"http:\/\/joelaybar.com\/wp\/2026\/04\/30\/proyecto-romero-no-tiene-permiso-de-explotacion-dice-medio-ambiente\/","title":{"rendered":"Proyecto Romero no tiene permiso de explotaci\u00f3n, dice Medio Ambiente"},"content":{"rendered":"<p>El <strong>Ministerio de Medio Ambiente<\/strong> reiter\u00f3 este jueves que el <strong>proyecto minero Romero<\/strong>, propuesto por la empresa GoldQuest en la provincia San Juan, se encuentra \u00fanicamente en una <strong>fase t\u00e9cnica<\/strong> de <strong>evaluaci\u00f3n ambiental<\/strong> y no cuenta con autorizaci\u00f3n para su explotaci\u00f3n.<\/p>\n<p>El titular de la instituci\u00f3n, <strong>Pa\u00edno Henr\u00edquez<\/strong>, explic\u00f3 que el proceso se desarrolla conforme a la <strong>Ley n\u00fam. 64-00<\/strong>, luego de que la empresa sometiera su solicitud. <\/p>\n<p>A partir de esto, el Ministerio elabor\u00f3 los <strong>T\u00e9rminos de Referencia<\/strong> (TDR), documento que establece las <strong>condiciones t\u00e9cnicas<\/strong> que deber\u00e1 cumplir el <strong>estudio de impacto ambiental<\/strong> requerido para continuar con la evaluaci\u00f3n.<\/p>\n<p><strong>Henr\u00edquez enfatiz\u00f3<\/strong> que la <strong>aprobaci\u00f3n de los TDR<\/strong> no constituye un permiso de explotaci\u00f3n, sino el inicio de un proceso riguroso en el que la viabilidad del proyecto a\u00fan debe ser determinada con base en evidencia cient\u00edfica y est\u00e1ndares nacionales e internacionales.\u00a0<\/p>\n<div class=\"w-full pt-2 float-left inside-related\">    <span class=\"border-b border-black pb-3 mb-4 block\"><strong>RELACIONADAS<\/strong><\/span>                                \n<div class=\"xl:w-2\/12 w-4\/12\">                                                                        <a href=\"https:\/\/www.diariolibre.com\/politica\/congreso-nacional\/2026\/04\/29\/senador-alerta-dano-a-rios-y-presa-por-proyecto-minero-romero\/3517963?utm_source=relacionadas&amp;utm_medium=nota&amp;utm_campaign=relacionadas\" title=\"                                                                                                                            \">                                                                                                                            <\/a>                                                            <\/div>\n<div class=\"xl:w-10\/12 w-8\/12 pl-3\">\n<div class=\"text-md mb-2 meta\">                        <a href=\"https:\/\/www.diariolibre.com\/politica\/congreso-nacional\" title=\"Congreso Nacional\">Congreso Nacional<\/a>                    <\/div>\n<h2><a href=\"https:\/\/www.diariolibre.com\/politica\/congreso-nacional\/2026\/04\/29\/senador-alerta-dano-a-rios-y-presa-por-proyecto-minero-romero\/3517963?utm_source=relacionadas&amp;utm_medium=nota&amp;utm_campaign=relacionadas\" title=\"F\u00e9lix Bautista: explotaci\u00f3n minera maltratar\u00eda el r\u00edo San Juan, Yaque del Sur y la presa de Sabaneta\">F\u00e9lix Bautista: explotaci\u00f3n minera maltratar\u00eda el r\u00edo San Juan, Yaque del Sur y la presa de Sabaneta<\/a><\/h2>\n<\/div>\n<\/div>\n<h2>Sobre el <strong>estudio de impacto<\/strong>\u00a0<\/h2>\n<p>En ese sentido, indic\u00f3 que la instituci\u00f3n se mantiene a la espera de recibir el <strong>estudio de impacto ambiental<\/strong>, el cual ser\u00e1 sometido a un <strong>an\u00e1lisis t\u00e9cnico exhaustivo<\/strong>.<\/p>\n<p>El funcionario subray\u00f3 que estos estudios no son definidos de manera unilateral por las empresas. Explic\u00f3 que deben ser elaborados por <strong>especialistas certificados<\/strong> por el Ministerio y luego <strong>evaluados<\/strong> mediante un proceso que involucra a <strong>m\u00e1s de 25 t\u00e9cnicos<\/strong> de distintas \u00e1reas, as\u00ed como comit\u00e9s internos de revisi\u00f3n.<\/p>\n<p>Asimismo, destac\u00f3 que la evaluaci\u00f3n contempla mecanismos de <strong>participaci\u00f3n ciudadana<\/strong>, como la publicaci\u00f3n de resultados, la realizaci\u00f3n de <strong>vistas p\u00fablicas<\/strong> y <strong>espacios de consulta<\/strong> en los que cualquier interesado podr\u00e1 presentar observaciones.<\/p>\n<p>Henr\u00edquez tambi\u00e9n inform\u00f3 que el Ministerio prev\u00e9 integrar <strong>asesor\u00eda de expertos internacionales<\/strong>, <strong>universidades<\/strong> y <strong>sectores acad\u00e9micos<\/strong>, con el prop\u00f3sito de fortalecer la transparencia y la calidad del proceso.\u00a0<\/p>\n<div class=\"w-full pt-2 float-left inside-related\">    <span class=\"border-b border-black pb-3 mb-4 block\"><strong>RELACIONADAS<\/strong><\/span>                                \n<div class=\"xl:w-2\/12 w-4\/12\">                                                                        <a href=\"https:\/\/www.diariolibre.com\/planeta\/medioambiente\/2026\/04\/28\/el-gobierno-reitera-que-no-ha-aprobado-proyecto-el-minero-romero\/3516793?utm_source=relacionadas&amp;utm_medium=nota&amp;utm_campaign=relacionadas\" title=\"                                                                                                                            \">                                                                                                                            <\/a>                                                            <\/div>\n<div class=\"xl:w-10\/12 w-8\/12 pl-3\">\n<div class=\"text-md mb-2 meta\">                        <a href=\"https:\/\/www.diariolibre.com\/planeta\/medioambiente\" title=\"Medio Ambiente\">Medio Ambiente<\/a>                    <\/div>\n<h2><a href=\"https:\/\/www.diariolibre.com\/planeta\/medioambiente\/2026\/04\/28\/el-gobierno-reitera-que-no-ha-aprobado-proyecto-el-minero-romero\/3516793?utm_source=relacionadas&amp;utm_medium=nota&amp;utm_campaign=relacionadas\" title=\"Tras la huelga en San Juan, el Gobierno reitera que no ha aprobado el proyecto minero Romero\">Tras la huelga en San Juan, el Gobierno reitera que no ha aprobado el proyecto minero Romero<\/a><\/h2>\n<\/div>\n<\/div>\n<p>En respuesta a inquietudes de distintos sectores, reiter\u00f3 que el <strong>an\u00e1lisis del proyecto<\/strong> se realiza exclusivamente sobre la base de <strong>informaci\u00f3n t\u00e9cnica verificable<\/strong> y <strong>criterios cient\u00edficos<\/strong>. <\/p>\n<p>Precis\u00f3 que, seg\u00fan lo presentado en esta etapa, la propuesta contempla una <strong>explotaci\u00f3n subterr\u00e1nea<\/strong> a <strong>m\u00e1s de 150 metros<\/strong> y no incluye el uso de sustancias qu\u00edmicas como cianuro o mercurio, ni la construcci\u00f3n de infraestructuras como una presa de cola.<\/p>\n<p>Finalmente, el ministro se\u00f1al\u00f3 que el <strong>rol de la instituci\u00f3n<\/strong> se limita a la <strong>evaluaci\u00f3n ambiental<\/strong> conforme a la <strong>normativa vigente<\/strong>, mientras que otras decisiones corresponden a las instancias competentes del Estado. <\/p>\n<p>El Ministerio reiter\u00f3 que cualquier <strong>determinaci\u00f3n sobre el proyecto<\/strong> se adoptar\u00e1 dentro del <strong>marco t\u00e9cnico y legal<\/strong> establecido, garantizando la protecci\u00f3n de los recursos naturales, la transparencia y la <strong>participaci\u00f3n ciudadana<\/strong>.<\/p>\n<p><\/p>","protected":false},"excerpt":{"rendered":"<p>El Ministerio de Medio Ambiente reiter\u00f3 este jueves que el proyecto minero Romero, propuesto por la empresa GoldQuest en la provincia San Juan, se encuentra \u00fanicamente en una fase t\u00e9cnica de evaluaci\u00f3n ambiental&#8230;<\/p>\n","protected":false},"author":0,"featured_media":143772,"comment_status":"open","ping_status":"open","sticky":false,"template":"","format":"standard","meta":{"footnotes":""},"categories":[1],"tags":[],"class_list":["post-143771","post","type-post","status-publish","format-standard","has-post-thumbnail","hentry","category-sin-categoria"],"_links":{"self":[{"href":"http:\/\/joelaybar.com\/wp\/wp-json\/wp\/v2\/posts\/143771","targetHints":{"allow":["GET"]}}],"collection":[{"href":"http:\/\/joelaybar.com\/wp\/wp-json\/wp\/v2\/posts"}],"about":[{"href":"http:\/\/joelaybar.com\/wp\/wp-json\/wp\/v2\/types\/post"}],"replies":[{"embeddable":true,"href":"http:\/\/joelaybar.com\/wp\/wp-json\/wp\/v2\/comments?post=143771"}],"version-history":[{"count":0,"href":"http:\/\/joelaybar.com\/wp\/wp-json\/wp\/v2\/posts\/143771\/revisions"}],"wp:featuredmedia":[{"embeddable":true,"href":"http:\/\/joelaybar.com\/wp\/wp-json\/wp\/v2\/media\/143772"}],"wp:attachment":[{"href":"http:\/\/joelaybar.com\/wp\/wp-json\/wp\/v2\/media?parent=143771"}],"wp:term":[{"taxonomy":"category","embeddable":true,"href":"http:\/\/joelaybar.com\/wp\/wp-json\/wp\/v2\/categories?post=143771"},{"taxonomy":"post_tag","embeddable":true,"href":"http:\/\/joelaybar.com\/wp\/wp-json\/wp\/v2\/tags?post=143771"}],"curies":[{"name":"wp","href":"https:\/\/api.w.org\/{rel}","templated":true}]}}