{"id":143793,"date":"2026-04-30T16:07:00","date_gmt":"2026-04-30T16:07:00","guid":{"rendered":"https:\/\/joelaybar.com\/wp\/2026\/04\/30\/hipolito-mejia-opina-sobre-proyecto-minero-romero-en-san-juan\/"},"modified":"2026-04-30T16:07:00","modified_gmt":"2026-04-30T16:07:00","slug":"hipolito-mejia-opina-sobre-proyecto-minero-romero-en-san-juan","status":"publish","type":"post","link":"http:\/\/joelaybar.com\/wp\/2026\/04\/30\/hipolito-mejia-opina-sobre-proyecto-minero-romero-en-san-juan\/","title":{"rendered":"Hip\u00f3lito Mej\u00eda opina sobre proyecto minero Romero en San Juan"},"content":{"rendered":"<p>El expresidente de la Rep\u00fablica\u00a0<strong>Hip\u00f3lito Mej\u00eda<\/strong>\u00a0<strong>llam\u00f3<\/strong> este jueves a que el debate sobre el <strong>proyecto minero Romero<\/strong>, en la provincia de San Juan de Maguana, se sustente en <strong>estudios t\u00e9cnicos rigurosos<\/strong> y no en prejuicios ni posiciones pol\u00edticas.<\/p>\n<p>Durante una visita a la demarcaci\u00f3n, el <strong>exmandatario<\/strong> defendi\u00f3 la posibilidad de que la <strong>actividad minera<\/strong> coexista con otros sectores productivos, al tiempo que advirti\u00f3 contra el uso de la \u201c<strong>politiquer\u00eda<\/strong>\u201d y la \u201c<strong>demagogia barata<\/strong>\u201d en una discusi\u00f3n que, a su juicio, debe centrarse en el desarrollo de una de las zonas m\u00e1s vulnerables del pa\u00eds.<\/p>\n<p>\u201cHay posibilidades de desarrollar todos los sectores de la vida nacional. Y eso no tiene que preocuparle a nadie. Ahora, <strong>politiquer\u00eda y demagogia<\/strong> barata no debe existir en una <strong>zona pobre<\/strong>\u201d, expres\u00f3.<\/p>\n<p>    <span class=\"block mb-2\"><strong>Te puede interesar<\/strong><\/span>                <\/p>\n<h2><a href=\"https:\/\/www.diariolibre.com\/politica\/congreso-nacional\/2026\/04\/29\/senador-alerta-dano-a-rios-y-presa-por-proyecto-minero-romero\/3517963?utm_source=relacionadas&amp;utm_medium=nota&amp;utm_campaign=relacionadas\" title=\"F\u00e9lix Bautista: explotaci\u00f3n minera maltratar\u00eda el r\u00edo San Juan, Yaque del Sur y la presa de Sabaneta\">F\u00e9lix Bautista: explotaci\u00f3n minera maltratar\u00eda el r\u00edo San Juan, Yaque del Sur y la presa de Sabaneta<\/a><\/h2>\n<h2><a href=\"https:\/\/www.diariolibre.com\/planeta\/medioambiente\/2026\/04\/29\/goldquest-defiende-mina-romero-y-resalta-impacto-economico\/3518307?utm_source=relacionadas&amp;utm_medium=nota&amp;utm_campaign=relacionadas\" title=\"Empresa GoldQuest defiende mina Romero y destaca impacto econ\u00f3mico que tendr\u00eda para San Juan\">Empresa GoldQuest defiende mina Romero y destaca impacto econ\u00f3mico que tendr\u00eda para San Juan<\/a><\/h2>\n<p>En medio del debate, <strong>Mej\u00eda<\/strong> tambi\u00e9n dirigi\u00f3 <strong>cr\u00edticas<\/strong> al senador de la provincia San Juan,\u00a0<strong>F\u00e9lix Bautista<\/strong>, cuestionando su autoridad moral para opinar sobre el tema. \u201cEn una cosa que est\u00e9 <strong>F\u00e9lix Bautista<\/strong>, yo tengo que enfrentarla, porque ese no tiene calidad moral para hablar de honestidad y prospectiva\u201d, afirm\u00f3.<\/p>\n<h2>Cr\u00edticas y propuestas para el desarrollo de San Juan <\/h2>\n<p>El exgobernante rechaz\u00f3 la idea de que exista una incompatibilidad entre la <strong>miner\u00eda<\/strong> y <strong>otras actividades<\/strong> econ\u00f3micas, calificando esa postura como \u201cuna desviaci\u00f3n\u201d. \u201cTodo es <strong>compatible<\/strong>\u201d, insisti\u00f3, en referencia a la posibilidad de desarrollar de manera simult\u00e1nea distintos sectores productivos.<\/p>\n<p>Asimismo, vincul\u00f3 la discusi\u00f3n con la <strong>realidad socioecon\u00f3mica<\/strong> de la provincia, subrayando la necesidad de <strong>empleo<\/strong> y oportunidades. En ese sentido, abog\u00f3 por un enfoque de largo plazo que priorice el <strong>desarrollo sostenible<\/strong> de San Juan.<\/p>\n<p>\u201cHay que ver esas cosas con <strong>realismo<\/strong>, con seriedad. No con <strong>demagogia barata<\/strong> ni queriendo ser simp\u00e1ticos. As\u00ed no se <strong>desarrolla el pa\u00eds<\/strong>\u201d, sostuvo.<\/p>\n<p>Finalmente, <strong>Mej\u00eda<\/strong> inst\u00f3 a la <strong>comunidad local<\/strong> a asumir un <strong>rol activo<\/strong> en la definici\u00f3n de su futuro. \u201cLa fuerza viva de aqu\u00ed tiene que integrarse y saber lo que quiere\u201d, concluy\u00f3.<\/p>\n<p>Las declaraciones se producen en un contexto de creciente <strong>debate nacional<\/strong> sobre la viabilidad de <strong>proyectos mineros<\/strong> en la provincia, donde diversos sectores han coincidido en la necesidad de profundizar los <strong>estudios t\u00e9cnicos<\/strong> antes de tomar decisiones definitivas.<\/p>","protected":false},"excerpt":{"rendered":"<p>El expresidente de la Rep\u00fablica\u00a0Hip\u00f3lito Mej\u00eda\u00a0llam\u00f3 este jueves a que el debate sobre el proyecto minero Romero, en la provincia de San Juan de Maguana, se sustente en estudios t\u00e9cnicos rigurosos y no&#8230;<\/p>\n","protected":false},"author":0,"featured_media":143794,"comment_status":"open","ping_status":"open","sticky":false,"template":"","format":"standard","meta":{"footnotes":""},"categories":[1],"tags":[],"class_list":["post-143793","post","type-post","status-publish","format-standard","has-post-thumbnail","hentry","category-sin-categoria"],"_links":{"self":[{"href":"http:\/\/joelaybar.com\/wp\/wp-json\/wp\/v2\/posts\/143793","targetHints":{"allow":["GET"]}}],"collection":[{"href":"http:\/\/joelaybar.com\/wp\/wp-json\/wp\/v2\/posts"}],"about":[{"href":"http:\/\/joelaybar.com\/wp\/wp-json\/wp\/v2\/types\/post"}],"replies":[{"embeddable":true,"href":"http:\/\/joelaybar.com\/wp\/wp-json\/wp\/v2\/comments?post=143793"}],"version-history":[{"count":0,"href":"http:\/\/joelaybar.com\/wp\/wp-json\/wp\/v2\/posts\/143793\/revisions"}],"wp:featuredmedia":[{"embeddable":true,"href":"http:\/\/joelaybar.com\/wp\/wp-json\/wp\/v2\/media\/143794"}],"wp:attachment":[{"href":"http:\/\/joelaybar.com\/wp\/wp-json\/wp\/v2\/media?parent=143793"}],"wp:term":[{"taxonomy":"category","embeddable":true,"href":"http:\/\/joelaybar.com\/wp\/wp-json\/wp\/v2\/categories?post=143793"},{"taxonomy":"post_tag","embeddable":true,"href":"http:\/\/joelaybar.com\/wp\/wp-json\/wp\/v2\/tags?post=143793"}],"curies":[{"name":"wp","href":"https:\/\/api.w.org\/{rel}","templated":true}]}}