{"id":143892,"date":"2026-05-01T08:14:00","date_gmt":"2026-05-01T08:14:00","guid":{"rendered":"http:\/\/joelaybar.com\/wp\/2026\/05\/01\/el-coe-levanta-alerta-roja-mantiene-provincias-en-amarilla-y-verde\/"},"modified":"2026-05-01T08:14:00","modified_gmt":"2026-05-01T08:14:00","slug":"el-coe-levanta-alerta-roja-mantiene-provincias-en-amarilla-y-verde","status":"publish","type":"post","link":"http:\/\/joelaybar.com\/wp\/2026\/05\/01\/el-coe-levanta-alerta-roja-mantiene-provincias-en-amarilla-y-verde\/","title":{"rendered":"El COE levanta alerta roja; mantiene provincias en amarilla y verde"},"content":{"rendered":"<p>El <strong>Centro de Operaciones de Emergencias<\/strong> (COE) descontinu\u00f3 la ma\u00f1ana de este viernes la alerta roja que hab\u00eda emitido para cuatro provincias por los efectos de una <strong>vaguada<\/strong>\u00a0sobre el territorio nacional. Sin embargo, mantiene la alerta amarilla para 18 demarcaciones,\u00a0ante la posibilidad de inundaciones, deslizamientos de tierra y crecidas de r\u00edos, arroyos o ca\u00f1adas.<\/p>\n<p>    Provincias en\u00a0<strong>alerta amarilla<\/strong>:\u00a0Santiago Rodr\u00edguez, Valverde, Montecristi, Puerto Plata, Monte Plata, San Jos\u00e9 de Ocoa, Mar\u00eda Trinidad S\u00e1nchez, y Santiago. Adem\u00e1s, de Duarte, en especial el Bajo Yuna, San Crist\u00f3bal, Hermanas Mirabal, El Seibo, Monse\u00f1or Nouel, La Vega, S\u00e1nchez Ram\u00edrez, Espaillat, Saman\u00e1 y Hato Mayor.<\/p>\n<div class=\"w-full pt-2 float-left inside-related\">    <span class=\"border-b border-black pb-3 mb-4 block\"><strong>RELACIONADAS<\/strong><\/span>                                \n<div class=\"xl:w-2\/12 w-4\/12\">                                                                        <a href=\"https:\/\/www.diariolibre.com\/actualidad\/nacional\/2026\/04\/29\/inundaciones-por-lluvias-en-dajabon-montecristi-y-santiago-rodriguez\/3518618?utm_source=relacionadas&amp;utm_medium=nota&amp;utm_campaign=relacionadas\" title=\"                                                                                                                            \">                                                                                                                            <\/a>                                                            <\/div>\n<div class=\"xl:w-10\/12 w-8\/12 pl-3\">\n<div class=\"text-md mb-2 meta\">                        <a href=\"https:\/\/www.diariolibre.com\/actualidad\/nacional\" title=\"Nacional\">Nacional<\/a>                    <\/div>\n<h2><a href=\"https:\/\/www.diariolibre.com\/actualidad\/nacional\/2026\/04\/29\/inundaciones-por-lluvias-en-dajabon-montecristi-y-santiago-rodriguez\/3518618?utm_source=relacionadas&amp;utm_medium=nota&amp;utm_campaign=relacionadas\" title=\"Lluvias provocan inundaciones y da\u00f1os en Dajab\u00f3n, Montecristi y Santiago Rodr\u00edguez\">Lluvias provocan inundaciones y da\u00f1os en Dajab\u00f3n, Montecristi y Santiago Rodr\u00edguez<\/a><\/h2>\n<\/div>\n<\/div>\n<p>    Provincias en <strong>alerta verde<\/strong>: San Juan, Peravia, San Pedro de Macor\u00eds, el <strong>Distrito Nacional<\/strong>, <strong>La Altagracia<\/strong>, Dajab\u00f3n, La Romana y Santo Domingo.<\/p>\n<h2>El Informe del Tiempo<\/h2>\n<p>Seg\u00fan el <strong>Instituto Dominicano de Meteorolog\u00eda<\/strong> (Indomet), para hoy se esperan acumulados de <strong>lluvias significativos<\/strong> durante la tarde y la noche por la incidencia de la <strong>vaguada<\/strong>, asociada a un sistema frontal.<\/p>\n<p>De acuerdo con el organismo meteorol\u00f3gico, esta condici\u00f3n impactar\u00e1 las provincias de <strong>Puerto Plata<\/strong>, Saman\u00e1, Santiago, La Vega, <strong>Monse\u00f1or Nouel<\/strong>, Monte Plata, San Pedro de Macor\u00eds y el <strong>Gran Santo Domingo<\/strong>. <\/p>\n<p>En estas demarcaciones, la instituci\u00f3n indic\u00f3 que se esperan <strong>aguaceros fuertes<\/strong> a localmente intensos, <strong>tormentas el\u00e9ctricas<\/strong>, r\u00e1fagas de viento y no se descarta la ocurrencia de <strong>granizadas aisladas<\/strong>.<\/p>\n<h2>Recomendaciones de las autoridades<\/h2>\n<p>Ante las persistentes lluvias, el <strong>Centro de Operaciones de Emergencias<\/strong> reiter\u00f3 el llamado a la poblaci\u00f3n a abstenerse de cruzar r\u00edos, arroyos y ca\u00f1adas que presenten alto volumen de agua, as\u00ed como evitar balnearios que registren un aumento en su caudal y nivel de turbiedad, especialmente en las <strong>provincias bajo alerta<\/strong>.<\/p>\n<p>Adem\u00e1s, inst\u00f3 a los padres a tener control sobre sus hijos para evitar que usen r\u00edos, arroyos y ca\u00f1adas con alto volumen de agua. En tanto, exhort\u00f3 a los conductores a tomar las <strong>medidas preventivas<\/strong> de lugar debido a la reducci\u00f3n de visibilidad generada por las lluvias.<\/p>\n<p>De igual manera, ratific\u00f3 que queda prohibido el acceso de ba\u00f1istas al <strong>r\u00edo Nizao<\/strong>, ya que el Comit\u00e9 de Operaci\u00f3n de Embalse est\u00e1 regulando la cuenca de la <strong>presa de Valdesia<\/strong>.<\/p>\n<p><\/p>","protected":false},"excerpt":{"rendered":"<p>El Centro de Operaciones de Emergencias (COE) descontinu\u00f3 la ma\u00f1ana de este viernes la alerta roja que hab\u00eda emitido para cuatro provincias por los efectos de una vaguada\u00a0sobre el territorio nacional. Sin embargo,&#8230;<\/p>\n","protected":false},"author":0,"featured_media":143893,"comment_status":"open","ping_status":"open","sticky":false,"template":"","format":"standard","meta":{"footnotes":""},"categories":[1],"tags":[],"class_list":["post-143892","post","type-post","status-publish","format-standard","has-post-thumbnail","hentry","category-sin-categoria"],"_links":{"self":[{"href":"http:\/\/joelaybar.com\/wp\/wp-json\/wp\/v2\/posts\/143892","targetHints":{"allow":["GET"]}}],"collection":[{"href":"http:\/\/joelaybar.com\/wp\/wp-json\/wp\/v2\/posts"}],"about":[{"href":"http:\/\/joelaybar.com\/wp\/wp-json\/wp\/v2\/types\/post"}],"replies":[{"embeddable":true,"href":"http:\/\/joelaybar.com\/wp\/wp-json\/wp\/v2\/comments?post=143892"}],"version-history":[{"count":0,"href":"http:\/\/joelaybar.com\/wp\/wp-json\/wp\/v2\/posts\/143892\/revisions"}],"wp:featuredmedia":[{"embeddable":true,"href":"http:\/\/joelaybar.com\/wp\/wp-json\/wp\/v2\/media\/143893"}],"wp:attachment":[{"href":"http:\/\/joelaybar.com\/wp\/wp-json\/wp\/v2\/media?parent=143892"}],"wp:term":[{"taxonomy":"category","embeddable":true,"href":"http:\/\/joelaybar.com\/wp\/wp-json\/wp\/v2\/categories?post=143892"},{"taxonomy":"post_tag","embeddable":true,"href":"http:\/\/joelaybar.com\/wp\/wp-json\/wp\/v2\/tags?post=143892"}],"curies":[{"name":"wp","href":"https:\/\/api.w.org\/{rel}","templated":true}]}}