{"id":143916,"date":"2026-05-01T11:03:00","date_gmt":"2026-05-01T11:03:00","guid":{"rendered":"http:\/\/joelaybar.com\/wp\/2026\/05\/01\/el-coe-prohibe-acceso-de-banistas-al-rio-nizao-2\/"},"modified":"2026-05-01T11:03:00","modified_gmt":"2026-05-01T11:03:00","slug":"el-coe-prohibe-acceso-de-banistas-al-rio-nizao-2","status":"publish","type":"post","link":"http:\/\/joelaybar.com\/wp\/2026\/05\/01\/el-coe-prohibe-acceso-de-banistas-al-rio-nizao-2\/","title":{"rendered":"El COE proh\u00edbe acceso de ba\u00f1istas al r\u00edo Nizao"},"content":{"rendered":"<p>El Centro de Operaciones de Emergencias (COE) reiter\u00f3 este viernes la <strong>prohibici\u00f3n para ba\u00f1istas<\/strong> de acceder a <strong>r\u00edos, arroyos y ca\u00f1adas<\/strong> en las provincias bajo alerta, debido al alto volumen y la turbiedad que mantienen estos afluentes tras las lluvias recientes.<\/p>\n<p>La restricci\u00f3n incluye de manera especial el acceso al <strong>r\u00edo Nizao<\/strong>, en la cuenca de la <strong>presa de Valdesia<\/strong>, donde las autoridades regulan los niveles del embalse. Seg\u00fan se inform\u00f3, esta operaci\u00f3n incrementa los riesgos para quienes intenten utilizar el r\u00edo con fines recreativos, por lo que queda terminantemente prohibido el ingreso de ba\u00f1istas.<\/p>\n<p>El organismo de emergencia insisti\u00f3 en que las personas deben abstenerse de cruzar <strong>r\u00edos, arroyos y ca\u00f1adas<\/strong> que presenten <strong>altos vol\u00famenes<\/strong> de agua, al tiempo que exhort\u00f3 a no utilizar balnearios en las demarcaciones bajo alerta.<\/p>\n<p>Asimismo, llam\u00f3 a los padres y tutores a mantener un <strong>control estricto<\/strong> sobre los <strong>menores de edad<\/strong>, a fin de evitar que se expongan a <strong>corrientes peligrosas<\/strong> en estos afluentes.<\/p>\n<p>Mediante un comunicado, el <strong>COE recomend\u00f3<\/strong> a los conductores tomar medidas preventivas ante la reducci\u00f3n de visibilidad ocasionada por las lluvias, lo que podr\u00eda incrementar el riesgo de accidentes en distintas v\u00edas del pa\u00eds.<\/p>\n<div class=\"w-full pt-2 float-left inside-related\">    <span class=\"border-b border-black pb-3 mb-4 block\"><strong>RELACIONADAS<\/strong><\/span>    <\/div>\n<p>\u00a0<\/p>\n<h2><strong>Lluvias no cesan<\/strong><\/h2>\n<p>Para la tarde y noche de este viernes, se prev\u00e9 que la <strong>vaguada asociada<\/strong> a un <strong>sistema frontal<\/strong> provoque aguaceros fuertes, <strong>tormentas el\u00e9ctricas<\/strong> y r\u00e1fagas de viento en varias provincias, seg\u00fan inform\u00f3 el <strong>Instituto Dominicano de Meteorolog\u00eda<\/strong> (Indomet).<\/p>\n<p>    El organismo tampoco descarta la ocurrencia de <strong>granizadas aisladas<\/strong> debido al <strong>temporal de lluvias<\/strong>.<\/p>\n<p>De acuerdo con la instituci\u00f3n, estas <strong>condiciones impactar\u00e1n<\/strong> las provincias de <strong>Puerto Plata<\/strong>, Saman\u00e1, Santiago, La Vega, Monse\u00f1or Nouel, Monte Plata, San Pedro de Macor\u00eds y el <strong>Gran Santo Domingo<\/strong>.<\/p>\n<h2>Provincias bajo alerta<\/h2>\n<p>Aunque el organismo descontinu\u00f3 la alerta roja que reg\u00eda para cuatro provincias, mantiene la alerta amarilla en 18 demarcaciones ante la <strong>posibilidad de inundaciones<\/strong>, deslizamientos de tierra y crecidas repentinas de r\u00edos, arroyos y ca\u00f1adas.<\/p>\n<p>Entre las provincias en <strong>alerta amarilla<\/strong> figuran Santiago Rodr\u00edguez, Valverde, Montecristi, Puerto Plata, Monte Plata, San Jos\u00e9 de Ocoa, Mar\u00eda Trinidad S\u00e1nchez y Santiago, as\u00ed como Duarte \u2014especialmente el Bajo Yuna\u2014, San Crist\u00f3bal, Hermanas Mirabal, El Seibo, Monse\u00f1or Nouel, La Vega, S\u00e1nchez Ram\u00edrez, Espaillat, Saman\u00e1 y Hato Mayor.<\/p>\n<p>En tanto, se mantienen en <strong>alerta verde<\/strong> San Juan, Peravia, San Pedro de Macor\u00eds, el Distrito Nacional, La Altagracia, Dajab\u00f3n, La Romana y Santo Domingo.<\/p>\n<p>Las autoridades reiteraron el llamado a la poblaci\u00f3n a acatar las disposiciones y <strong>evitar exponerse a situaciones de riesgo <\/strong>mientras persistan las condiciones clim\u00e1ticas adversas.<\/p>","protected":false},"excerpt":{"rendered":"<p>El Centro de Operaciones de Emergencias (COE) reiter\u00f3 este viernes la prohibici\u00f3n para ba\u00f1istas de acceder a r\u00edos, arroyos y ca\u00f1adas en las provincias bajo alerta, debido al alto volumen y la turbiedad&#8230;<\/p>\n","protected":false},"author":0,"featured_media":143911,"comment_status":"open","ping_status":"open","sticky":false,"template":"","format":"standard","meta":{"footnotes":""},"categories":[1],"tags":[],"class_list":["post-143916","post","type-post","status-publish","format-standard","has-post-thumbnail","hentry","category-sin-categoria"],"_links":{"self":[{"href":"http:\/\/joelaybar.com\/wp\/wp-json\/wp\/v2\/posts\/143916","targetHints":{"allow":["GET"]}}],"collection":[{"href":"http:\/\/joelaybar.com\/wp\/wp-json\/wp\/v2\/posts"}],"about":[{"href":"http:\/\/joelaybar.com\/wp\/wp-json\/wp\/v2\/types\/post"}],"replies":[{"embeddable":true,"href":"http:\/\/joelaybar.com\/wp\/wp-json\/wp\/v2\/comments?post=143916"}],"version-history":[{"count":0,"href":"http:\/\/joelaybar.com\/wp\/wp-json\/wp\/v2\/posts\/143916\/revisions"}],"wp:featuredmedia":[{"embeddable":true,"href":"http:\/\/joelaybar.com\/wp\/wp-json\/wp\/v2\/media\/143911"}],"wp:attachment":[{"href":"http:\/\/joelaybar.com\/wp\/wp-json\/wp\/v2\/media?parent=143916"}],"wp:term":[{"taxonomy":"category","embeddable":true,"href":"http:\/\/joelaybar.com\/wp\/wp-json\/wp\/v2\/categories?post=143916"},{"taxonomy":"post_tag","embeddable":true,"href":"http:\/\/joelaybar.com\/wp\/wp-json\/wp\/v2\/tags?post=143916"}],"curies":[{"name":"wp","href":"https:\/\/api.w.org\/{rel}","templated":true}]}}