{"id":143997,"date":"2026-05-01T21:52:00","date_gmt":"2026-05-01T21:52:00","guid":{"rendered":"http:\/\/joelaybar.com\/wp\/2026\/05\/01\/caso-jet-set-el-15-de-junio-se-definira-si-los-espaillat-van-a-juicio-2\/"},"modified":"2026-05-01T21:52:00","modified_gmt":"2026-05-01T21:52:00","slug":"caso-jet-set-el-15-de-junio-se-definira-si-los-espaillat-van-a-juicio-2","status":"publish","type":"post","link":"http:\/\/joelaybar.com\/wp\/2026\/05\/01\/caso-jet-set-el-15-de-junio-se-definira-si-los-espaillat-van-a-juicio-2\/","title":{"rendered":"Caso Jet Set: el 15 de junio se definir\u00e1 si los Espaillat van a juicio"},"content":{"rendered":"<p>El <strong>juez Raymundo Mej\u00eda<\/strong>, del Primer Juzgado de Instrucci\u00f3n del Distrito Nacional, inform\u00f3 que el pr\u00f3ximo <strong>15 de junio<\/strong> decidir\u00e1 si env\u00eda o no a juicio de fondo a los <strong>hermanos Antonio y Maribel Espaillat<\/strong>, imputados por el colapso del techo de la discoteca Jet Set Club, hecho ocurrido el 8 de abril de 2025 y que dej\u00f3 236 personas fallecidas y m\u00e1s de un centenar de heridos.<\/p>\n<p>La lectura de la decisi\u00f3n fue fijada para las <strong>10:00 de la ma\u00f1ana<\/strong>. El magistrado explic\u00f3 que se reserva el fallo luego de escuchar la defensa material de <strong>Maribel Espaillat<\/strong>, as\u00ed como las r\u00e9plicas y contrarr\u00e9plicas del <strong>Ministerio P\u00fablico<\/strong>, la defensa t\u00e9cnica de los imputados, la parte querellante y representantes de las v\u00edctimas.<\/p>\n<div class=\"w-full pt-2 float-left inside-related\">    <span class=\"border-b border-black pb-3 mb-4 block\"><strong>RELACIONADAS<\/strong><\/span>                                \n<div class=\"xl:w-2\/12 w-4\/12\">                                                                        <a href=\"https:\/\/www.diariolibre.com\/actualidad\/justicia\/2026\/05\/01\/caso-jet-set-sobrevivientes-recuentan-momentos-bajo-escombros\/3520811?utm_source=relacionadas&amp;utm_medium=nota&amp;utm_campaign=relacionadas\" title=\"                                                                                                                            \">                                                                                                                            <\/a>                                                            <\/div>\n<div class=\"xl:w-10\/12 w-8\/12 pl-3\">\n<div class=\"text-md mb-2 meta\">                        <a href=\"https:\/\/www.diariolibre.com\/actualidad\/justicia\" title=\"Justicia\">Justicia<\/a>                    <\/div>\n<h2><a href=\"https:\/\/www.diariolibre.com\/actualidad\/justicia\/2026\/05\/01\/caso-jet-set-sobrevivientes-recuentan-momentos-bajo-escombros\/3520811?utm_source=relacionadas&amp;utm_medium=nota&amp;utm_campaign=relacionadas\" title=\"Sobrevivientes del Jet Set recuentan p\u00e9rdidas y momentos bajo los escombros ante el tribunal\">Sobrevivientes del Jet Set recuentan p\u00e9rdidas y momentos bajo los escombros ante el tribunal<\/a><\/h2>\n<\/div>\n<div class=\"xl:w-2\/12 w-4\/12\">                                                                        <a href=\"https:\/\/www.diariolibre.com\/actualidad\/justicia\/2026\/05\/01\/hermanos-espaillat-piden-juicio-de-fondo-en-caso-jet-set\/3520618?utm_source=relacionadas&amp;utm_medium=nota&amp;utm_campaign=relacionadas\" title=\"                                                                                                                            \">                                                                                                                            <\/a>                                                            <\/div>\n<div class=\"xl:w-10\/12 w-8\/12 pl-3\">\n<div class=\"text-md mb-2 meta\">                        <a href=\"https:\/\/www.diariolibre.com\/actualidad\/justicia\" title=\"Justicia\">Justicia<\/a>                    <\/div>\n<h2><a href=\"https:\/\/www.diariolibre.com\/actualidad\/justicia\/2026\/05\/01\/hermanos-espaillat-piden-juicio-de-fondo-en-caso-jet-set\/3520618?utm_source=relacionadas&amp;utm_medium=nota&amp;utm_campaign=relacionadas\" title=\"Los hermanos Espaillat piden llevar caso Jet Set a juicio de fondo para debatir mejor las pruebas\">Los hermanos Espaillat piden llevar caso Jet Set a juicio de fondo para debatir mejor las pruebas<\/a><\/h2>\n<\/div>\n<\/div>\n<p>Durante la audiencia, Mej\u00eda se\u00f1al\u00f3 que el <strong>C\u00f3digo Procesal Penal<\/strong> establece un plazo de entre 30 y 45 d\u00edas para emitir este tipo de decisiones.<\/p>\n<p>Sin embargo, indic\u00f3 que el tribunal opt\u00f3 por el <strong>plazo m\u00ednimo<\/strong>, en un esfuerzo de <strong>celeridad procesal<\/strong>.<\/p>\n<p>El juez agreg\u00f3 que la audiencia no solo <strong>incluir\u00e1 la decisi\u00f3n<\/strong>, sino tambi\u00e9n la entrega formal de la resoluci\u00f3n debidamente motivada.<\/p>\n<h2>Defensa solicita <strong>env\u00edo a juicio<\/strong><\/h2>\n<p>En la audiencia preliminar, la defensa de los hermanos Espaillat solicit\u00f3 que el caso sea enviado a juicio de fondo, al considerar que es en esa etapa donde deben debatirse las pruebas y el contenido de la acusaci\u00f3n presentada por el <strong>Ministerio P\u00fablico<\/strong>.<\/p>\n<p>El <strong>abogado Ram\u00f3n Emilio N\u00fa\u00f1ez<\/strong> afirm\u00f3 que la defensa mantiene \u201cprofundo respeto por las v\u00edctimas\u201d y reconoci\u00f3 que se trata de un caso de \u201c<strong>alto impacto<\/strong> humano, social e institucional\u201d.<\/p>\n<p>\u201cEn casos como este, la administraci\u00f3n de justicia exige mayor <strong>rigor jur\u00eddico<\/strong>, <strong>prudencia<\/strong> y <strong>garant\u00edas<\/strong>\u201d, sostuvo.<\/p>\n<p>N\u00fa\u00f1ez a\u00f1adi\u00f3 que la <strong>defensa no se opone<\/strong> a que el proceso avance a juicio de fondo, con el objetivo de que all\u00ed se discutan todas las pruebas, incluidas aquellas a\u00fan pendientes de revisi\u00f3n.<\/p>\n<h2>\u201c<strong>Lo lamento<\/strong>, <strong>me duele el alma<\/strong>\u201d<\/h2>\n<p>Durante la audiencia preliminar, <strong>Maribel Espaillat<\/strong> ofreci\u00f3 un relato de lo ocurrido la noche del colapso, describiendo c\u00f3mo el <strong>techo cedi\u00f3<\/strong> mientras se desarrollaba una actividad habitual de los lunes, dej\u00e1ndola atrapada bajo los escombros junto a su esposo y otras personas.<\/p>\n<p>\u201cEsa noche empez\u00f3 como una <strong>noche normal<\/strong>\u2026 todo se ve\u00eda tranquilo\u201d, record\u00f3.<\/p>\n<p>Narr\u00f3 momentos de angustia mientras <strong>solicitaba ayuda<\/strong> y se intentaban coordinar rescates dentro de la estructura colapsada. Tambi\u00e9n <strong>indic\u00f3 que su herman<\/strong>o, desde el extranjero, gestion\u00f3 asistencia de emergencia al enterarse de la situaci\u00f3n.<\/p>\n<p>Espaillat explic\u00f3 que fue rescatada con <strong>heridas visibles y trasladada a un centro m\u00e9dico<\/strong>, donde recibi\u00f3 atenci\u00f3n junto a su esposo, quien sufri\u00f3 lesiones de gravedad y requiri\u00f3 m\u00faltiples cirug\u00edas.<\/p>\n<p>\u201cYo nunca perd\u00ed la fe\u201d, afirm\u00f3, al referirse al<strong> proceso de recuperaci\u00f3n <\/strong>de su pareja, quien permaneci\u00f3 varias semanas en cuidados intensivos.<\/p>\n<p>\u201c<strong>Lo lamento<\/strong>, <strong>me duele el alma<\/strong> y pido fortaleza para todas las familias. Gracias, se\u00f1or juez\u201d, expres\u00f3 visiblemente afectada.<\/p>\n<p>Finalmente, reiter\u00f3 su pedido de justicia y <strong>el esclarecimiento de los hechos<\/strong>. \u201cTodos <strong>queremos saber<\/strong> qu\u00e9 pas\u00f3 realmente en el Jet Set\u201d, conluy\u00f3.<\/p>","protected":false},"excerpt":{"rendered":"<p>El juez Raymundo Mej\u00eda, del Primer Juzgado de Instrucci\u00f3n del Distrito Nacional, inform\u00f3 que el pr\u00f3ximo 15 de junio decidir\u00e1 si env\u00eda o no a juicio de fondo a los hermanos Antonio y&#8230;<\/p>\n","protected":false},"author":0,"featured_media":143992,"comment_status":"open","ping_status":"open","sticky":false,"template":"","format":"standard","meta":{"footnotes":""},"categories":[1],"tags":[],"class_list":["post-143997","post","type-post","status-publish","format-standard","has-post-thumbnail","hentry","category-sin-categoria"],"_links":{"self":[{"href":"http:\/\/joelaybar.com\/wp\/wp-json\/wp\/v2\/posts\/143997","targetHints":{"allow":["GET"]}}],"collection":[{"href":"http:\/\/joelaybar.com\/wp\/wp-json\/wp\/v2\/posts"}],"about":[{"href":"http:\/\/joelaybar.com\/wp\/wp-json\/wp\/v2\/types\/post"}],"replies":[{"embeddable":true,"href":"http:\/\/joelaybar.com\/wp\/wp-json\/wp\/v2\/comments?post=143997"}],"version-history":[{"count":0,"href":"http:\/\/joelaybar.com\/wp\/wp-json\/wp\/v2\/posts\/143997\/revisions"}],"wp:featuredmedia":[{"embeddable":true,"href":"http:\/\/joelaybar.com\/wp\/wp-json\/wp\/v2\/media\/143992"}],"wp:attachment":[{"href":"http:\/\/joelaybar.com\/wp\/wp-json\/wp\/v2\/media?parent=143997"}],"wp:term":[{"taxonomy":"category","embeddable":true,"href":"http:\/\/joelaybar.com\/wp\/wp-json\/wp\/v2\/categories?post=143997"},{"taxonomy":"post_tag","embeddable":true,"href":"http:\/\/joelaybar.com\/wp\/wp-json\/wp\/v2\/tags?post=143997"}],"curies":[{"name":"wp","href":"https:\/\/api.w.org\/{rel}","templated":true}]}}