{"id":14838,"date":"1970-01-01T00:00:00","date_gmt":"1970-01-01T00:00:00","guid":{"rendered":"http:\/\/joelaybar.com\/wp\/1970\/01\/01\/lo-que-hizo-la-mujer-que-mato-al-chino-para-no-ser-apresada-3\/"},"modified":"1970-01-01T00:00:00","modified_gmt":"1970-01-01T00:00:00","slug":"lo-que-hizo-la-mujer-que-mato-al-chino-para-no-ser-apresada-3","status":"publish","type":"post","link":"http:\/\/joelaybar.com\/wp\/1970\/01\/01\/lo-que-hizo-la-mujer-que-mato-al-chino-para-no-ser-apresada-3\/","title":{"rendered":"Lo que hizo la mujer que mat\u00f3 al chino para  no ser apresada"},"content":{"rendered":"<p>Las autoridades dominicanas informaron este jueves que apresaron en Espa\u00f1a a <strong>Francelys Mar\u00eda Furcal Rodr\u00edguez<\/strong>, tras permanecer pr\u00f3fuga de la justicia un a\u00f1o y cuatro meses por la muerte del ciudadano <strong>chino<\/strong> <strong>Chen Zongxin<\/strong>, en la <strong>ferreter\u00eda<\/strong> Z&amp;C en el ensanche Luper\u00f3n del Distrito Nacional en abril de 2022. <\/p>\n<p>La detenci\u00f3n se produjo tras la articulaci\u00f3n de una Comisi\u00f3n Rogatoria Internacional con las autoridades dominicanas a Espa\u00f1a y una Notificaci\u00f3n Roja de la OCN-Interpol Santo Domingo.<\/p>\n<p>\u00abLa coordinaci\u00f3n legal internacional de esta diligencia estuvo a cargo de la Procuradur\u00eda General de la Rep\u00fablica Dominicana y la Fiscal\u00eda Provincial de Madrid, Espa\u00f1a\u00bb, indic\u00f3 el vocero de la Polic\u00eda, coronel Diego Pesqueira, durante una rueda de prensa.<\/p>\n<p>De acuerdo con Pesqueira, para tratar de evadir la justicia, la dama consigui\u00f3 documentos falsos y viaj\u00f3 primero a Medell\u00edn, Colombia, antes de llegar a Espa\u00f1a.<\/p>\n<p>La instituci\u00f3n asegur\u00f3 que ya se iniciaron los tr\u00e1mites con la Procuradur\u00eda General de la Rep\u00fablica y la Fiscal\u00eda Provincial de Madrid para la repatriaci\u00f3n de Furcal Rodr\u00edguez.<\/p>\n<div class=\"w-full pt-2 float-left inside-related\">    <span class=\"border-b border-black pb-3 mb-4 block\"><strong>RELACIONADAS<\/strong><\/span>                                \n<div class=\"xl:w-2\/12 w-4\/12\">                                                                        <a href=\"https:\/\/www.diariolibre.com\/actualidad\/nacional\/2023\/08\/03\/los-cambios-de-imagen-que-francelys-uso-para-evadir-justicia\/2422766?utm_source=relacionadas&amp;utm_medium=nota&amp;utm_campaign=relacionadas\" title=\"                                                                                                                            \">                                                                                                                            <\/a>                                                            <\/div>\n<div class=\"xl:w-10\/12 w-8\/12 pl-3\">\n<div class=\"text-md mb-2 meta\">                        <a href=\"https:\/\/www.diariolibre.com\/actualidad\/nacional\" title=\"Nacional\">Nacional<\/a>                    <\/div>\n<h2><a href=\"https:\/\/www.diariolibre.com\/actualidad\/nacional\/2023\/08\/03\/los-cambios-de-imagen-que-francelys-uso-para-evadir-justicia\/2422766?utm_source=relacionadas&amp;utm_medium=nota&amp;utm_campaign=relacionadas\" title=\"Los cambios de imagen que Francelys Furcal us\u00f3 para viajar por el mundo evadiendo la justicia\">Los cambios de imagen que Francelys Furcal us\u00f3 para viajar por el mundo evadiendo la justicia<\/a><\/h2>\n<\/div>\n<div class=\"xl:w-2\/12 w-4\/12\">                                                                        <a href=\"https:\/\/www.diariolibre.com\/actualidad\/nacional\/2023\/08\/03\/quien-financio-el-escape-de-francelys-furcal\/2422636?utm_source=relacionadas&amp;utm_medium=nota&amp;utm_campaign=relacionadas\" title=\"                                                                                                                            \">                                                                                                                            <\/a>                                                            <\/div>\n<div class=\"xl:w-10\/12 w-8\/12 pl-3\">\n<div class=\"text-md mb-2 meta\">                        <a href=\"https:\/\/www.diariolibre.com\/actualidad\/nacional\" title=\"Nacional\">Nacional<\/a>                    <\/div>\n<h2><a href=\"https:\/\/www.diariolibre.com\/actualidad\/nacional\/2023\/08\/03\/quien-financio-el-escape-de-francelys-furcal\/2422636?utm_source=relacionadas&amp;utm_medium=nota&amp;utm_campaign=relacionadas\" title=\"\u00bfQui\u00e9n financi\u00f3 el escape de Francelys Furcal, mujer que mat\u00f3 a un chino?\">\u00bfQui\u00e9n financi\u00f3 el escape de Francelys Furcal, mujer que mat\u00f3 a un chino?<\/a><\/h2>\n<\/div>\n<\/div>\n<h2>El periplo por cinco pa\u00edses\u00a0<\/h2>\n<p>Antes de viajar a Espa\u00f1a, Francelys emprendi\u00f3 un\u00a0viaje complicado. Sali\u00f3 del pa\u00eds el 22 de junio de 2022, dos meses despu\u00e9s de cometer el crimen.\u00a0Utiliz\u00f3 m\u00e9todos fraudulentos para cambiar su apariencia y se dirigi\u00f3 a Medell\u00edn, Colombia, acompa\u00f1ada por otra persona, seg\u00fan inform\u00f3 el portavoz de la <strong>Polic\u00eda Nacional<\/strong>.<\/p>\n<p>Permaneci\u00f3 oculta durante\u00a041 d\u00edas en la ciudad de Pereira, Colombia, y luego, el 2 de agosto de 2022, utilizando la identidad de una ciudadana colombiana, sali\u00f3 de ese pa\u00eds con destino a la ciudad de Sao Paulo, en Brasil.<\/p>\n<p>Posteriormente, el 7 de agosto de 2022, sali\u00f3 del aeropuerto de S\u00e3o Paulo, Brasil, con rumbo a Doha, Qatar, para finalmente llegar a Barcelona, Espa\u00f1a, el 8 de agosto de 2022, procedente de Par\u00eds, Francia.<\/p>\n<h2>Colaboradores de la mujer financiaron su escape y cambio de identidad<\/h2>\n<p>Los\u00a0investigadores especiales\u00a0que trabajaron en este caso determinaron que la pareja de la detenida y algunos familiares financiaron los destinos a los que acudi\u00f3 y el pago de su identidad falsa.<\/p>\n<p>    <span class=\"block mb-2\"><strong>Te puede interesar<\/strong><\/span>                <\/p>\n<h2><a href=\"https:\/\/www.diariolibre.com\/actualidad\/sucesos\/2023\/08\/03\/viaje-complicado-de-dominicana-que-mato-chino\/2422464?utm_source=relacionadas&amp;utm_medium=nota&amp;utm_campaign=relacionadas\" title=\"El periplo por cinco pa\u00edses de Francelis Furcal, dominicana acusada de matar a un chino\">El periplo por cinco pa\u00edses de Francelis Furcal, dominicana acusada de matar a un chino<\/a><\/h2>\n<h2><a href=\"https:\/\/www.diariolibre.com\/actualidad\/nacional\/2023\/08\/03\/apresan-en-espana-a-dominicana-que-mato-chino\/2422434?utm_source=relacionadas&amp;utm_medium=nota&amp;utm_campaign=relacionadas\" title=\"Apresan en Espa\u00f1a a dominicana que mat\u00f3 a un chino en ferreter\u00eda del ensanche Luper\u00f3n\">Apresan en Espa\u00f1a a dominicana que mat\u00f3 a un chino en ferreter\u00eda del ensanche Luper\u00f3n<\/a><\/h2>\n<p>Diego\u00a0Pesqueira, portavoz de la Polic\u00eda, precis\u00f3 que en su momento se dar\u00e1n a conocer los nombres de las personas que ayudaron a la mujer a evadir la justicia dominicana.<\/p>\n<h2>Sobre el caso\u00a0<\/h2>\n<p>La muerte del extranjero, quien era el jefe de Franyelis, se registr\u00f3 en\u00a0la\u00a0<strong>Ferreter\u00eda<\/strong> Z&amp;C, del ensanche Luper\u00f3n, Distrito Nacional, en medio de una trifulca entre ambos.<\/p>\n<p>Un video que se hizo viral en las redes sociales capt\u00f3 el momento en que la mujer atac\u00f3 con un arma blanca a su jefe, luego de que \u00e9ste la agrediera.\u00a0<\/p>\n<p>Tras el suceso, los trabajadores dominicanos de la\u00a0<strong>Ferreter\u00eda<\/strong> Z&amp;C\u00a0fueron amenazados con ser despedidos si hablaban sobre la muerte del\u00a0<strong>chino<\/strong>\u00a0de 34 a\u00f1os. Sin embargo, expresaron que eran sometidos a constantes maltratos por parte de sus superiores.\u00a0<\/p>\n<p><\/p>\n<p><\/p>\n<p><\/p>\n<p><\/p>","protected":false},"excerpt":{"rendered":"<p>Las autoridades dominicanas informaron este jueves que apresaron en Espa\u00f1a a Francelys Mar\u00eda Furcal Rodr\u00edguez, tras permanecer pr\u00f3fuga de la justicia un a\u00f1o y cuatro meses por la muerte del ciudadano chino Chen&#8230;<\/p>\n","protected":false},"author":0,"featured_media":14839,"comment_status":"open","ping_status":"open","sticky":false,"template":"","format":"standard","meta":{"footnotes":""},"categories":[1],"tags":[],"class_list":["post-14838","post","type-post","status-publish","format-standard","has-post-thumbnail","hentry","category-sin-categoria"],"_links":{"self":[{"href":"http:\/\/joelaybar.com\/wp\/wp-json\/wp\/v2\/posts\/14838","targetHints":{"allow":["GET"]}}],"collection":[{"href":"http:\/\/joelaybar.com\/wp\/wp-json\/wp\/v2\/posts"}],"about":[{"href":"http:\/\/joelaybar.com\/wp\/wp-json\/wp\/v2\/types\/post"}],"replies":[{"embeddable":true,"href":"http:\/\/joelaybar.com\/wp\/wp-json\/wp\/v2\/comments?post=14838"}],"version-history":[{"count":0,"href":"http:\/\/joelaybar.com\/wp\/wp-json\/wp\/v2\/posts\/14838\/revisions"}],"wp:featuredmedia":[{"embeddable":true,"href":"http:\/\/joelaybar.com\/wp\/wp-json\/wp\/v2\/media\/14839"}],"wp:attachment":[{"href":"http:\/\/joelaybar.com\/wp\/wp-json\/wp\/v2\/media?parent=14838"}],"wp:term":[{"taxonomy":"category","embeddable":true,"href":"http:\/\/joelaybar.com\/wp\/wp-json\/wp\/v2\/categories?post=14838"},{"taxonomy":"post_tag","embeddable":true,"href":"http:\/\/joelaybar.com\/wp\/wp-json\/wp\/v2\/tags?post=14838"}],"curies":[{"name":"wp","href":"https:\/\/api.w.org\/{rel}","templated":true}]}}