{"id":15742,"date":"1970-01-01T00:00:00","date_gmt":"1970-01-01T00:00:00","guid":{"rendered":"http:\/\/joelaybar.com\/wp\/1970\/01\/01\/gobierno-apela-a-dialogo-ante-llamado-a-paro-medico\/"},"modified":"1970-01-01T00:00:00","modified_gmt":"1970-01-01T00:00:00","slug":"gobierno-apela-a-dialogo-ante-llamado-a-paro-medico","status":"publish","type":"post","link":"http:\/\/joelaybar.com\/wp\/1970\/01\/01\/gobierno-apela-a-dialogo-ante-llamado-a-paro-medico\/","title":{"rendered":"Gobierno apela a di\u00e1logo ante llamado a paro m\u00e9dico"},"content":{"rendered":"<p>El Gobierno dominicano sugiri\u00f3 este mi\u00e9rcoles al Colegio M\u00e9dico Dominicano (<strong>CMD<\/strong>) que priorice la <strong>salud<\/strong> de los pacientes y llam\u00f3 al gremio a un <strong>di\u00e1logo<\/strong> para discutir sus exigencias sin llegar a los <strong>paros de labores<\/strong>.<\/p>\n<p>La vicepresidenta de la Rep\u00fablica, Raquel Pe\u00f1a, y el ministro de <strong>Salud<\/strong> P\u00fablica, Daniel Rivera, expresaron que el Gobierno \u00absiempre ha tenido sus puertas abiertas\u00bb para discutir las demandas de los m\u00e9dicos y de cualquier sector, por lo que instaron a un conversatorio que resulte en soluciones para los m\u00e9dicos.<\/p>\n<p>La vicepresidenta, tras asistir a un acto de reconocimiento en el Senado, recalc\u00f3 que el presidente Luis Abinader, el Gabinete de <strong>Salud<\/strong> de la Presidencia y el Ministerio de <strong>Salud<\/strong> P\u00fablica est\u00e1n dispuestos a discutir en una mesa abierta \u00abuna serie de puntos\u00bb exigidos por los galenos.<\/p>\n<p>Tambi\u00e9n, Pe\u00f1a destac\u00f3 que \u00absiempre lo primero\u00bb debe ser el <strong>di\u00e1logo<\/strong> y llegar a los mejores acuerdos posibles, refiri\u00e9ndose al paro de labores por 48 horas que encabezan los m\u00e9dicos para exigir la ampliaci\u00f3n de la cobertura de los servicios de <strong>salud<\/strong>.<\/p>\n<h2><strong>Hablar con el CNSS<\/strong><\/h2>\n<p>Mientras que el ministro de <strong>Salud<\/strong> P\u00fablica, Daniel Rivera, al inaugurar en el Senado una sala de lactancia, expres\u00f3 que el gremio de los doctores debe ver los logros que se han alcanzado como las pensiones o aumentos salariales constantes.<\/p>\n<p>Rivera precis\u00f3 que las propuestas del <strong>CMD<\/strong> deben ser discutidas en el Consejo Nacional de la Seguridad Social (CNSS) porque es el escenario que conoce de primera mano las demandas de los m\u00e9dicos y que puede ofrecer soluciones concretas a la exigencia de los m\u00e9dicos para mejorar sus honorarios.<\/p>\n<p>En ese sentido, expres\u00f3 que el Gobierno siempre ha estado abierto al <strong>di\u00e1logo<\/strong>, pero reiter\u00f3 que la discusi\u00f3n y la negociaci\u00f3n deben enfocarse en el CNSS.<\/p>\n<div class=\"w-full pt-2 float-left inside-related\">    <span class=\"border-b border-black pb-3 mb-4 block\"><strong>RELACIONADAS<\/strong><\/span>                                \n<div class=\"xl:w-2\/12 w-4\/12\">                                                                        <a href=\"https:\/\/www.diariolibre.com\/opinion\/de-buena-tinta\/2023\/08\/08\/nuevo-ataque-del-colegio-medico-dominicano\/2426702?utm_source=relacionadas&amp;utm_medium=nota&amp;utm_campaign=relacionadas\" title=\"                                                                                                                            \">                                                                                                                            <\/a>                                                            <\/div>\n<div class=\"xl:w-10\/12 w-8\/12 pl-3\">\n<div class=\"text-md mb-2 meta\">                        <a href=\"https:\/\/www.diariolibre.com\/opinion\/de-buena-tinta\" title=\"De buena tinta\">De buena tinta<\/a>                    <\/div>\n<h2><a href=\"https:\/\/www.diariolibre.com\/opinion\/de-buena-tinta\/2023\/08\/08\/nuevo-ataque-del-colegio-medico-dominicano\/2426702?utm_source=relacionadas&amp;utm_medium=nota&amp;utm_campaign=relacionadas\" title=\"El nuevo ataque de los m\u00e9dicos\">El nuevo ataque de los m\u00e9dicos<\/a><\/h2>\n<\/div>\n<div class=\"xl:w-2\/12 w-4\/12\">                                                                        <a href=\"https:\/\/www.diariolibre.com\/actualidad\/salud\/2023\/08\/08\/paro-del-cmd-lo-que-necesitan-para-volver-al-dialogo\/2426278?utm_source=relacionadas&amp;utm_medium=nota&amp;utm_campaign=relacionadas\" title=\"                                                                                                                            \">                                                                                                                            <\/a>                                                            <\/div>\n<div class=\"xl:w-10\/12 w-8\/12 pl-3\">\n<div class=\"text-md mb-2 meta\">                        <a href=\"https:\/\/www.diariolibre.com\/actualidad\/salud\" title=\"Salud\">Salud<\/a>                    <\/div>\n<h2><a href=\"https:\/\/www.diariolibre.com\/actualidad\/salud\/2023\/08\/08\/paro-del-cmd-lo-que-necesitan-para-volver-al-dialogo\/2426278?utm_source=relacionadas&amp;utm_medium=nota&amp;utm_campaign=relacionadas\" title=\"La condici\u00f3n de los m\u00e9dicos para volver a la mesa del di\u00e1logo\">La condici\u00f3n de los m\u00e9dicos para volver a la mesa del di\u00e1logo<\/a><\/h2>\n<\/div>\n<div class=\"xl:w-2\/12 w-4\/12\">                                                                        <a href=\"https:\/\/www.diariolibre.com\/actualidad\/salud\/2023\/08\/07\/daniel-rivera-apela-al-dialogo-ante-paro-del-cmd\/2425764?utm_source=relacionadas&amp;utm_medium=nota&amp;utm_campaign=relacionadas\" title=\"                                                                                                                            \">                                                                                                                            <\/a>                                                            <\/div>\n<div class=\"xl:w-10\/12 w-8\/12 pl-3\">\n<div class=\"text-md mb-2 meta\">                        <a href=\"https:\/\/www.diariolibre.com\/actualidad\/salud\" title=\"Salud\">Salud<\/a>                    <\/div>\n<h2><a href=\"https:\/\/www.diariolibre.com\/actualidad\/salud\/2023\/08\/07\/daniel-rivera-apela-al-dialogo-ante-paro-del-cmd\/2425764?utm_source=relacionadas&amp;utm_medium=nota&amp;utm_campaign=relacionadas\" title=\"Daniel Rivera apela al di\u00e1logo ante llamado a paro del CMD\">Daniel Rivera apela al di\u00e1logo ante llamado a paro del CMD<\/a><\/h2>\n<\/div>\n<\/div>\n<h2><strong>Los paros no son la soluci\u00f3n<\/strong><\/h2>\n<p>El funcionario dijo que los <strong>paros de labores<\/strong> no son la mejor soluci\u00f3n y explic\u00f3 que, aunque las emergencias de los hospitales seguir\u00e1n funcionando, las consultas tambi\u00e9n deben ser atendidas porque si no son revisadas pueden resultar en urgencias.<\/p>\n<p>\u00abCreo que no debe existir un consenso para paros. Eso no es la medida ideal ni la mejor forma\u00bb, sostuvo el ministro Rivera.<\/p>\n<h2><strong>Demandas<\/strong><\/h2>\n<p>Las exigencias de los m\u00e9dicos incluyen la ampliaci\u00f3n y mayor cobertura en los servicios de <strong>salud<\/strong>, la inclusi\u00f3n de <strong>salud<\/strong> mental y nuevos medicamentos, estudios de laboratorio y procedimientos de la seguridad social.<\/p>\n<p>Tambi\u00e9n buscan fortalecer la atenci\u00f3n domiciliaria para personas mayores y discapacitadas, otorgamiento de c\u00f3digos a los profesionales de la <strong>salud<\/strong> y mejora de los honorarios que pagan las ARS a los m\u00e9dicos.<\/p>","protected":false},"excerpt":{"rendered":"<p>El Gobierno dominicano sugiri\u00f3 este mi\u00e9rcoles al Colegio M\u00e9dico Dominicano (CMD) que priorice la salud de los pacientes y llam\u00f3 al gremio a un di\u00e1logo para discutir sus exigencias sin llegar a los&#8230;<\/p>\n","protected":false},"author":0,"featured_media":15743,"comment_status":"open","ping_status":"open","sticky":false,"template":"","format":"standard","meta":{"footnotes":""},"categories":[1],"tags":[],"class_list":["post-15742","post","type-post","status-publish","format-standard","has-post-thumbnail","hentry","category-sin-categoria"],"_links":{"self":[{"href":"http:\/\/joelaybar.com\/wp\/wp-json\/wp\/v2\/posts\/15742","targetHints":{"allow":["GET"]}}],"collection":[{"href":"http:\/\/joelaybar.com\/wp\/wp-json\/wp\/v2\/posts"}],"about":[{"href":"http:\/\/joelaybar.com\/wp\/wp-json\/wp\/v2\/types\/post"}],"replies":[{"embeddable":true,"href":"http:\/\/joelaybar.com\/wp\/wp-json\/wp\/v2\/comments?post=15742"}],"version-history":[{"count":0,"href":"http:\/\/joelaybar.com\/wp\/wp-json\/wp\/v2\/posts\/15742\/revisions"}],"wp:featuredmedia":[{"embeddable":true,"href":"http:\/\/joelaybar.com\/wp\/wp-json\/wp\/v2\/media\/15743"}],"wp:attachment":[{"href":"http:\/\/joelaybar.com\/wp\/wp-json\/wp\/v2\/media?parent=15742"}],"wp:term":[{"taxonomy":"category","embeddable":true,"href":"http:\/\/joelaybar.com\/wp\/wp-json\/wp\/v2\/categories?post=15742"},{"taxonomy":"post_tag","embeddable":true,"href":"http:\/\/joelaybar.com\/wp\/wp-json\/wp\/v2\/tags?post=15742"}],"curies":[{"name":"wp","href":"https:\/\/api.w.org\/{rel}","templated":true}]}}