{"id":15874,"date":"1970-01-01T00:00:00","date_gmt":"1970-01-01T00:00:00","guid":{"rendered":"http:\/\/joelaybar.com\/wp\/1970\/01\/01\/3-meses-de-prision-preventiva-por-muerte-de-willeni-lorenzo\/"},"modified":"1970-01-01T00:00:00","modified_gmt":"1970-01-01T00:00:00","slug":"3-meses-de-prision-preventiva-por-muerte-de-willeni-lorenzo","status":"publish","type":"post","link":"http:\/\/joelaybar.com\/wp\/1970\/01\/01\/3-meses-de-prision-preventiva-por-muerte-de-willeni-lorenzo\/","title":{"rendered":"3 meses de prisi\u00f3n preventiva por muerte de Willeni Lorenzo"},"content":{"rendered":"<p>El juez de la Oficina de Atenci\u00f3n Permanente de la provincia de <strong>San Crist\u00f3bal<\/strong>, Jos\u00e9 Carlos Arias Nina,<strong> dict\u00f3 tres meses de prisi\u00f3n preventiva contra Juan Jos\u00e9 S\u00e1nchez Nivar, alias Bruli S\u00e1nchez, de 37 a\u00f1os, acusado de matar a la ni\u00f1a Willenni Lorenzo Herrera.<\/strong><\/p>\n<p>El imputado cumplir\u00e1 la medida en el Centro Correccional Najayo Hombre. Al llegar al Palacio de Justicia de <strong>San Crist\u00f3bal<\/strong>, el imputado fue escoltado bajo estrictas medidas de seguridad. Las instalaciones del lugar tambi\u00e9n estaban completamente acordonadas, mientras miembros de la comunidad se apostaron en las afueras del tribunal para apoyar a los familiares.<\/p>\n<p>Seg\u00fan el informe de la Polic\u00eda Nacional, el pasado 20 de julio, <strong>el imputado acord\u00f3 encontrarse con la menor en el barrio La Pi\u00f1a<\/strong>, de la comunidad Madre Vieja al Norte, en <strong>San Crist\u00f3bal<\/strong>. Las c\u00e1maras de seguridad del Sistema Nacional 9-1-1 registraron que la menor lleg\u00f3 al punto de encuentro a las 8:07 de la ma\u00f1ana, mientras que Bruli lleg\u00f3 en una motocicleta a las 8:08.<\/p>\n<p>Cuatro horas y 19 minutos despu\u00e9s, las c\u00e1maras captaron el momento en que el imputado sali\u00f3 del lugar con un saco y se dirigi\u00f3 a la autopista 6 de Noviembre, donde, 15 d\u00edas despu\u00e9s, encontraron el cad\u00e1ver de la ni\u00f1a en un barranco de la zona, cerca del proyecto Cana\u00e1n.<\/p>\n<div class=\"w-full pt-2 float-left inside-related\">    <span class=\"border-b border-black pb-3 mb-4 block\"><strong>RELACIONADAS<\/strong><\/span>                                \n<div class=\"xl:w-2\/12 w-4\/12\">                                                                        <a href=\"https:\/\/www.diariolibre.com\/actualidad\/justicia\/2023\/08\/10\/presunto-matador-de-willeni-lorenzo-le-hacia-regalos\/2428369?utm_source=relacionadas&amp;utm_medium=nota&amp;utm_campaign=relacionadas\" title=\"                                                                                                                            \">                                                                                                                            <\/a>                                                            <\/div>\n<div class=\"xl:w-10\/12 w-8\/12 pl-3\">\n<div class=\"text-md mb-2 meta\">                        <a href=\"https:\/\/www.diariolibre.com\/actualidad\/justicia\" title=\"Justicia\">Justicia<\/a>                    <\/div>\n<h2><a href=\"https:\/\/www.diariolibre.com\/actualidad\/justicia\/2023\/08\/10\/presunto-matador-de-willeni-lorenzo-le-hacia-regalos\/2428369?utm_source=relacionadas&amp;utm_medium=nota&amp;utm_campaign=relacionadas\" title=\"Acusado de matar a Willeni Lorenzo le hab\u00eda regalado un iPhone, seg\u00fan expediente\">Acusado de matar a Willeni Lorenzo le hab\u00eda regalado un iPhone, seg\u00fan expediente<\/a><\/h2>\n<\/div>\n<div class=\"xl:w-2\/12 w-4\/12\">                                                                        <a href=\"https:\/\/www.diariolibre.com\/actualidad\/justicia\/2023\/08\/10\/conocen-coercion-a-presunto-matador-de-willeni-lorenzo\/2428234?utm_source=relacionadas&amp;utm_medium=nota&amp;utm_campaign=relacionadas\" title=\"                                                                                                                            \">                                                                                                                            <\/a>                                                            <\/div>\n<div class=\"xl:w-10\/12 w-8\/12 pl-3\">\n<div class=\"text-md mb-2 meta\">                        <a href=\"https:\/\/www.diariolibre.com\/actualidad\/justicia\" title=\"Justicia\">Justicia<\/a>                    <\/div>\n<h2><a href=\"https:\/\/www.diariolibre.com\/actualidad\/justicia\/2023\/08\/10\/conocen-coercion-a-presunto-matador-de-willeni-lorenzo\/2428234?utm_source=relacionadas&amp;utm_medium=nota&amp;utm_campaign=relacionadas\" title=\"Acordonan Palacio de Justicia donde se conocer\u00e1 medida de coerci\u00f3n a presunto matador de Willeni Lorenzo\">Acordonan Palacio de Justicia donde se conocer\u00e1 medida de coerci\u00f3n a presunto matador de Willeni Lorenzo<\/a><\/h2>\n<\/div>\n<div class=\"xl:w-2\/12 w-4\/12\">                                                                        <a href=\"https:\/\/www.diariolibre.com\/actualidad\/justicia\/2023\/08\/09\/acusado-de-matar-a-willeni-lorenzo-esta-aislado-en-la-carcel\/2427516?utm_source=relacionadas&amp;utm_medium=nota&amp;utm_campaign=relacionadas\" title=\"                                                                                                                            \">                                                                                                                            <\/a>                                                            <\/div>\n<div class=\"xl:w-10\/12 w-8\/12 pl-3\">\n<div class=\"text-md mb-2 meta\">                        <a href=\"https:\/\/www.diariolibre.com\/actualidad\/justicia\" title=\"Justicia\">Justicia<\/a>                    <\/div>\n<h2><a href=\"https:\/\/www.diariolibre.com\/actualidad\/justicia\/2023\/08\/09\/acusado-de-matar-a-willeni-lorenzo-esta-aislado-en-la-carcel\/2427516?utm_source=relacionadas&amp;utm_medium=nota&amp;utm_campaign=relacionadas\" title=\"Acusado de la desaparici\u00f3n y muerte de ni\u00f1a Willeni Lorenzo est\u00e1 aislado en la c\u00e1rcel\">Acusado de la desaparici\u00f3n y muerte de ni\u00f1a Willeni Lorenzo est\u00e1 aislado en la c\u00e1rcel<\/a><\/h2>\n<\/div>\n<\/div>\n<p>En medio del dolor que embarga a los familiares de la menor de 11 a\u00f1os, su abuela manifest\u00f3 el pasado lunes a Diario Libre que Willenni so\u00f1aba con ser azafata y brindarle un futuro mejor a ella. La abuela se encarg\u00f3 de su crianza desde su nacimiento debido a sus problemas de salud.<\/p>\n<p>Aunque a veces no ten\u00eda ganas de ir a la escuela por sus problemas de salud, el deseo de convertirse en una profesional exitosa y cubrir los gastos m\u00e9dicos de su abuela Dolores Marte, quien padece glaucoma, motivaba a Willenni.<\/p>\n<p>Al hablar de su nieta, la se\u00f1ora Dolores recuerda c\u00f3mo la ni\u00f1a le acariciaba la cara y el cuerpo para aliviar los fuertes dolores de cabeza que sufre debido al glaucoma.<\/p>\n<p>Los restos de la menor fueron sepultados el pasado s\u00e1bado, en el cementerio de Cambita, en <strong>San Crist\u00f3bal<\/strong>.\u00a0<\/p>","protected":false},"excerpt":{"rendered":"<p>El juez de la Oficina de Atenci\u00f3n Permanente de la provincia de San Crist\u00f3bal, Jos\u00e9 Carlos Arias Nina, dict\u00f3 tres meses de prisi\u00f3n preventiva contra Juan Jos\u00e9 S\u00e1nchez Nivar, alias Bruli S\u00e1nchez, de&#8230;<\/p>\n","protected":false},"author":0,"featured_media":15875,"comment_status":"open","ping_status":"open","sticky":false,"template":"","format":"standard","meta":{"footnotes":""},"categories":[1],"tags":[],"class_list":["post-15874","post","type-post","status-publish","format-standard","has-post-thumbnail","hentry","category-sin-categoria"],"_links":{"self":[{"href":"http:\/\/joelaybar.com\/wp\/wp-json\/wp\/v2\/posts\/15874","targetHints":{"allow":["GET"]}}],"collection":[{"href":"http:\/\/joelaybar.com\/wp\/wp-json\/wp\/v2\/posts"}],"about":[{"href":"http:\/\/joelaybar.com\/wp\/wp-json\/wp\/v2\/types\/post"}],"replies":[{"embeddable":true,"href":"http:\/\/joelaybar.com\/wp\/wp-json\/wp\/v2\/comments?post=15874"}],"version-history":[{"count":0,"href":"http:\/\/joelaybar.com\/wp\/wp-json\/wp\/v2\/posts\/15874\/revisions"}],"wp:featuredmedia":[{"embeddable":true,"href":"http:\/\/joelaybar.com\/wp\/wp-json\/wp\/v2\/media\/15875"}],"wp:attachment":[{"href":"http:\/\/joelaybar.com\/wp\/wp-json\/wp\/v2\/media?parent=15874"}],"wp:term":[{"taxonomy":"category","embeddable":true,"href":"http:\/\/joelaybar.com\/wp\/wp-json\/wp\/v2\/categories?post=15874"},{"taxonomy":"post_tag","embeddable":true,"href":"http:\/\/joelaybar.com\/wp\/wp-json\/wp\/v2\/tags?post=15874"}],"curies":[{"name":"wp","href":"https:\/\/api.w.org\/{rel}","templated":true}]}}