{"id":16706,"date":"1970-01-01T00:00:00","date_gmt":"1970-01-01T00:00:00","guid":{"rendered":"http:\/\/joelaybar.com\/wp\/1970\/01\/01\/prision-preventiva-a-cubano-por-agredir-a-digesett-2\/"},"modified":"1970-01-01T00:00:00","modified_gmt":"1970-01-01T00:00:00","slug":"prision-preventiva-a-cubano-por-agredir-a-digesett-2","status":"publish","type":"post","link":"http:\/\/joelaybar.com\/wp\/1970\/01\/01\/prision-preventiva-a-cubano-por-agredir-a-digesett-2\/","title":{"rendered":"Prisi\u00f3n preventiva a cubano por agredir a Digesett"},"content":{"rendered":"<p>El juez de la Oficina de Atenci\u00f3n Permanente del Distrito Nacional dict\u00f3 tres meses de <strong>prisi\u00f3n preventiva<\/strong> al <strong>cubano<\/strong> Julio C\u00e9sar Llorente L\u00f3pez, acusado de agredir a un agente de tr\u00e1nsito en la avenida Abraham Lincoln y cuyo incidente qued\u00f3 captado en un video que se viraliz\u00f3 por redes sociales.<\/p>\n<p>El juez Rigoberto Sena decidi\u00f3 imponerle c\u00e1rcel a Llorente L\u00f3pez porque, con la \u00abbofetada\u00bb que propin\u00f3 al polic\u00eda ofendi\u00f3 al Estado, representado por el agente en la v\u00eda p\u00fablica, explic\u00f3 el consultor jur\u00eddico de la Direcci\u00f3n General de Seguridad de Tr\u00e1nsito y Transporte Terrestre (Digesett), el mayor de la Polic\u00eda Robert A. Garc\u00eda Peralta.<\/p>\n<p>Al salir del tribunal, Llorente L\u00f3pez rehus\u00f3 nuevamente hablar con la prensa, como en cada ocasi\u00f3n que ha sido trasladado para conoc\u00e9rsele su proceso.<\/p>\n<p>El lunes, la jueza Katherine Rubio, de la Novena Sala Penal del Distrito Nacional, rechaz\u00f3 un recurso de habeas corpus interpuesto por el <strong>cubano<\/strong>, quien, desde el pasado viernes buscaba obtener su libertad.<\/p>\n<p>El agente agredido por Llorente L\u00f3pez es Jos\u00e9 Anthony Alc\u00e1ntara Rojas, de 22 a\u00f1os de edad, quien le impusiera una multa por hablar por tel\u00e9fono mientras conduc\u00eda.<\/p>\n<div class=\"w-full pt-2 float-left inside-related\">    <span class=\"border-b border-black pb-3 mb-4 block\"><strong>RELACIONADAS<\/strong><\/span>                                \n<div class=\"xl:w-2\/12 w-4\/12\">                                                                        <a href=\"https:\/\/www.diariolibre.com\/actualidad\/justicia\/2023\/08\/15\/como-se-golpeo-cubano-tras-ser-detenido-por-digesett\/2431870?utm_source=relacionadas&amp;utm_medium=nota&amp;utm_campaign=relacionadas\" title=\"                                                                                                                            \">                                                                                                                            <\/a>                                                            <\/div>\n<div class=\"xl:w-10\/12 w-8\/12 pl-3\">\n<div class=\"text-md mb-2 meta\">                        <a href=\"https:\/\/www.diariolibre.com\/actualidad\/justicia\" title=\"Justicia\">Justicia<\/a>                    <\/div>\n<h2><a href=\"https:\/\/www.diariolibre.com\/actualidad\/justicia\/2023\/08\/15\/como-se-golpeo-cubano-tras-ser-detenido-por-digesett\/2431870?utm_source=relacionadas&amp;utm_medium=nota&amp;utm_campaign=relacionadas\" title=\"\u00bfC\u00f3mo se habr\u00eda golpeado cubano en cuartel tras incidente con agente de la Digesett?\">\u00bfC\u00f3mo se habr\u00eda golpeado cubano en cuartel tras incidente con agente de la Digesett?<\/a><\/h2>\n<\/div>\n<\/div>\n<p>En el video que grab\u00f3 otro conductor y subido a las redes sociales se observa cuando Llorente L\u00f3pez le pega una \u00abgalleta\u00bb a Alc\u00e1ntara Rojas, porque supuestamente fotografi\u00f3 sus documentos al ponerle la contravenci\u00f3n.<\/p>\n<p>Aunque se ve intervinir varios agentes de la Direcci\u00f3n General de Seguridad de Tr\u00e1nsito y Transporte Terrestre (Digesett), que tratan, conversando con el <strong>cubano<\/strong> de apaciguarlo, finalmente lo dejan marcharse en su yipera blanca.<\/p>\n<p>No obstante, el acusado fue lluego detenido\u00a0 en la\u00a0 calle \u00c1ngel S. Cabral, esquina Bohechio, Distrito Nacional un d\u00eda despu\u00e9s de la agresi\u00f3n,a las 4:50 de la tarde, por el segundo teniente Juan Alberto Romero Fern\u00e1ndez.<\/p>\n<p>Seg\u00fan la solicitud de medida de coerci\u00f3n el incidente de la agresi\u00f3n al polic\u00eda Alc\u00e1ntara Rojas ocurri\u00f3 en la avenida Abraham Lincoln, esquina Max Henr\u00edquez Ure\u00f1a, a las 3:37 de la tarde del mi\u00e9rcoles 9 de agosto.<\/p>","protected":false},"excerpt":{"rendered":"<p>El juez de la Oficina de Atenci\u00f3n Permanente del Distrito Nacional dict\u00f3 tres meses de prisi\u00f3n preventiva al cubano Julio C\u00e9sar Llorente L\u00f3pez, acusado de agredir a un agente de tr\u00e1nsito en la&#8230;<\/p>\n","protected":false},"author":0,"featured_media":16707,"comment_status":"open","ping_status":"open","sticky":false,"template":"","format":"standard","meta":{"footnotes":""},"categories":[1],"tags":[],"class_list":["post-16706","post","type-post","status-publish","format-standard","has-post-thumbnail","hentry","category-sin-categoria"],"_links":{"self":[{"href":"http:\/\/joelaybar.com\/wp\/wp-json\/wp\/v2\/posts\/16706","targetHints":{"allow":["GET"]}}],"collection":[{"href":"http:\/\/joelaybar.com\/wp\/wp-json\/wp\/v2\/posts"}],"about":[{"href":"http:\/\/joelaybar.com\/wp\/wp-json\/wp\/v2\/types\/post"}],"replies":[{"embeddable":true,"href":"http:\/\/joelaybar.com\/wp\/wp-json\/wp\/v2\/comments?post=16706"}],"version-history":[{"count":0,"href":"http:\/\/joelaybar.com\/wp\/wp-json\/wp\/v2\/posts\/16706\/revisions"}],"wp:featuredmedia":[{"embeddable":true,"href":"http:\/\/joelaybar.com\/wp\/wp-json\/wp\/v2\/media\/16707"}],"wp:attachment":[{"href":"http:\/\/joelaybar.com\/wp\/wp-json\/wp\/v2\/media?parent=16706"}],"wp:term":[{"taxonomy":"category","embeddable":true,"href":"http:\/\/joelaybar.com\/wp\/wp-json\/wp\/v2\/categories?post=16706"},{"taxonomy":"post_tag","embeddable":true,"href":"http:\/\/joelaybar.com\/wp\/wp-json\/wp\/v2\/tags?post=16706"}],"curies":[{"name":"wp","href":"https:\/\/api.w.org\/{rel}","templated":true}]}}