{"id":16818,"date":"1970-01-01T00:00:00","date_gmt":"1970-01-01T00:00:00","guid":{"rendered":"http:\/\/joelaybar.com\/wp\/1970\/01\/01\/yvan-lorenzo-soy-quien-tiene-mas-coherencia-senaduria-dn-5\/"},"modified":"1970-01-01T00:00:00","modified_gmt":"1970-01-01T00:00:00","slug":"yvan-lorenzo-soy-quien-tiene-mas-coherencia-senaduria-dn-5","status":"publish","type":"post","link":"http:\/\/joelaybar.com\/wp\/1970\/01\/01\/yvan-lorenzo-soy-quien-tiene-mas-coherencia-senaduria-dn-5\/","title":{"rendered":"Yv\u00e1n Lorenzo: Soy quien tiene m\u00e1s coherencia senadur\u00eda DN"},"content":{"rendered":"<p>La contienda electoral en el pa\u00eds se intensifica con aspirantes de todos los partidos y la proliferaci\u00f3n de propaganda. Al ruedo se lanz\u00f3 <strong>Yv\u00e1n Lorenzo<\/strong>, senador de El\u00edas Pi\u00f1a, que ahora quiere representar a la capital. Convers\u00f3 con <em>Diario Libre<\/em> sobre su candidatura, a pesar del rechazo que ha despertado a lo interno de su propio partido.<\/p>\n<p>\u2014\u00bfConsidera que tiene posibilidades para llegar a senador del Distrito Nacional en 2024?<\/p>\n<p>Yo voy a ganar las elecciones en el Distrito Nacional. Tengo m\u00e1s de 136 iniciativas legislativas que procuran normalizar y eficientizar la administraci\u00f3n p\u00fablica. Yo fui procurador general adjunto, diplom\u00e1tico, subsecretario de Estado de la Juventud, subsecretario de Estado de Trabajo y director de Medio Ambiente en el Distrito Nacional.\u00a0 Yo no tengo dudas que voy a ganar porque soy, entre mis competidores, el que tiene mayor experiencia de Estado y mayor coherencia.<\/p>\n<p>\u2014\u00bfHay incoherencia pol\u00edtica cuando se llega a los puestos?<\/p>\n<p>Hay quienes enarbolaban un discurso anti pr\u00e9stamos y ahora los aprueban, pero tenga por seguro que yo no voy a ser un sello gom\u00edgrafo de Abel Mart\u00ednez. Yo lo hice cuando plante\u00e9 el desorden en mi gobierno que hab\u00eda con el otorgamiento de los visados dominicanos a ciudadanos haitianos.\u00a0<\/p>\n<p>\u2014\u00bfQu\u00e9 piensa de la alianza opositora?<\/p>\n<p>Yo valoro como positivas las alianzas y m\u00e1s si van encaminadas al bienestar de la Rep\u00fablica Dominicana. Eso debe hacerse de conformidad con el esp\u00edritu y la naturaleza de cada demarcaci\u00f3n, que sean los mismos actores que pidan que podamos ir juntos. Yo no creo en alianzas que se puedan imponer.<\/p>\n<p>\u2014\u00bfUsted cree que esa alianza pueda derrotar a Luis Abinader?<\/p>\n<p>Claro que s\u00ed porque ning\u00fan pa\u00eds va a reelegir el alto costo de la canasta familiar, ninguna sociedad va a reelegir el alto costo de los combustibles ni la inseguridad ciudadana que est\u00e1 como nunca antes la hab\u00edamos visto. Vivimos en un p\u00e1nico colectivo y en una prisi\u00f3n domiciliaria constante porque no podemos salir de las casas. Entonces, esto conllevar\u00e1 a una derrota aplastante del candidato reeleccionista del PRM.<\/p>\n<p>\u2014Entonces, \u00bfc\u00f3mo ve el panorama pol\u00edtico a partir del 2024?<\/p>\n<p>Lo primero que quiero contar es que el presidente ha demostrado ser el pol\u00edtico m\u00e1s incoherente en los \u00faltimos a\u00f1os porque dijo estar opuesto a la reelecci\u00f3n y ahora se presenta como candidato. No cumple con su palabra y eso llevar\u00e1 a su derrota. Eso llevar\u00e1 tambi\u00e9n a que haya un nuevo escenario en el Congreso y alcald\u00edas a partir del 2024 y estamos seguros que no van a gobernar m\u00e1s.<\/p>\n<p>\u2014Como senador, \u00bfqu\u00e9 pasa con los proyectos que quedan engavetados?<\/p>\n<p>Falta de voluntad e incoherencia de la mayor\u00eda del PRM. Yo he sometido alrededor de 40 iniciativas que buscan interpelaciones e invitaciones para que funcionarios expliquen acusaciones, sin embargo, irresponsablemente la mayor\u00eda mec\u00e1nica que tiene el PRM en el Senado hace imposible que eso se pueda cristalizar. Yo invito a que se pueda ser m\u00e1s transparentes.<\/p>\n<p>\u2014\u00bfY los dem\u00e1s proyectos?<\/p>\n<p>Quedan engavetados porque el PRM es un sello gom\u00edgrafo de Abinader. Todav\u00eda tenemos proyectos como el C\u00f3digo Penal o la seguridad social. \u00c9l mismo someti\u00f3 leyes, como la de Hidrocarburos, pero nunca ha cumplido, como ha incumplido con resolver la inseguridad ciudadana, los altos costos de los alimentos o el colapso de la educaci\u00f3n en el pa\u00eds.<\/p>\n<div class=\"w-full pt-2 float-left inside-related\">    <span class=\"border-b border-black pb-3 mb-4 block\"><strong>RELACIONADAS<\/strong><\/span>                                \n<div class=\"xl:w-2\/12 w-4\/12\">                                                                        <a href=\"https:\/\/www.diariolibre.com\/actualidad\/politica\/2023\/08\/09\/yvan-lorenzo-seguira-siendo-vocero-del-pld-en-el-senado\/2427660?utm_source=relacionadas&amp;utm_medium=nota&amp;utm_campaign=relacionadas\" title=\"                                                                                                                            \">                                                                                                                            <\/a>                                                            <\/div>\n<div class=\"xl:w-10\/12 w-8\/12 pl-3\">\n<div class=\"text-md mb-2 meta\">                        <a href=\"https:\/\/www.diariolibre.com\/actualidad\/politica\" title=\"Pol\u00edtica\">Pol\u00edtica<\/a>                    <\/div>\n<h2><a href=\"https:\/\/www.diariolibre.com\/actualidad\/politica\/2023\/08\/09\/yvan-lorenzo-seguira-siendo-vocero-del-pld-en-el-senado\/2427660?utm_source=relacionadas&amp;utm_medium=nota&amp;utm_campaign=relacionadas\" title=\"Yv\u00e1n Lorenzo seguir\u00e1 como vocero del PLD en el Senado\">Yv\u00e1n Lorenzo seguir\u00e1 como vocero del PLD en el Senado<\/a><\/h2>\n<\/div>\n<div class=\"xl:w-2\/12 w-4\/12\">                                                                        <a href=\"https:\/\/www.diariolibre.com\/actualidad\/politica\/2023\/08\/02\/yvan-lorenzo-buscara-senaduria-en-el-distrito-nacional\/2421117?utm_source=relacionadas&amp;utm_medium=nota&amp;utm_campaign=relacionadas\" title=\"                                                                                                                            \">                                                                                                                            <\/a>                                                            <\/div>\n<div class=\"xl:w-10\/12 w-8\/12 pl-3\">\n<div class=\"text-md mb-2 meta\">                        <a href=\"https:\/\/www.diariolibre.com\/actualidad\/politica\" title=\"Pol\u00edtica\">Pol\u00edtica<\/a>                    <\/div>\n<h2><a href=\"https:\/\/www.diariolibre.com\/actualidad\/politica\/2023\/08\/02\/yvan-lorenzo-buscara-senaduria-en-el-distrito-nacional\/2421117?utm_source=relacionadas&amp;utm_medium=nota&amp;utm_campaign=relacionadas\" title=\"Yv\u00e1n Lorenzo confirma que aspira a la senadur\u00eda por el Distrito Nacional\">Yv\u00e1n Lorenzo confirma que aspira a la senadur\u00eda por el Distrito Nacional<\/a><\/h2>\n<\/div>\n<\/div>","protected":false},"excerpt":{"rendered":"<p>La contienda electoral en el pa\u00eds se intensifica con aspirantes de todos los partidos y la proliferaci\u00f3n de propaganda. Al ruedo se lanz\u00f3 Yv\u00e1n Lorenzo, senador de El\u00edas Pi\u00f1a, que ahora quiere representar&#8230;<\/p>\n","protected":false},"author":0,"featured_media":16819,"comment_status":"open","ping_status":"open","sticky":false,"template":"","format":"standard","meta":{"footnotes":""},"categories":[1],"tags":[],"class_list":["post-16818","post","type-post","status-publish","format-standard","has-post-thumbnail","hentry","category-sin-categoria"],"_links":{"self":[{"href":"http:\/\/joelaybar.com\/wp\/wp-json\/wp\/v2\/posts\/16818","targetHints":{"allow":["GET"]}}],"collection":[{"href":"http:\/\/joelaybar.com\/wp\/wp-json\/wp\/v2\/posts"}],"about":[{"href":"http:\/\/joelaybar.com\/wp\/wp-json\/wp\/v2\/types\/post"}],"replies":[{"embeddable":true,"href":"http:\/\/joelaybar.com\/wp\/wp-json\/wp\/v2\/comments?post=16818"}],"version-history":[{"count":0,"href":"http:\/\/joelaybar.com\/wp\/wp-json\/wp\/v2\/posts\/16818\/revisions"}],"wp:featuredmedia":[{"embeddable":true,"href":"http:\/\/joelaybar.com\/wp\/wp-json\/wp\/v2\/media\/16819"}],"wp:attachment":[{"href":"http:\/\/joelaybar.com\/wp\/wp-json\/wp\/v2\/media?parent=16818"}],"wp:term":[{"taxonomy":"category","embeddable":true,"href":"http:\/\/joelaybar.com\/wp\/wp-json\/wp\/v2\/categories?post=16818"},{"taxonomy":"post_tag","embeddable":true,"href":"http:\/\/joelaybar.com\/wp\/wp-json\/wp\/v2\/tags?post=16818"}],"curies":[{"name":"wp","href":"https:\/\/api.w.org\/{rel}","templated":true}]}}