{"id":16924,"date":"1970-01-01T00:00:00","date_gmt":"1970-01-01T00:00:00","guid":{"rendered":"http:\/\/joelaybar.com\/wp\/1970\/01\/01\/quienes-son-los-cuatro-precandidatos-del-prm-3\/"},"modified":"1970-01-01T00:00:00","modified_gmt":"1970-01-01T00:00:00","slug":"quienes-son-los-cuatro-precandidatos-del-prm-3","status":"publish","type":"post","link":"http:\/\/joelaybar.com\/wp\/1970\/01\/01\/quienes-son-los-cuatro-precandidatos-del-prm-3\/","title":{"rendered":"\u00bfQui\u00e9nes son los cuatro precandidatos del PRM?"},"content":{"rendered":"<p>\u00a0<\/p>\n<p>Cuatro dirigentes del Partido Revolucionario Moderno (<strong>PRM<\/strong>), formalizaron sus aspiraciones para la candidatura presidencial de esa organizaci\u00f3n <strong>pol\u00edtica<\/strong>, que ser\u00e1 escogida en sus <strong>elecciones primarias <\/strong>internas del pr\u00f3ximo <strong>1 de octubre<\/strong>, de cara a las elecciones del 2024.<\/p>\n\n<p><strong><\/strong><strong>Luis Abinader<\/strong>, <strong>Guido G\u00f3mez Mazara<\/strong>, <strong>Ram\u00f3n Albuquerque<\/strong> y <strong>Delia Josefina Ortiz<\/strong>, son los cuatro dirigentes del partido oficialista que inscribieron sus pre<strong>candidatura<\/strong>s. <\/p>\n<h2><strong>Guido G\u00f3mez<\/strong><\/h2>\n<p>El primero en formalizar su inscripci\u00f3n fue G\u00f3mez Mazara, quien destac\u00f3 que su propuesta se parece a los dominicanos y\u00a0 exhort\u00f3 a los perreme\u00edstas a tener fe ya que, en su opini\u00f3n, las \u201cbases de los partidos son mucho m\u00e1s inteligentes de lo que presumen sus \u00e9lites\u201d.\u00a0<\/p>\n<p><strong>\u201cEsta es una fiesta de car\u00e1cter democr\u00e1tico, plural y participativo, donde las <\/strong><strong>ideas<\/strong> tienen que prevalecer frente a cualquier pr\u00e1ctica incorrecta\u201d, dijo Mazara.<\/p>\n<div class=\"w-full pt-2 float-left inside-related\">    <span class=\"border-b border-black pb-3 mb-4 block\"><strong>RELACIONADAS<\/strong><\/span>                                \n<div class=\"xl:w-2\/12 w-4\/12\">                                                                        <a href=\"https:\/\/www.diariolibre.com\/actualidad\/politica\/2023\/08\/17\/inscriben-precandidatura-de-luis-abinader\/2434433?utm_source=relacionadas&amp;utm_medium=nota&amp;utm_campaign=relacionadas\" title=\"                                                                                                                            \">                                                                                                                            <\/a>                                                            <\/div>\n<div class=\"xl:w-10\/12 w-8\/12 pl-3\">\n<div class=\"text-md mb-2 meta\">                        <a href=\"https:\/\/www.diariolibre.com\/actualidad\/politica\" title=\"Pol\u00edtica\">Pol\u00edtica<\/a>                    <\/div>\n<h2><a href=\"https:\/\/www.diariolibre.com\/actualidad\/politica\/2023\/08\/17\/inscriben-precandidatura-de-luis-abinader\/2434433?utm_source=relacionadas&amp;utm_medium=nota&amp;utm_campaign=relacionadas\" title=\"Milagros Ortiz Bosch inscribe la precandidatura presidencial de Luis Abinader en el PRM\">Milagros Ortiz Bosch inscribe la precandidatura presidencial de Luis Abinader en el PRM<\/a><\/h2>\n<\/div>\n<\/div>\n<h2><strong><\/strong><strong>Delia Josefina Ortiz<\/strong><\/h2>\n<p>La segunda persona en inscribirse fue <strong>Delia Josefina Ortiz<\/strong>, quien es la \u00fanica mujer aspirando a ser la <strong>candidata presidencial<\/strong> por el <strong>PRM<\/strong>. <\/p>\n<p>La precandidata, despu\u00e9s de entregar la documentaci\u00f3n, agradeci\u00f3 a la Comisi\u00f3n Nacional de Elecciones Internas (CNEI), del <strong>PRM<\/strong>, y destac\u00f3 sus deseos de resultar ganadora en las <strong>primarias<\/strong> del 1 de octubre del <strong>2023<\/strong>.<\/p>\n<h2><strong>Albuquerque<\/strong><\/h2>\n<p>Tambi\u00e9n Ram\u00f3n Alburquerque inscribi\u00f3 su <strong>precandidatura<\/strong> presidencial en el <strong>PRM<\/strong>, convirti\u00e9ndose en la tercera persona que aspira a la <strong>candidatura<\/strong> del partido oficialista. <\/p>\n<p>Albuquerque estuvo acompa\u00f1ado de una comitiva de dirigentes que apoyan sus aspiraciones y destac\u00f3 que espera que sus contendientes, incluido el presidente de la Rep\u00fablica <strong><\/strong><strong>Luis Abinader<\/strong>, cumplan con las <strong>leyes<\/strong> y la <strong>Constituci\u00f3n<\/strong>.<\/p>\n<p><strong>\u00abHemos cumplido fielmente con todos los elementos de la inscripci\u00f3n, por tanto, somos ahora candidato oficial, igual que los otros que puedan inscribirse, por esa raz\u00f3n estamos satisfechos con haber cumplido esta primara parte\u00bb, <\/strong>expres\u00f3\u00a0Alburquerque.<\/p>\n<p>Eijo que apuesta a que el proceso para la <strong>elecci\u00f3n<\/strong> del <strong><\/strong><strong>candidato presidencial<\/strong> del <strong>PRM<\/strong> se realice con <strong>transparencia<\/strong>.<\/p>\n<p><strong>\u00abVamos a apoyar, si hay <\/strong><strong>transparencia<\/strong> y si todo es como debe ser y sabemos que as\u00ed ser\u00e1, al que gane y el <strong>pueblo<\/strong> sabr\u00e1 escoger\u00bb, manifest\u00f3.<\/p>\n<p>Sobre si est\u00e1 en igualdad de condiciones para competir en contra de un presidente de la Rep\u00fablica que es precandidato a la presidencia, este se\u00f1al\u00f3 que no est\u00e1n en igualdad, pero si se cumplen las <strong>leyes,<\/strong> se pueden <strong>\u00abemparejar\u00bb.<\/strong><\/p>\n<p><strong>\u00abTenemos al <\/strong><strong>pueblo<\/strong> y \u00e9l (Abinader) el <strong>poder<\/strong>\u00ab, fue la respuesta de Albuquerque.<\/p>\n<p>Agradeci\u00f3 al partido por la <strong>organizaci\u00f3n<\/strong> <strong>\u00abeficaz\u00bb y \u00ab<\/strong><strong>respetuosa<\/strong>\u00bb para la inscripci\u00f3n de las pre<strong>candidatura<\/strong>s.<\/p>\n<div class=\"w-full pt-2 float-left inside-related\">    <span class=\"border-b border-black pb-3 mb-4 block\"><strong>RELACIONADAS<\/strong><\/span>                                \n<div class=\"xl:w-2\/12 w-4\/12\">                                                                        <a href=\"https:\/\/www.diariolibre.com\/actualidad\/politica\/2023\/08\/17\/ramon-alburquerque-inscribe-su-precandidatura-presidencial\/2434334?utm_source=relacionadas&amp;utm_medium=nota&amp;utm_campaign=relacionadas\" title=\"                                                                                                                            \">                                                                                                                            <\/a>                                                            <\/div>\n<div class=\"xl:w-10\/12 w-8\/12 pl-3\">\n<div class=\"text-md mb-2 meta\">                        <a href=\"https:\/\/www.diariolibre.com\/actualidad\/politica\" title=\"Pol\u00edtica\">Pol\u00edtica<\/a>                    <\/div>\n<h2><a href=\"https:\/\/www.diariolibre.com\/actualidad\/politica\/2023\/08\/17\/ramon-alburquerque-inscribe-su-precandidatura-presidencial\/2434334?utm_source=relacionadas&amp;utm_medium=nota&amp;utm_campaign=relacionadas\" title=\"Ram\u00f3n Alburquerque inscribe precandidatura presidencial en el PRM\">Ram\u00f3n Alburquerque inscribe precandidatura presidencial en el PRM<\/a><\/h2>\n<\/div>\n<\/div>\n<p><strong>Abinader <\/strong><\/p>\n<p>El cuarto en inscribirse fue<strong> Luis Abinader<\/strong> quien,\u00a0 no acudi\u00f3 personalmente, sino que autoriz\u00f3, a trav\u00e9s de un poder notarial, a Milagros Ortiz Bosch. Esta dep\u00f3sito la documentaci\u00f3n\u00a0 del mandatario.<\/p>\n<p>El <strong>poder especial <\/strong>otorgado por Abinader se\u00f1ala que, en su condici\u00f3n de dominicano mayor de edad, apodera a Ortiz Bosch para inscribirlo y participar en las primarias internas del <strong>PRM<\/strong>.<\/p>\n<p>\u201cHago uso del presente documento a fin de <strong>otorgar poder especial a la se\u00f1ora Milagros Ortiz Bosch<\/strong>, dominicana, mayor de edad y portadora de la c\u00e9dula electoral, para que,<strong> actuando en mi nombre y representaci\u00f3n<\/strong> y como si fuese yo mismo, <strong>proceda a inscribir mi nombre como precandidato del PRM para participar en las pr\u00f3ximas convenciones internas <\/strong>que habr\u00e1n de celebrarse para escoger el candidato presidencial de nuestro partido\u201d, se\u00f1ala el poder especial.\u00a0\u00a0<\/p>\n\n<p><strong>Milagros Ortiz Bosch<\/strong><span> firm\u00f3 el <\/span><strong>formulario de solicitud<\/strong><span> de inscripci\u00f3n y todos los <\/span><strong>documentos requeridos<\/strong><span> para el proceso.<\/span><\/p>\n<p><span>Las primarias ser\u00e1n con padr\u00f3n cerrado.<\/span><\/p>\n<div class=\"my-12 component web-insert relative border bg-component\">    <span class=\"text-xl block my-3 component-title glosa\"><strong>PRM deposita lista de postulantes a primarias<\/strong><\/span>    \n<p class=\"insert-subtitle\">\n<\/p><p>En horas de la tarde, la Comisi\u00f3n Nacional de Elecciones Internas (CNEI) del Partido Revolucionario Moderno (PRM) deposit\u00f3 ante la Junta Central Electoral (JCE) el listado oficial de los precandidatos que van a primarias el pr\u00f3ximo 1 de octubre.<\/p>\n<p>Deligne Ascenci\u00f3n, presidente del CNEI, manifest\u00f3 que fueron depositadas las cuatro precandidaturas en el nivel presidencial: Luis Abinader Corona, Delia Josefina Ortiz, Ram\u00f3n Alburquerque y Guido G\u00f3mez Mazara.<\/p>\n<p>Tambi\u00e9n fueron oficializadas 3,876 precandidaturas en los niveles de aspirantes a alcaldes, directores de distritos municipales, regidur\u00edas y vocal\u00edas.<\/p>\n<p>\u00abLe corresponde a la Junta Central Electoral organizar este proceso de primarias en los niveles antes mencionados\u00bb, precis\u00f3 Ascenci\u00f3n.<\/p>\n<\/div>\n<p><\/p>","protected":false},"excerpt":{"rendered":"<p>\u00a0 Cuatro dirigentes del Partido Revolucionario Moderno (PRM), formalizaron sus aspiraciones para la candidatura presidencial de esa organizaci\u00f3n pol\u00edtica, que ser\u00e1 escogida en sus elecciones primarias internas del pr\u00f3ximo 1 de octubre, de&#8230;<\/p>\n","protected":false},"author":0,"featured_media":16925,"comment_status":"open","ping_status":"open","sticky":false,"template":"","format":"standard","meta":{"footnotes":""},"categories":[1],"tags":[],"class_list":["post-16924","post","type-post","status-publish","format-standard","has-post-thumbnail","hentry","category-sin-categoria"],"_links":{"self":[{"href":"http:\/\/joelaybar.com\/wp\/wp-json\/wp\/v2\/posts\/16924","targetHints":{"allow":["GET"]}}],"collection":[{"href":"http:\/\/joelaybar.com\/wp\/wp-json\/wp\/v2\/posts"}],"about":[{"href":"http:\/\/joelaybar.com\/wp\/wp-json\/wp\/v2\/types\/post"}],"replies":[{"embeddable":true,"href":"http:\/\/joelaybar.com\/wp\/wp-json\/wp\/v2\/comments?post=16924"}],"version-history":[{"count":0,"href":"http:\/\/joelaybar.com\/wp\/wp-json\/wp\/v2\/posts\/16924\/revisions"}],"wp:featuredmedia":[{"embeddable":true,"href":"http:\/\/joelaybar.com\/wp\/wp-json\/wp\/v2\/media\/16925"}],"wp:attachment":[{"href":"http:\/\/joelaybar.com\/wp\/wp-json\/wp\/v2\/media?parent=16924"}],"wp:term":[{"taxonomy":"category","embeddable":true,"href":"http:\/\/joelaybar.com\/wp\/wp-json\/wp\/v2\/categories?post=16924"},{"taxonomy":"post_tag","embeddable":true,"href":"http:\/\/joelaybar.com\/wp\/wp-json\/wp\/v2\/tags?post=16924"}],"curies":[{"name":"wp","href":"https:\/\/api.w.org\/{rel}","templated":true}]}}