{"id":17054,"date":"1970-01-01T00:00:00","date_gmt":"1970-01-01T00:00:00","guid":{"rendered":"http:\/\/joelaybar.com\/wp\/1970\/01\/01\/provincias-en-alerta-verde-por-vaguada-suben-a-18-3\/"},"modified":"1970-01-01T00:00:00","modified_gmt":"1970-01-01T00:00:00","slug":"provincias-en-alerta-verde-por-vaguada-suben-a-18-3","status":"publish","type":"post","link":"http:\/\/joelaybar.com\/wp\/1970\/01\/01\/provincias-en-alerta-verde-por-vaguada-suben-a-18-3\/","title":{"rendered":"Provincias en alerta verde por vaguada suben a 18"},"content":{"rendered":"<p>El Centro de Operaciones de Emergencias (<strong>COE<\/strong>) increment\u00f3 el n\u00famero de provincias en <strong>alerta verde<\/strong> por los efectos de una <strong>vaguada<\/strong> sobre el pa\u00eds. Ahora son 18.\u00a0<\/p>\n<p>En su m\u00e1s reciente bolet\u00edn, el organismo incluy\u00f3 a <strong>Santiago, Puerto Plata y San Juan<\/strong> en el grupo de provincias bajo aviso. <\/p>\n<p>Ya estaban Santo Domingo, San Crist\u00f3bal, San Jos\u00e9 de Ocoa, <strong>Azua (en especial Padre Las Casas<\/strong>), Hato Mayor, Saman\u00e1, Monte Plata, Mar\u00eda Trinidad S\u00e1nchez, El Seibo, S\u00e1nchez Ram\u00edrez, Monse\u00f1or Nouel, San Pedro de Macor\u00eds, Duarte y La Vega. El Distrito Nacional tambi\u00e9n est\u00e1 bajo aviso.\u00a0<\/p>\n<p><!-- ctrlPlaceHolderImagen Inicio --><\/p>\n<div class=\"expand-img-placeholder\"><span class=\"rutaimagenoriginal-placeholder\">https:\/\/resources.diariolibre.com\/images\/2023\/08\/18\/provincias-en-alerta-verde-viernes-ef9f95e2.jpg<\/span><\/div>\n<p><!-- ctrlPlaceHolderImagen Final --><\/p>\n<p>La alerta emitida es en prevenci\u00f3n a posibles <strong>inundaciones repentinas o urbanas <\/strong>debido a las lluvias causadas por la combinaci\u00f3n de una <strong>vaguada<\/strong>, la humedad reinante y efectos indirectos de una zona de aguaceros.<\/p>\n<p>\u201c<strong>Se recomienda a las personas abstenerse de cruzar r\u00edos, arroyos y ca\u00f1adas que presenten alto vol\u00famenes de agua<\/strong> y no hacer uso de balnearios (r\u00edos), en las provincias bajo alerta\u201d, advierte el <strong>COE<\/strong>.<\/p>\n<div class=\"w-full pt-2 float-left inside-related\">    <span class=\"border-b border-black pb-3 mb-4 block\"><strong>RELACIONADAS<\/strong><\/span>                                \n<div class=\"xl:w-2\/12 w-4\/12\">                                                                        <a href=\"https:\/\/www.diariolibre.com\/planeta\/medioambiente\/2023\/08\/18\/aguaceros-fuertes-en-republica-dominicana\/2435219?utm_source=relacionadas&amp;utm_medium=nota&amp;utm_campaign=relacionadas\" title=\"                                                                                                                            \">                                                                                                                            <\/a>                                                            <\/div>\n<div class=\"xl:w-10\/12 w-8\/12 pl-3\">\n<div class=\"text-md mb-2 meta\">                        <a href=\"https:\/\/www.diariolibre.com\/planeta\/medioambiente\" title=\"Medio Ambiente\">Medio Ambiente<\/a>                    <\/div>\n<h2><a href=\"https:\/\/www.diariolibre.com\/planeta\/medioambiente\/2023\/08\/18\/aguaceros-fuertes-en-republica-dominicana\/2435219?utm_source=relacionadas&amp;utm_medium=nota&amp;utm_campaign=relacionadas\" title=\"Aguaceros fuertes este viernes sobre varias provincias por varios sistemas\">Aguaceros fuertes este viernes sobre varias provincias por varios sistemas<\/a><\/h2>\n<\/div>\n<\/div>\n<p>El organismo tambi\u00e9n exhorta a la poblaci\u00f3n y organismos de primera respuesta de las costas caribe\u00f1a y atl\u00e1ntica a \u201cdarle un estricto seguimiento a la restricci\u00f3n contenida en el informe marino de la Oficina Nacional de Meteorolog\u00eda (Onamet)\u201d.<\/p>\n<p>\u00abEn la costa Atl\u00e1ntica, se les recomienda a los operadores de fr\u00e1giles y peque\u00f1as embarcaciones a\u00a0<strong>permanecer en puerto\u00a0desde Cabo Enga\u00f1o (La Altagracia) hasta Miches (El Seibo)<\/strong> debido a viento y oleaje anormal. En las dem\u00e1s zonas costeras, se recomienda navegar con precauci\u00f3n\u00bb, dijo la Onamet.<\/p>\n<h2>Pron\u00f3stico este s\u00e1bado<\/h2>\n<p>Para este s\u00e1bado, el clima estar\u00e1 soleado en horas de la ma\u00f1ana debido a que se recudir\u00e1 la humedad y a que predominar\u00e1 una \u00abmasa de aire con valores de polvo del Sahara; por consiguiente, prevemos un cielo gris\u00e1ceo, soleado con nubes dispersas durante las horas matutinas a nivel nacional\u00bb.<\/p>\n<p>Sin embargo, Onamet no descarta que por la presencia de la <strong>vaguada<\/strong> se originen chubascos dispersos y aisladas tronadas en localidades del Gran Santo Domingo, El Seibo, San Pedro,\u00a0San Crist\u00f3bal, Peravia, San Jos\u00e9 de Ocoa, Monse\u00f1or Nouel,\u00a0 La Vega, San Juan, Santiago y El\u00edas Pi\u00f1a.<\/p>","protected":false},"excerpt":{"rendered":"<p>El Centro de Operaciones de Emergencias (COE) increment\u00f3 el n\u00famero de provincias en alerta verde por los efectos de una vaguada sobre el pa\u00eds. Ahora son 18.\u00a0 En su m\u00e1s reciente bolet\u00edn, el&#8230;<\/p>\n","protected":false},"author":0,"featured_media":17055,"comment_status":"open","ping_status":"open","sticky":false,"template":"","format":"standard","meta":{"footnotes":""},"categories":[1],"tags":[],"class_list":["post-17054","post","type-post","status-publish","format-standard","has-post-thumbnail","hentry","category-sin-categoria"],"_links":{"self":[{"href":"http:\/\/joelaybar.com\/wp\/wp-json\/wp\/v2\/posts\/17054","targetHints":{"allow":["GET"]}}],"collection":[{"href":"http:\/\/joelaybar.com\/wp\/wp-json\/wp\/v2\/posts"}],"about":[{"href":"http:\/\/joelaybar.com\/wp\/wp-json\/wp\/v2\/types\/post"}],"replies":[{"embeddable":true,"href":"http:\/\/joelaybar.com\/wp\/wp-json\/wp\/v2\/comments?post=17054"}],"version-history":[{"count":0,"href":"http:\/\/joelaybar.com\/wp\/wp-json\/wp\/v2\/posts\/17054\/revisions"}],"wp:featuredmedia":[{"embeddable":true,"href":"http:\/\/joelaybar.com\/wp\/wp-json\/wp\/v2\/media\/17055"}],"wp:attachment":[{"href":"http:\/\/joelaybar.com\/wp\/wp-json\/wp\/v2\/media?parent=17054"}],"wp:term":[{"taxonomy":"category","embeddable":true,"href":"http:\/\/joelaybar.com\/wp\/wp-json\/wp\/v2\/categories?post=17054"},{"taxonomy":"post_tag","embeddable":true,"href":"http:\/\/joelaybar.com\/wp\/wp-json\/wp\/v2\/tags?post=17054"}],"curies":[{"name":"wp","href":"https:\/\/api.w.org\/{rel}","templated":true}]}}