{"id":17156,"date":"1970-01-01T00:00:00","date_gmt":"1970-01-01T00:00:00","guid":{"rendered":"http:\/\/joelaybar.com\/wp\/1970\/01\/01\/asi-mataron-a-la-pareja-cristiana-de-villa-altagracia-9\/"},"modified":"1970-01-01T00:00:00","modified_gmt":"1970-01-01T00:00:00","slug":"asi-mataron-a-la-pareja-cristiana-de-villa-altagracia-9","status":"publish","type":"post","link":"http:\/\/joelaybar.com\/wp\/1970\/01\/01\/asi-mataron-a-la-pareja-cristiana-de-villa-altagracia-9\/","title":{"rendered":"As\u00ed mataron a la pareja cristiana de Villa Altagracia"},"content":{"rendered":"<p>Los agentes de la <strong>Polic\u00eda Nacional<\/strong> que ultimaron a la pareja de pastores evang\u00e9licos <strong>Elisa Mu\u00f1oz Marte<\/strong>, de 32 a\u00f1os de edad, y <strong>Joel Eusebio D\u00edaz<\/strong> Ferrer, de 35,\u00a0la noche del 30 de marzo del 2021 en el kil\u00f3metro 45 de la autopista Duarte, <strong>dispararon inmediatamente<\/strong> se detuvo el veh\u00edculo en que estos se desplazaban.\u00a0\u00a0\u00a0\u00a0\u00a0\u00a0\u00a0\u00a0\u00a0\u00a0\u00a0\u00a0\u00a0 <\/p>\n<p>As\u00ed lo aseguraron este viernes<strong> los dos hombres que acompa\u00f1aban a las v\u00edctimas<\/strong> en el mismo veh\u00edculo, al testificar ante el Tribunal Colegiado de <strong>Villa Altagracia<\/strong> en la segunda audiencia del juicio de fondo que se sigue a los procesados por el caso.\u00a0 \u00a0 \u00a0 \u00a0 \u00a0 \u00a0<\/p>\n<p>El tribunal lo integran los magistrados Massiel Ivette Alonso Rodr\u00edguez, Dante Ozuna Mercedes y Ana Hern\u00e1ndez M\u00e9ndez.\u00a0<\/p>\n<p><strong>Claudio Alberto Ram\u00edrez Lama\u00eds<\/strong>, quien result\u00f3 herido en el incidente, y <strong>Carlos Jos\u00e9 P\u00e9rez P\u00e1ez<\/strong>, dijeron que lo \u00fanico que pudieron ver es que hab\u00eda un <strong>ret\u00e9n policial<\/strong>, que fueron mandados a detener y cuando lo hicieron comenz\u00f3 una r\u00e1faga de disparos que impact\u00f3 a Joel y a Elisa, conductor y copiloto, respectivamente.\u00a0\u00a0\u00a0\u00a0\u00a0\u00a0\u00a0\u00a0\u00a0\u00a0\u00a0\u00a0\u00a0\u00a0\u00a0\u00a0\u00a0\u00a0\u00a0\u00a0 <\/p>\n<p>Relataron que dejaron de escuchar disparos unos instantes, pero que ante un leve movimiento que hizo el veh\u00edculo al parecer porque el conductor herido a\u00fan ten\u00eda accionada la marcha y perdi\u00f3 resistencia para mantener el freno aplicado, volvieron a escuchar otra r\u00e1faga de disparos, que se detuvo cuando el autom\u00f3vil tras moverse unos metros, se volvi\u00f3 a detener al impactar con uno de sus retrovisores a otro veh\u00edculo detenido delante.\u00a0\u00a0\u00a0\u00a0<\/p>\n<div class=\"w-full pt-2 float-left inside-related\">    <span class=\"border-b border-black pb-3 mb-4 block\"><strong>RELACIONADAS<\/strong><\/span>                                \n<div class=\"xl:w-2\/12 w-4\/12\">                                                                        <a href=\"https:\/\/www.diariolibre.com\/actualidad\/consternacion-en-villa-altagracia-por-el-asesinato-de-pareja-evangelica-pastores-piden-justicia-MH25338037?utm_source=relacionadas&amp;utm_medium=nota&amp;utm_campaign=relacionadas\" title=\"                                                                                                                            \">                                                                                                                            <\/a>                                                            <\/div>\n<div class=\"xl:w-10\/12 w-8\/12 pl-3\">\n<div class=\"text-md mb-2 meta\">                        <a href=\"https:\/\/www.diariolibre.com\/actualidad\/actualidad\" title=\"Actualidad\">Actualidad<\/a>                    <\/div>\n<h2><a href=\"https:\/\/www.diariolibre.com\/actualidad\/consternacion-en-villa-altagracia-por-el-asesinato-de-pareja-evangelica-pastores-piden-justicia-MH25338037?utm_source=relacionadas&amp;utm_medium=nota&amp;utm_campaign=relacionadas\" title=\"Consternaci\u00f3n en Villa Altagracia por el asesinato de pareja evang\u00e9lica; pastores piden justicia\">Consternaci\u00f3n en Villa Altagracia por el asesinato de pareja evang\u00e9lica; pastores piden justicia<\/a><\/h2>\n<\/div>\n<div class=\"xl:w-2\/12 w-4\/12\">                                                                        <a href=\"https:\/\/www.diariolibre.com\/actualidad\/sucesos\/muerte-a-tiros-de-esposos-evangelicos-a-manos-de-la-policia-conmueve-al-pais-BA25347053?utm_source=relacionadas&amp;utm_medium=nota&amp;utm_campaign=relacionadas\" title=\"                                                                                                                            \">                                                                                                                            <\/a>                                                            <\/div>\n<div class=\"xl:w-10\/12 w-8\/12 pl-3\">\n<div class=\"text-md mb-2 meta\">                        <a href=\"https:\/\/www.diariolibre.com\/actualidad\/sucesos\" title=\"Sucesos\">Sucesos<\/a>                    <\/div>\n<h2><a href=\"https:\/\/www.diariolibre.com\/actualidad\/sucesos\/muerte-a-tiros-de-esposos-evangelicos-a-manos-de-la-policia-conmueve-al-pais-BA25347053?utm_source=relacionadas&amp;utm_medium=nota&amp;utm_campaign=relacionadas\" title=\"Muerte a tiros de esposos evang\u00e9licos a manos de la Polic\u00eda conmueve al pa\u00eds\">Muerte a tiros de esposos evang\u00e9licos a manos de la Polic\u00eda conmueve al pa\u00eds<\/a><\/h2>\n<\/div>\n<\/div>\n<p>\u00abInmediatamente ellos (los agentes policiales) ven el carro <strong>comenzaron a apuntar y a franquear el carro.<\/strong> Yo nunca voy a pensar que es a nosotros, porque nosotros venimos de una actividad, yo vengo hasta de predicar\u00bb, dijo Claudio Alberto al relatar que su primera impresi\u00f3n fue que los hab\u00edan detenido a ellos con la finalidad de que alg\u00fan veh\u00edculo que viniera detr\u00e1s se viera forzado a pararse.\u00a0\u00a0\u00a0\u00a0\u00a0 <\/p>\n<p>\u00abAl momento que termina de pararse Joel, ah\u00ed empiezan los disparos. Comienza una<strong> lluvia de disparos desenfrenados<\/strong> e inmediatamente sentimos que les estaban impactando al veh\u00edculo, pero <strong>no sab\u00edamos lo que estaba pasando<\/strong>\u00ab, narr\u00f3 Carlos Jos\u00e9.\u00a0\u00a0\u00a0\u00a0\u00a0\u00a0\u00a0\u00a0\u00a0\u00a0\u00a0\u00a0\u00a0\u00a0\u00a0\u00a0\u00a0\u00a0\u00a0\u00a0\u00a0\u00a0\u00a0\u00a0\u00a0\u00a0\u00a0\u00a0\u00a0\u00a0\u00a0\u00a0\u00a0\u00a0\u00a0\u00a0\u00a0\u00a0\u00a0\u00a0\u00a0\u00a0\u00a0\u00a0\u00a0\u00a0\u00a0\u00a0\u00a0\u00a0\u00a0\u00a0\u00a0\u00a0\u00a0\u00a0\u00a0 <\/p>\n<p>Ambos hombres dijeron que desde que empezaron las detonaciones, hasta que concluyeron las dos rondas de disparos, permanecieron agachados en la parte trasera, hasta que los propios agentes abrieron las puertas,<strong> los sacaron, los esposaron y los trasladaron en dos motocicletas a la dotaci\u00f3n policial de Villa Altagracia<\/strong>, desde donde tras largo rato, los llevaron a un centro de salud para atender la herida de bala que ten\u00eda Claudio en su espalda y porque pensaban que Carlos Jos\u00e9 tambi\u00e9n estaba herido.\u00a0\u00a0\u00a0\u00a0\u00a0\u00a0\u00a0\u00a0\u00a0\u00a0\u00a0\u00a0\u00a0\u00a0\u00a0\u00a0\u00a0\u00a0\u00a0\u00a0\u00a0\u00a0\u00a0\u00a0\u00a0\u00a0\u00a0\u00a0\u00a0 <\/p>\n<p>Contaron que una vez all\u00ed fue cuando les comunicaron que Joel y Elisa hab\u00edan muerto y fueron devueltos al cuartel policial, donde se inici\u00f3 un interrogatorio que dur\u00f3 hasta la tarde del d\u00eda siguiente.\u00a0\u00a0\u00a0\u00a0<\/p>\n<h2>Defensa de cabo<\/h2>\n<p>En tanto que el cabo de la <strong>Polic\u00eda Nacional<\/strong>, Norquis Rodr\u00edguez Jim\u00e9nez, uno de los procesados, al hacer uso de su defensa material ante el tribunal, dijo que el ret\u00e9n estaba dirigido por el <strong>coronel C\u00e9sar Mar\u00ed\u00f1ez Lora<\/strong>, entonces comandante de la dotaci\u00f3n de <strong>Villa Altagracia<\/strong> y que se hab\u00eda montado en base a informaci\u00f3n servida por el operador de radio de Bonao que indicaba que un veh\u00edculo con varios ocupantes fuertemente armados y con caracter\u00edsticas similares a las del que viajaban los religiosos se dirig\u00eda desde ese municipio hacia Santo Domingo por la autopista Duarte tras haber cometido un asalto en esa zona, versi\u00f3n que ha sido dada desde el principio. Sostuvo no haber disparado, ni visto a quienes lo hicieron porque no integraba el grupo que hizo el alto.<\/p>\n<p><strong>Otros acusados<\/strong><\/p>\n<p>Por la muerte de <strong>Elisa Mu\u00f1oz Marte<\/strong> y <strong>Joel Eusebio D\u00edaz Ferrer,<\/strong> est\u00e1n siendo procesados tambi\u00e9n el segundo teniente Victorino Reyes Navarro, el sargento Domingo Perdomo Reyes, el cabo \u00c1ngel de los Santos y los rasos Anthony Castro P\u00e9rez, as\u00ed como los agentes Juan Samuel Ogando Sol\u00eds, Guillermo Rosario Melo y Emil Alexander Rinc\u00f3n Martes. <\/p>\n<p>Los esposos y sus acompa\u00f1antes se trasladaban hacia Santo Domingo a bordo de un carro marca Kia, modelo K5, color blanco, luego de haber participado en un evento religioso en el paraje Los Ganchos, del municipio <strong>Villa Altagracia<\/strong>.<\/p>\n<div class=\"w-full pt-2 float-left inside-related\">    <span class=\"border-b border-black pb-3 mb-4 block\"><strong>RELACIONADAS<\/strong><\/span>                                \n<div class=\"xl:w-2\/12 w-4\/12\">                                                                        <a href=\"https:\/\/www.diariolibre.com\/actualidad\/consternacion-en-villa-altagracia-por-el-asesinato-de-pareja-evangelica-pastores-piden-justicia-MH25338037?utm_source=relacionadas&amp;utm_medium=nota&amp;utm_campaign=relacionadas\" title=\"                                                                                                                            \">                                                                                                                            <\/a>                                                            <\/div>\n<div class=\"xl:w-10\/12 w-8\/12 pl-3\">\n<div class=\"text-md mb-2 meta\">                        <a href=\"https:\/\/www.diariolibre.com\/actualidad\/actualidad\" title=\"Actualidad\">Actualidad<\/a>                    <\/div>\n<h2><a href=\"https:\/\/www.diariolibre.com\/actualidad\/consternacion-en-villa-altagracia-por-el-asesinato-de-pareja-evangelica-pastores-piden-justicia-MH25338037?utm_source=relacionadas&amp;utm_medium=nota&amp;utm_campaign=relacionadas\" title=\"Consternaci\u00f3n en Villa Altagracia por el asesinato de pareja evang\u00e9lica; pastores piden justicia\">Consternaci\u00f3n en Villa Altagracia por el asesinato de pareja evang\u00e9lica; pastores piden justicia<\/a><\/h2>\n<\/div>\n<div class=\"xl:w-2\/12 w-4\/12\">                                                                        <a href=\"https:\/\/www.diariolibre.com\/actualidad\/sucesos\/muerte-a-tiros-de-esposos-evangelicos-a-manos-de-la-policia-conmueve-al-pais-BA25347053?utm_source=relacionadas&amp;utm_medium=nota&amp;utm_campaign=relacionadas\" title=\"                                                                                                                            \">                                                                                                                            <\/a>                                                            <\/div>\n<div class=\"xl:w-10\/12 w-8\/12 pl-3\">\n<div class=\"text-md mb-2 meta\">                        <a href=\"https:\/\/www.diariolibre.com\/actualidad\/sucesos\" title=\"Sucesos\">Sucesos<\/a>                    <\/div>\n<h2><a href=\"https:\/\/www.diariolibre.com\/actualidad\/sucesos\/muerte-a-tiros-de-esposos-evangelicos-a-manos-de-la-policia-conmueve-al-pais-BA25347053?utm_source=relacionadas&amp;utm_medium=nota&amp;utm_campaign=relacionadas\" title=\"Muerte a tiros de esposos evang\u00e9licos a manos de la Polic\u00eda conmueve al pa\u00eds\">Muerte a tiros de esposos evang\u00e9licos a manos de la Polic\u00eda conmueve al pa\u00eds<\/a><\/h2>\n<\/div>\n<\/div>","protected":false},"excerpt":{"rendered":"<p>Los agentes de la Polic\u00eda Nacional que ultimaron a la pareja de pastores evang\u00e9licos Elisa Mu\u00f1oz Marte, de 32 a\u00f1os de edad, y Joel Eusebio D\u00edaz Ferrer, de 35,\u00a0la noche del 30 de&#8230;<\/p>\n","protected":false},"author":0,"featured_media":17157,"comment_status":"open","ping_status":"open","sticky":false,"template":"","format":"standard","meta":{"footnotes":""},"categories":[1],"tags":[],"class_list":["post-17156","post","type-post","status-publish","format-standard","has-post-thumbnail","hentry","category-sin-categoria"],"_links":{"self":[{"href":"http:\/\/joelaybar.com\/wp\/wp-json\/wp\/v2\/posts\/17156","targetHints":{"allow":["GET"]}}],"collection":[{"href":"http:\/\/joelaybar.com\/wp\/wp-json\/wp\/v2\/posts"}],"about":[{"href":"http:\/\/joelaybar.com\/wp\/wp-json\/wp\/v2\/types\/post"}],"replies":[{"embeddable":true,"href":"http:\/\/joelaybar.com\/wp\/wp-json\/wp\/v2\/comments?post=17156"}],"version-history":[{"count":0,"href":"http:\/\/joelaybar.com\/wp\/wp-json\/wp\/v2\/posts\/17156\/revisions"}],"wp:featuredmedia":[{"embeddable":true,"href":"http:\/\/joelaybar.com\/wp\/wp-json\/wp\/v2\/media\/17157"}],"wp:attachment":[{"href":"http:\/\/joelaybar.com\/wp\/wp-json\/wp\/v2\/media?parent=17156"}],"wp:term":[{"taxonomy":"category","embeddable":true,"href":"http:\/\/joelaybar.com\/wp\/wp-json\/wp\/v2\/categories?post=17156"},{"taxonomy":"post_tag","embeddable":true,"href":"http:\/\/joelaybar.com\/wp\/wp-json\/wp\/v2\/tags?post=17156"}],"curies":[{"name":"wp","href":"https:\/\/api.w.org\/{rel}","templated":true}]}}