{"id":17404,"date":"1970-01-01T00:00:00","date_gmt":"1970-01-01T00:00:00","guid":{"rendered":"http:\/\/joelaybar.com\/wp\/1970\/01\/01\/explosion-en-san-cristobal-rostros-de-las-victimas-6\/"},"modified":"1970-01-01T00:00:00","modified_gmt":"1970-01-01T00:00:00","slug":"explosion-en-san-cristobal-rostros-de-las-victimas-6","status":"publish","type":"post","link":"http:\/\/joelaybar.com\/wp\/1970\/01\/01\/explosion-en-san-cristobal-rostros-de-las-victimas-6\/","title":{"rendered":"Explosi\u00f3n en San Crist\u00f3bal | Rostros de las v\u00edctimas"},"content":{"rendered":"<p>Todo nombre tiene detr\u00e1s una historia, tambi\u00e9n los de las 32 personas que, seg\u00fan confirmaron las autoridades, fallecieron a causa de la <strong>explosi\u00f3n<\/strong> ocurrida el pasado lunes 14 de agosto en San Crist\u00f3bal, la cual trunc\u00f3 una tarde normal y la convirti\u00f3 en un infierno de fuego, pesar y dolor.\u00a0<\/p>\n<p>La explosi\u00f3n, que ocurri\u00f3 pasadas las 3:00 de la tarde, en un \u00e1rea comercial de la ciudad de San Crist\u00f3bal, dej\u00f3 tambi\u00e9n m\u00e1s de 55 heridos y p\u00e9rdidas econ\u00f3micas millonarias.\u00a0<\/p>\n<p>El Centro de Operaciones y Emergencias (COE) inform\u00f3 que de los fallecidos reportados, hasta el momento, <strong>se han identificado trece cad\u00e1veres<\/strong>. Once de estos han sido entregados a sus familiares.<\/p>\n<p>Fue tras separar los restos calcinados, que el <strong>ministerio p\u00fablico<\/strong> aument\u00f3 a 32 el n\u00famero de <strong>v\u00edctimas<\/strong> mortales.<\/p>\n<p>La explosi\u00f3n ocurri\u00f3 en la calle Padre Ayala, destruy\u00f3 cuatro empresas y afect\u00f3 al menos a nueve establecimientos.<\/p>\n<p>Entre los muertos hay menores de edad, tambi\u00e9n padres y madres que dejaron a sus hijos hu\u00e9rfanos. Diario Libre les puso rostro a 22 nombres de las 32 <strong>v\u00edctimas<\/strong>, cada una con una historia que se trunc\u00f3, se las compartimos.<\/p>\n<p><\/p>\n<p><!-- ctrlPlaceHolderImagen Inicio --><\/p>\n<div class=\"my-12 component lista-imagenes border bg-component\">    <span class=\"text-xl block mt-3 mb-6 glosa component-title\"><strong>V\u00edctimas de la tragedia <br \/><\/strong><\/span>    \n<div class=\"expand-img-placeholder\"><span class=\"rutaimagenoriginal-placeholder\">https:\/\/resources.diariolibre.com\/images\/2023\/08\/20\/hector-21823c38.jpg<\/span><\/div>\n<div class=\"xl:w-9\/12 lg:w-8\/12 sm:w-8\/12 px-6 mb-3 item-description\"><span class=\"text-lg item-title\"><strong>H\u00c9CTOR RAM\u00d3N RAM\u00cdREZ CUELLO<\/strong><\/span>\n<p>H\u00e9ctor Ram\u00f3n Cuello, de 58 a\u00f1os, se encontraba realizando labores de mec\u00e1nica a las afueras de la tienda Toledo cuando ocurri\u00f3 la explosi\u00f3n.Sus parientes lo definieron como un hombre humilde, solidario, amable y \u00fanico, dispuesto a servir a los dem\u00e1s. No ten\u00eda hijos, sin embargo, contaba con el amor de sus sobrinos, ya que para ellos \u00e9l se gan\u00f3 el t\u00edtulo de padre por su buen coraz\u00f3n.<\/p>\n<\/div>\n<div class=\"expand-img-placeholder\"><span class=\"rutaimagenoriginal-placeholder\">https:\/\/resources.diariolibre.com\/images\/2023\/08\/20\/victor-b9157ffe.jpg<\/span><\/div>\n<div class=\"xl:w-9\/12 lg:w-8\/12 sm:w-8\/12 px-6 mb-3 item-description\"><span class=\"text-lg item-title\"><strong>V\u00cdCTOR MANUEL HERN\u00c1NDEZ<\/strong><\/span>\n<p>El joven de 30 a\u00f1os se dedicaba a la ebanister\u00eda y aprovech\u00f3 que un amigo le dar\u00eda un avent\u00f3n hasta la tienda textil Toledo, para comprar telas y forrar un comedor. V\u00edctor Manuel Hern\u00e1ndez hab\u00eda llegado a la tienda pocos minutos antes de producirse el estallido en las proximidades.<\/p>\n<\/div>\n<div class=\"expand-img-placeholder\"><span class=\"rutaimagenoriginal-placeholder\">https:\/\/resources.diariolibre.com\/images\/2023\/08\/20\/ana-yris-ce27401a.jpg<\/span><\/div>\n<div class=\"xl:w-9\/12 lg:w-8\/12 sm:w-8\/12 px-6 mb-3 item-description\"><span class=\"text-lg item-title\"><strong>ANA YRIS CRUCETA<\/strong><\/span>\n<p>Dej\u00f3 una ni\u00f1a de 12 a\u00f1os en la orfandad. Trabajaba en la tienda Toledo, en la segunda planta, y so\u00f1aba con darle un mejor futuro a su hija, quien no ha vuelto a   hablar luego de la tragedia. El padre de la ni\u00f1a, aunque ten\u00eda un tiempo separado de Ana Yris, la define como una mujer intachable, enfocada en  lo que se propon\u00eda y siempre con una sonrisa la cual iluminaba su rostro.<\/p>\n<\/div>\n<div class=\"expand-img-placeholder\"><span class=\"rutaimagenoriginal-placeholder\">https:\/\/resources.diariolibre.com\/images\/2023\/08\/20\/irma-64326e99.jpg<\/span><\/div>\n<div class=\"xl:w-9\/12 lg:w-8\/12 sm:w-8\/12 px-6 mb-3 item-description\"><span class=\"text-lg item-title\"><strong>IRMA ISABEL DIPR\u00c9<\/strong><\/span>\n<p>Ten\u00eda m\u00e1s de cinco a\u00f1os sirviendo como maestra de b\u00e1sica de una escuela p\u00fablica de San Crist\u00f3bal. Era un trabajo que realizaba con el coraz\u00f3n, debido a que lo m\u00e1s importante para ella era ense\u00f1ar e instruir a los ni\u00f1os. El d\u00eda de la explosi\u00f3n, Irma Isabel decidi\u00f3 acudir a la tienda Toledo a comprar un detalle para su casa. Justo cuando coordinaba con su esposo para que la pasara a buscar, quien estaba frente al local, ocurri\u00f3 la explosi\u00f3n que cort\u00f3 la llamada y su vida. Su esposo Carlos Jovanny Veras recibi\u00f3 quemaduras de tercer grado en gran parte de su cuerpo y recibe atenciones m\u00e9dicas en la unidad de quemados del Ney Arias Lora. Seg\u00fan coment\u00f3 un hermano de la v\u00edctima, Carlos Jovanny no ha perdido el conocimiento y pudo decir algunas palabras. Todav\u00eda no sabe lo ocurrido con su esposa. <\/p>\n<\/div>\n<div class=\"expand-img-placeholder\"><span class=\"rutaimagenoriginal-placeholder\">https:\/\/resources.diariolibre.com\/images\/2023\/08\/20\/luz-esther-35a1723a.jpg<\/span><\/div>\n<div class=\"xl:w-9\/12 lg:w-8\/12 sm:w-8\/12 px-6 mb-3 item-description\"><span class=\"text-lg item-title\"><strong>LUZ ESTHER MATEO GERM\u00c1N<\/strong><\/span>\n<p>La dama sali\u00f3  a comprar materiales a DT Ferreter\u00eda, uno de los edificios que result\u00f3 m\u00e1s afectado tras la explosi\u00f3n. Luz Esther estaba acompa\u00f1ada por a su esposo \u00c1ngel Luis Uribe y  Paulette Brea, una ni\u00f1a que ella cuidaba, de siete a\u00f1os. Viajaban en una camioneta blanca, la cual estaba estacionada en la zona del incendio y qued\u00f3 totalmente destruida por la explosi\u00f3n. La se\u00f1ora atend\u00eda a la menor mientras su madre llegaba del trabajo y, para no dejarla sola, se la llev\u00f3 junto a su pareja a comprar los materiales.<\/p>\n<\/div>\n<div class=\"expand-img-placeholder\"><span class=\"rutaimagenoriginal-placeholder\">https:\/\/resources.diariolibre.com\/images\/2023\/08\/20\/angel-luis-8d309e04.jpg<\/span><\/div>\n<div class=\"xl:w-9\/12 lg:w-8\/12 sm:w-8\/12 px-6 mb-3 item-description\"><span class=\"text-lg item-title\"><strong>\u00c1NGEL LUIS URIBE<\/strong><\/span>\n<p>\u00c1ngel Luis es el esposo de Luz Esther, con quien, seg\u00fan sus parientes, formaba una pareja cristiana que siempre trataba de actuar de manera correcta. \u00c9l conduc\u00eda el veh\u00edculo en el que llegaron a la ferreter\u00eda, que result\u00f3 totalmente destruida  por el incendio y la explosi\u00f3n. Resid\u00edan en Esteban\u00eda, Hatillo, en San Crist\u00f3bal.<\/p>\n<\/div>\n<div class=\"expand-img-placeholder\"><span class=\"rutaimagenoriginal-placeholder\">https:\/\/resources.diariolibre.com\/images\/2023\/08\/20\/paulette-0e378a48.jpg<\/span><\/div>\n<div class=\"xl:w-9\/12 lg:w-8\/12 sm:w-8\/12 px-6 mb-3 item-description\"><span class=\"text-lg item-title\"><strong>PAULETTE BREA<\/strong><\/span>\n<p>Era la ni\u00f1a de siete a\u00f1os que se encontraba con Luz Esther y \u00c1ngel Luis, cuando salieron a buscar unos materiales. Su padre, quien regres\u00f3 al pa\u00eds desde los Estados Unidos tras enterarse de la muerte de su hija, acudi\u00f3 junto a la madre de esta para realizarse la prueba de ADN y esperar respuestas de las autoridades de Inacif para determinar si  uno de los cad\u00e1veres encontrados bajo los escombros pertenece a su ni\u00f1a. La peque\u00f1a pasaba mucho tiempo con la pareja con la que muri\u00f3, quienes la trataban como si fuera su propia hija.<\/p>\n<\/div>\n<div class=\"expand-img-placeholder\"><span class=\"rutaimagenoriginal-placeholder\">https:\/\/resources.diariolibre.com\/images\/2023\/08\/20\/karina-03f68abf.jpg<\/span><\/div>\n<div class=\"xl:w-9\/12 lg:w-8\/12 sm:w-8\/12 px-6 mb-3 item-description\"><span class=\"text-lg item-title\"><strong>KARINA HEREDIA P\u00c9REZ<\/strong><\/span>\n<p>Karina Heredia, de 28 a\u00f1os, trabajaba como contadora de la tienda de textiles Toledo, en horario de 8:00 de la ma\u00f1ana a 6:00 de la tarde. Por lo que se encontraba en el establecimiento cuando ocurri\u00f3 la tragedia.<\/p>\n<\/div>\n<div class=\"expand-img-placeholder\"><span class=\"rutaimagenoriginal-placeholder\">https:\/\/resources.diariolibre.com\/images\/2023\/08\/20\/rafael-6004d23b.jpg<\/span><\/div>\n<div class=\"xl:w-9\/12 lg:w-8\/12 sm:w-8\/12 px-6 mb-3 item-description\"><span class=\"text-lg item-title\"><strong>RAFAEL SOLANO<\/strong><\/span>\n<p>El se\u00f1or Rafael Solano, de 60 a\u00f1os, se dedicaba a realizar labores de ebanista y resid\u00eda en el sector Lavapi\u00e9s, de San Crist\u00f3bal. El d\u00eda de la explosi\u00f3n acudi\u00f3 junto a su amigo Dar\u00edo Cuevas Cuevas en busca de unas telas a la tienda Toledo. Tiene tres hijos, dos hembras y un var\u00f3n, quienes est\u00e1n destrozados al hablar de que su padre era todo para ellos. Ahora enfrentan una vida sin su apoyo y presencia.<\/p>\n<\/div>\n<div class=\"expand-img-placeholder\"><span class=\"rutaimagenoriginal-placeholder\">https:\/\/resources.diariolibre.com\/images\/2023\/08\/20\/francis-b008eec1.jpg<\/span><\/div>\n<div class=\"xl:w-9\/12 lg:w-8\/12 sm:w-8\/12 px-6 mb-3 item-description\"><span class=\"text-lg item-title\"><strong>FRANCIS JULI\u00c1N MATEO ENCARNACI\u00d3N<\/strong><\/span>\n<p>El joven de 19 a\u00f1os trabajaba en la veterinaria La Esperanza, la cual result\u00f3 totalmente quemada durante la explosi\u00f3n. Su madre se encontraba en Inacif procurando su cad\u00e1ver, el cual fue identificado por una prenda que ten\u00eda y tambi\u00e9n porque no se quem\u00f3 totalmente. Aun as\u00ed, ser\u00e1 sometido a una prueba de ADN, como  lo requieren los dem\u00e1s fallecidos.<\/p>\n<\/div>\n<div class=\"expand-img-placeholder\"><span class=\"rutaimagenoriginal-placeholder\">https:\/\/resources.diariolibre.com\/images\/2023\/08\/20\/emil2_1.png<\/span><\/div>\n<div class=\"xl:w-9\/12 lg:w-8\/12 sm:w-8\/12 px-6 mb-3 item-description\"><span class=\"text-lg item-title\"><strong>EMIL FANUEL FIGUEREO B\u00c1EZ<\/strong><\/span>\n<p>\u201cFuiste un ser maravilloso en toda su expresi\u00f3n. Te amar\u00e9 y recordar\u00e9 cada d\u00eda de mi vida\u201d, fueron las palabras de un hermano de Figuereo, quien es otra de las v\u00edctimas de la explosi\u00f3n.A Emil, a quien cari\u00f1osamente le dec\u00edan Fane, lo definen como un buen hijo, excelente hermano, un esposo maravilloso, buen padre, pero, ante todo, un buen amigo.<\/p>\n<\/div>\n<div class=\"expand-img-placeholder\"><span class=\"rutaimagenoriginal-placeholder\">https:\/\/resources.diariolibre.com\/images\/2023\/08\/20\/jessica-289e4179.jpg<\/span><\/div>\n<div class=\"xl:w-9\/12 lg:w-8\/12 sm:w-8\/12 px-6 mb-3 item-description\"><span class=\"text-lg item-title\"><strong>JESSICA BRITO<\/strong><\/span>\n<p>Jessica Mar\u00eda Brito, de 25 a\u00f1os, acudi\u00f3 a la zona del desastre a comprar unos materiales a la tienda Toledo junto a su motorista de confianza, quien tambi\u00e9n perdi\u00f3 la vida. La dama dej\u00f3 tres hijos en la orfandad, menores de edad, uno de ellos padece de discapacidad psicomotora como secuela tras sufrir meningitis.<\/p>\n<\/div>\n<div class=\"expand-img-placeholder\"><span class=\"rutaimagenoriginal-placeholder\">https:\/\/resources.diariolibre.com\/images\/2023\/08\/20\/santo-3f137092.jpg<\/span><\/div>\n<div class=\"xl:w-9\/12 lg:w-8\/12 sm:w-8\/12 px-6 mb-3 item-description\"><span class=\"text-lg item-title\"><strong>SANTO MANUEL DE JES\u00daS<\/strong><\/span>\n<p>Santo, conocido cari\u00f1osamente como Ruddy, se dedicaba al motoconcho y hab\u00eda tomado el servicio para llevar a Jessica Brito. Con ella se traslad\u00f3 a la tienda Toledo. Justo cuando estaban llegando ocurri\u00f3 la terrible explosi\u00f3n.<\/p>\n<\/div>\n<div class=\"expand-img-placeholder\"><span class=\"rutaimagenoriginal-placeholder\">https:\/\/resources.diariolibre.com\/images\/2023\/08\/20\/ana-33f2f56e.jpg<\/span><\/div>\n<div class=\"xl:w-9\/12 lg:w-8\/12 sm:w-8\/12 px-6 mb-3 item-description\"><span class=\"text-lg item-title\"><strong>ANA ANLLELIN NIVAR TINEO<\/strong><\/span>\n<p>La dama, de 45 a\u00f1os, realizaba labores dom\u00e9sticas y hab\u00eda acudido a la tienda Toledo a comprar una tela. Dej\u00f3 tres hijos menores de edad en la orfandad.<\/p>\n<\/div>\n<div class=\"expand-img-placeholder\"><span class=\"rutaimagenoriginal-placeholder\">https:\/\/resources.diariolibre.com\/images\/2023\/08\/20\/reina-75069e6e.jpg<\/span><\/div>\n<div class=\"xl:w-9\/12 lg:w-8\/12 sm:w-8\/12 px-6 mb-3 item-description\"><span class=\"text-lg item-title\"><strong>REINA HEREDIA<\/strong><\/span>\n<p>Reina Heredia resid\u00eda en el sector Los Cantines y se encontraba en la f\u00e1brica de dep\u00f3sito de pl\u00e1sticos, donde se cree inici\u00f3 el incendio.<\/p>\n<\/div>\n<div class=\"expand-img-placeholder\"><span class=\"rutaimagenoriginal-placeholder\">https:\/\/resources.diariolibre.com\/images\/2023\/08\/20\/juan-mateo-44ad2c9c.jpg<\/span><\/div>\n<div class=\"xl:w-9\/12 lg:w-8\/12 sm:w-8\/12 px-6 mb-3 item-description\"><span class=\"text-lg item-title\"><strong>JUAN MATEO CASILLAS<\/strong><\/span>\n<p>El se\u00f1or Juan Mateo trabajaba en la tienda Toledo. No ten\u00eda hijos, sin embargo, una sobrina expres\u00f3 que para ella \u00e9l era el padre perfecto por el amor tal que le brindaba a ella y a sus hermanos.<\/p>\n<\/div>\n<div class=\"expand-img-placeholder\"><span class=\"rutaimagenoriginal-placeholder\">https:\/\/resources.diariolibre.com\/images\/2023\/08\/20\/faustino-fc572854.jpg<\/span><\/div>\n<div class=\"xl:w-9\/12 lg:w-8\/12 sm:w-8\/12 px-6 mb-3 item-description\"><span class=\"text-lg item-title\"><strong>FAUSTINO NIVAR DO\u00d1E<\/strong><\/span>\n<p>Ten\u00eda 50 a\u00f1os. Hab\u00eda salido con su esposa a la tienda Toledo en busca de una tela para tapizar un mueble. Sus familiares cre\u00edan que estaba ingresado en el hospital Juan Pablo Pina, sin embargo, no se trataba de su pariente. Dej\u00f3 a dos  ni\u00f1os hu\u00e9rfanos.<\/p>\n<\/div>\n<div class=\"expand-img-placeholder\"><span class=\"rutaimagenoriginal-placeholder\">https:\/\/resources.diariolibre.com\/images\/2023\/08\/20\/eridania-1035071f.jpg<\/span><\/div>\n<div class=\"xl:w-9\/12 lg:w-8\/12 sm:w-8\/12 px-6 mb-3 item-description\"><span class=\"text-lg item-title\"><strong>ERIDANIA JORGE<\/strong><\/span>\n<p>Ten\u00eda 32 a\u00f1os. Iba junto a su pareja Faustino Nivar en busca de una tela a la tienda Toledo al momento de la explosi\u00f3n.  La pareja dej\u00f3 dos ni\u00f1os en la orfandad.<\/p>\n<\/div>\n<div class=\"expand-img-placeholder\"><span class=\"rutaimagenoriginal-placeholder\">https:\/\/resources.diariolibre.com\/images\/2023\/08\/20\/mariela-0d156be0.jpg<\/span><\/div>\n<div class=\"xl:w-9\/12 lg:w-8\/12 sm:w-8\/12 px-6 mb-3 item-description\"><span class=\"text-lg item-title\"><strong>MARIELA ROSARIO<\/strong><\/span>\n<p>Ten\u00eda 22 a\u00f1os. Trabaja en la tienda Toledo e iba a iniciar la universidad. Quer\u00eda ser enfermera.  Su padre, Saury Rosario, la define como una joven tranquila, feliz y trabajadora.<\/p>\n<\/div>\n<div class=\"expand-img-placeholder\"><span class=\"rutaimagenoriginal-placeholder\">https:\/\/resources.diariolibre.com\/images\/2023\/08\/20\/reyes-b09600e4.jpg<\/span><\/div>\n<div class=\"xl:w-9\/12 lg:w-8\/12 sm:w-8\/12 px-6 mb-3 item-description\"><span class=\"text-lg item-title\"><strong>REYES SOTO ABAD<\/strong><\/span>\n<p>Ten\u00eda 31 a\u00f1os.  Vend\u00eda empanadas en la zona del desastre. Viv\u00eda en el barrio Los Molinas, de San Crist\u00f3bal. El 98 % de su cuerpo se quem\u00f3 y falleci\u00f3 en el hospital Juan Pablo Pina.<\/p>\n<\/div>\n<div class=\"expand-img-placeholder\"><span class=\"rutaimagenoriginal-placeholder\">https:\/\/resources.diariolibre.com\/images\/2023\/08\/20\/julio-e9802cce.jpg<\/span><\/div>\n<div class=\"xl:w-9\/12 lg:w-8\/12 sm:w-8\/12 px-6 mb-3 item-description\"><span class=\"text-lg item-title\"><strong>JULIO AGUST\u00cdN VITTINI CUEVAS<\/strong><\/span>\n<p>Julio, cari\u00f1osamente Chichi. Su hermano Ervin Vittini Cuevas, denunci\u00f3 en medios de comunicaci\u00f3n que el cuerpo fue entregado a otra familia.<\/p>\n<\/div>\n<div class=\"expand-img-placeholder\"><span class=\"rutaimagenoriginal-placeholder\">https:\/\/resources.diariolibre.com\/images\/2023\/08\/20\/jorgelina-77bb636b.jpg<\/span><\/div>\n<div class=\"xl:w-9\/12 lg:w-8\/12 sm:w-8\/12 px-6 mb-3 item-description\"><span class=\"text-lg item-title\"><strong>JORGELINA RAVELO ENCARNACI\u00d3N<\/strong><\/span>\n<p>Se desempe\u00f1aba como gestora del \u00c1rea de Negocios de la sucursal de Banreservas en San Crist\u00f3bal. La instituci\u00f3n lament\u00f3 su muerte.<\/p>\n<\/div>\n<div class=\"expand-img-placeholder\"><span class=\"rutaimagenoriginal-placeholder\">https:\/\/resources.diariolibre.com\/images\/2023\/08\/20\/steisy-438a4d75.jpg<\/span><\/div>\n<div class=\"xl:w-9\/12 lg:w-8\/12 sm:w-8\/12 px-6 mb-3 item-description\"><span class=\"text-lg item-title\"><strong>STEISY PINALES<\/strong><\/span>\n<p>Ten\u00eda 15 a\u00f1os. Fue una de las primeras v\u00edctimas de la explosi\u00f3n. Resid\u00eda en el paraje Semana Santa de este municipio. Estaba en  Toledo.<\/p>\n<\/div>\n<\/div>\n<p><!-- ctrlPlaceHolderImagen Final --><\/p>\n<h2>Investigaci\u00f3n del <strong>Ministerio P\u00fablico<\/strong> <\/h2>\n<p>El <strong>Ministerio P\u00fablico<\/strong> inform\u00f3 el pasado viernes que avanza sus investigaciones en torno a la explosi\u00f3n ocurrida el pasado lunes 14 de agosto en el municipio de San Crist\u00f3bal, cuyo origen ubica en la empresa Vidal Plast. <\/p>\n<p>El organismo adelant\u00f3 a trav\u00e9s de una nota de prensa que tiene a varias personas bajo investigaci\u00f3n y dijo que posee evidencias que \u00abcomprometen la responsabilidad penal de responsables que, con sus acciones, causaron da\u00f1os irreparables en la poblaci\u00f3n cristobalense\u00bb.<\/p>\n<p>\u00abEn el <strong>Ministerio P\u00fablico<\/strong> tenemos a varias personas bajo investigaci\u00f3n. Desde que se produjo la explosi\u00f3n y se inici\u00f3 el incendio los equipos de la fiscal\u00eda est\u00e1n movilizados con el apoyo de la Direcci\u00f3n General de Persecuci\u00f3n del <strong>Ministerio P\u00fablico<\/strong>\u00ab, indic\u00f3 Fadulia Rosa Rubio, fiscal titular de San Crist\u00f3bal, mediante una informaci\u00f3n enviada por la Procuradur\u00eda General de la Rep\u00fablica.<\/p>\n<div class=\"my-12 component web-insert relative border bg-component\">    <span class=\"text-xl block my-3 component-title glosa\"><strong> Madre narra c\u00f3mo se salv\u00f3<\/strong><\/span>    \n<p class=\"insert-subtitle\">\n<\/p><p>Rosa Mar\u00eda Morillo nunca olvidar\u00e1 c\u00f3mo se salv\u00f3 de la terrible explosi\u00f3n del lunes, 14 de agosto. Acudi\u00f3 a  la f\u00e1brica de pl\u00e1sticos en compa\u00f1\u00eda de su hija, de seis a\u00f1os, por la calle Padre Ayala para comprar materiales para el techo de zinc de su vivienda.\u00a0<\/p>\n<p>\u201cYo estaba en la orillita (de la f\u00e1brica), iba a dar unos pasos para entrar a pagar cuando dobl\u00e9 el pl\u00e1stico, que lo sacud\u00ed, ah\u00ed fue que pas\u00f3. Yo nada m\u00e1s dije: Carla, ven\u201d, detalla la mujer, quien sali\u00f3 disparada  del lugar tras la explosi\u00f3n. El pl\u00e1stico que ten\u00eda se me prendi\u00f3 encima, yo trat\u00e9 de defenderla (a la ni\u00f1a), ella se quem\u00f3 menos\u201d, narr\u00f3.<\/p>\n<\/div>","protected":false},"excerpt":{"rendered":"<p>Todo nombre tiene detr\u00e1s una historia, tambi\u00e9n los de las 32 personas que, seg\u00fan confirmaron las autoridades, fallecieron a causa de la explosi\u00f3n ocurrida el pasado lunes 14 de agosto en San Crist\u00f3bal,&#8230;<\/p>\n","protected":false},"author":0,"featured_media":17405,"comment_status":"open","ping_status":"open","sticky":false,"template":"","format":"standard","meta":{"footnotes":""},"categories":[1],"tags":[],"class_list":["post-17404","post","type-post","status-publish","format-standard","has-post-thumbnail","hentry","category-sin-categoria"],"_links":{"self":[{"href":"http:\/\/joelaybar.com\/wp\/wp-json\/wp\/v2\/posts\/17404","targetHints":{"allow":["GET"]}}],"collection":[{"href":"http:\/\/joelaybar.com\/wp\/wp-json\/wp\/v2\/posts"}],"about":[{"href":"http:\/\/joelaybar.com\/wp\/wp-json\/wp\/v2\/types\/post"}],"replies":[{"embeddable":true,"href":"http:\/\/joelaybar.com\/wp\/wp-json\/wp\/v2\/comments?post=17404"}],"version-history":[{"count":0,"href":"http:\/\/joelaybar.com\/wp\/wp-json\/wp\/v2\/posts\/17404\/revisions"}],"wp:featuredmedia":[{"embeddable":true,"href":"http:\/\/joelaybar.com\/wp\/wp-json\/wp\/v2\/media\/17405"}],"wp:attachment":[{"href":"http:\/\/joelaybar.com\/wp\/wp-json\/wp\/v2\/media?parent=17404"}],"wp:term":[{"taxonomy":"category","embeddable":true,"href":"http:\/\/joelaybar.com\/wp\/wp-json\/wp\/v2\/categories?post=17404"},{"taxonomy":"post_tag","embeddable":true,"href":"http:\/\/joelaybar.com\/wp\/wp-json\/wp\/v2\/tags?post=17404"}],"curies":[{"name":"wp","href":"https:\/\/api.w.org\/{rel}","templated":true}]}}